{"id":5564,"date":"2018-10-15T11:07:38","date_gmt":"2018-10-15T11:07:38","guid":{"rendered":"http:\/\/www.friaguinee.net\/?p=5564"},"modified":"2018-10-15T11:07:38","modified_gmt":"2018-10-15T11:07:38","slug":"arsyf-guinee-tenue-dune-assemblee-generale-a-conakry","status":"publish","type":"post","link":"http:\/\/www.friaguinee.net\/index.php\/2018\/10\/15\/arsyf-guinee-tenue-dune-assemblee-generale-a-conakry\/","title":{"rendered":"ARSYF-GUINEE: tenue d&rsquo;une assembl\u00e9e g\u00e9n\u00e9rale \u00e0 Conakry"},"content":{"rendered":"<p>\u00ab\u00a0Nos \u00e9nergies au service du d\u00e9veloppement \u00e0 la base\u00a0\u00bb, c\u2019est sous ce th\u00e8me que s\u2019est tenue l\u2019assembl\u00e9e g\u00e9n\u00e9rale de l\u2019Association des Ressortissants et Sympathisants de Fria (ARSYF) \u00e0 la Blue Zone de Kaloum ce samedi 13 octobre 2018.<\/p>\n<p>A l\u2019entame de cette rencontre \u00e0 laquelle les coordinations de Conakry, Fria, Baguinet, Banguigny, Torm\u00e8lin, Mamou et Kamsar ont pris part, Daouda Bangoura le pr\u00e9sident en exercice de la structure, a pr\u00e9sent\u00e9 son rapport moral, de son \u00e9lection \u00e0 la date de la tenue de l\u2019assembl\u00e9e g\u00e9n\u00e9rale.<img loading=\"lazy\" decoding=\"async\" class=\"size-medium wp-image-5567 alignleft\" src=\"http:\/\/www.friaguinee.net\/wp-content\/uploads\/2018\/10\/arsyf2-300x225.jpg\" alt=\"\" width=\"300\" height=\"225\" srcset=\"http:\/\/www.friaguinee.net\/wp-content\/uploads\/2018\/10\/arsyf2-300x225.jpg 300w, http:\/\/www.friaguinee.net\/wp-content\/uploads\/2018\/10\/arsyf2-80x60.jpg 80w, http:\/\/www.friaguinee.net\/wp-content\/uploads\/2018\/10\/arsyf2-265x198.jpg 265w, http:\/\/www.friaguinee.net\/wp-content\/uploads\/2018\/10\/arsyf2.jpg 373w\" sizes=\"auto, (max-width: 300px) 100vw, 300px\" \/><\/p>\n<p>Deux grands points ont marqu\u00e9 cette pr\u00e9sentation.<\/p>\n<p>Parlant des acquis, le pr\u00e9sident est revenu sur les enjeux de la cr\u00e9ation de cette association, le renforcement des relations avec les partenaires et l\u2019atteinte des objectifs vis\u00e9s.<\/p>\n<p>Quant aux d\u00e9fis \u00e0 relever, l\u2019institutionnalisation de l\u2019Association, le renforcement de la coh\u00e9sion sociale entre les membres et les coordinations\u00a0 ainsi que la relance des activit\u00e9s rurales sont entre autres objectifs \u00e0 atteindre.<\/p>\n<p>S&rsquo;en est suivi la pr\u00e9sentation des rapports moraux et financiers de \u00a0toutes les coordinations pr\u00e9sentes \u00e0 l&rsquo;Assembl\u00e9e G\u00e9n\u00e9rale qui s&rsquo;est tenue autour d&rsquo;un objectif : \u2018\u2019l&rsquo;unit\u00e9 retrouv\u00e9e\u2019\u2019 de voir toutes les coordinations rurales et urbaines autour du Bureau Ex\u00e9cutif de ARSYF-GUIN\u00c9E.<img loading=\"lazy\" decoding=\"async\" class=\"size-medium wp-image-5568 alignright\" src=\"http:\/\/www.friaguinee.net\/wp-content\/uploads\/2018\/10\/arsyf3-300x225.jpg\" alt=\"\" width=\"300\" height=\"225\" srcset=\"http:\/\/www.friaguinee.net\/wp-content\/uploads\/2018\/10\/arsyf3-300x225.jpg 300w, http:\/\/www.friaguinee.net\/wp-content\/uploads\/2018\/10\/arsyf3-80x60.jpg 80w, http:\/\/www.friaguinee.net\/wp-content\/uploads\/2018\/10\/arsyf3-265x198.jpg 265w, http:\/\/www.friaguinee.net\/wp-content\/uploads\/2018\/10\/arsyf3.jpg 373w\" sizes=\"auto, (max-width: 300px) 100vw, 300px\" \/><\/p>\n<p>La qualit\u00e9 de l&rsquo;organisation et le s\u00e9rieux qui ont sanctionn\u00e9 les pr\u00e9sentations et recommandations en un d\u00e9bat ouvert justifient \u00e0 suffisance qu\u2019 ARSYF-GUIN\u00c9E\u00a0n&rsquo;a pas dix ans de cr\u00e9ation pour rien.<\/p>\n<p>Pr\u00e9sent \u00e0 cette rencontre,\u00a0Abdoulaye Aziz Camara le Directeur pr\u00e9fectoral de a jeunesse de Fria a, avant de d\u00e9clar\u00e9 clos les travaux, f\u00e9licit\u00e9 l\u2019ONG ARSYF qu\u2019il a d\u2019ailleurs qualifi\u00e9 de r\u00e9f\u00e9rence parmi toutes les associations de Fria.<\/p>\n<p>D\u2019autres personnalit\u00e9s, telles que Ousmane Barry le Directeur des Micro R\u00e9alisations de Fria, Abdoulaye Diallo \u00a0le Directeur de la \u00a0radio \u2018\u2019voix de Fria\u2019\u2019et Cir\u00e9 Bah, ont marqu\u00e9 leur pr\u00e9sence en qualit\u00e9 d&rsquo;invit\u00e9s \u00a0\u00e0 cette Assembl\u00e9e G\u00e9n\u00e9rale au cours de laquelle la coordination de Torm\u00e8lin est sacr\u00e9e meilleure coordination de l\u2019ann\u00e9e.<\/p>\n","protected":false},"excerpt":{"rendered":"<p>\u00ab\u00a0Nos \u00e9nergies au service du d\u00e9veloppement \u00e0 la base\u00a0\u00bb, c\u2019est sous ce th\u00e8me que s\u2019est tenue l\u2019assembl\u00e9e g\u00e9n\u00e9rale de l\u2019Association des Ressortissants et Sympathisants de Fria (ARSYF) \u00e0 la Blue Zone de Kaloum ce samedi 13 octobre 2018. A l\u2019entame de cette rencontre \u00e0 laquelle les coordinations de Conakry, Fria, Baguinet, Banguigny, Torm\u00e8lin, Mamou et [&hellip;]<\/p>\n","protected":false},"author":2,"featured_media":5565,"comment_status":"open","ping_status":"open","sticky":false,"template":"","format":"standard","meta":{"footnotes":""},"categories":[9],"tags":[573,574,577,49,575,576],"class_list":["post-5564","post","type-post","status-publish","format-standard","has-post-thumbnail","hentry","category-publireportage","tag-arsyf","tag-assemblee","tag-bluezonz","tag-fria","tag-generale","tag-kaloum"],"_links":{"self":[{"href":"http:\/\/www.friaguinee.net\/index.php\/wp-json\/wp\/v2\/posts\/5564","targetHints":{"allow":["GET"]}}],"collection":[{"href":"http:\/\/www.friaguinee.net\/index.php\/wp-json\/wp\/v2\/posts"}],"about":[{"href":"http:\/\/www.friaguinee.net\/index.php\/wp-json\/wp\/v2\/types\/post"}],"author":[{"embeddable":true,"href":"http:\/\/www.friaguinee.net\/index.php\/wp-json\/wp\/v2\/users\/2"}],"replies":[{"embeddable":true,"href":"http:\/\/www.friaguinee.net\/index.php\/wp-json\/wp\/v2\/comments?post=5564"}],"version-history":[{"count":2,"href":"http:\/\/www.friaguinee.net\/index.php\/wp-json\/wp\/v2\/posts\/5564\/revisions"}],"predecessor-version":[{"id":5570,"href":"http:\/\/www.friaguinee.net\/index.php\/wp-json\/wp\/v2\/posts\/5564\/revisions\/5570"}],"wp:featuredmedia":[{"embeddable":true,"href":"http:\/\/www.friaguinee.net\/index.php\/wp-json\/wp\/v2\/media\/5565"}],"wp:attachment":[{"href":"http:\/\/www.friaguinee.net\/index.php\/wp-json\/wp\/v2\/media?parent=5564"}],"wp:term":[{"taxonomy":"category","embeddable":true,"href":"http:\/\/www.friaguinee.net\/index.php\/wp-json\/wp\/v2\/categories?post=5564"},{"taxonomy":"post_tag","embeddable":true,"href":"http:\/\/www.friaguinee.net\/index.php\/wp-json\/wp\/v2\/tags?post=5564"}],"curies":[{"name":"wp","href":"https:\/\/api.w.org\/{rel}","templated":true}]}}