{"id":5490,"date":"2018-10-07T13:13:48","date_gmt":"2018-10-07T13:13:48","guid":{"rendered":"http:\/\/www.friaguinee.net\/?p=5490"},"modified":"2018-10-07T13:13:48","modified_gmt":"2018-10-07T13:13:48","slug":"fria-baguinet-le-nouveau-maire-de-la-c-r-de-baguinet-affiche-ses-ambitions","status":"publish","type":"post","link":"http:\/\/www.friaguinee.net\/index.php\/2018\/10\/07\/fria-baguinet-le-nouveau-maire-de-la-c-r-de-baguinet-affiche-ses-ambitions\/","title":{"rendered":"Fria\/Baguinet\u00a0: le nouveau maire de la C.R de Baguinet affiche ses ambitions"},"content":{"rendered":"<p>Depuis hier samedi, les citoyens de la commune rurale de Baguinet connaissent le nom du nouveau maire.<\/p>\n<p>Il s\u2019appelle Seydouba \u2018\u2019Colbert\u2019\u2019 Camara, \u00e2g\u00e9 d\u2019une cinquantaine d\u2019ann\u00e9es.<\/p>\n<p>Lors d\u2019un entretien accord\u00e9 \u00e0 notre correspondant local, le nouvel \u00e9lu s\u2019est r\u00e9joui de son \u00e9lection.<\/p>\n<p>\u00abJe suis \u00e9lu aujourd&rsquo;hui Maire de la commune rurale de Baguinet. C&rsquo;est une fiert\u00e9 pour tous les Baguineka mais je vous dis je ne suis pas un maire mais plut\u00f4t un agent de d\u00e9veloppement\u00a0\u00bb a-t-il conifi\u00e9.<\/p>\n<p>Seydouba Camara, est conscient des d\u00e9fis \u00e0 r\u00e9lever et se fixe d\u00e9j\u00e0 des objectifs.<\/p>\n<p>\u00ab\u00a0Mon objectif sera \u00a0de d\u00e9velopper Baguinet cette sous-pr\u00e9fecture qui a connu 23 ans de retard sur le plan sanitaire, \u00e9ducatif, \u00e9conomique et social sans oublier le manque d\u2019infrastructures, les probl\u00e8mes d&rsquo;eau potable. Il est temps pour moi de faire face \u00e0 tous ces probl\u00e8mes en collaboration avec la jeunesse, les ressortissants, les femmes et les sages\u00a0\u00bb mart\u00e8le-t-il.<\/p>\n<p>Pour atteindre ses objectifs, le maire compte passer par certaines strat\u00e9gies.<\/p>\n<p>\u00ab\u00a0Je compte me battre aupr\u00e8s des partenaires au d\u00e9veloppement, les ONG, et les ressortissants pour faire bouger notre sous-pr\u00e9fecture de Baguinet qui est pr\u00e9sente dans toutes les activit\u00e9s culturelles , sportives et sociales de la pr\u00e9fecture en travaillant en commun accord avec le sous-pr\u00e9fet, le secr\u00e9taire g\u00e9n\u00e9ral, le receveur et les jeunes\u00a0\u00bb indique Seydouba Camara.<\/p>\n<p>Il a par ailleurs f\u00e9licit\u00e9 le maire sortant avant d\u2019indiquer que les anciennes pratiques ne marcheront avec lui.<\/p>\n<p>\u00ab\u00a0Mon papa Facinet Camara le maire sortant a fait son mieux. Le seul probl\u00e8me est qu\u2019il n&rsquo;\u00e9tait pas lettr\u00e9, on lui faisait signer des papiers sans lire le contenu en plus l&rsquo;argent de la sous-pr\u00e9fecture \u00e9tait partag\u00e9 par les fonctionnaires comme un g\u00e2teau \u00e0 cause de la mal gouvernance mais cela est termin\u00e9 car le bien de Baguinet sera pour Baguinet\u00a0\u00bb annonce-t-il.<\/p>\n<p>Pour finir, Seydouba Camara a invit\u00e9 tous les citoyens de Baguinet, \u00e0 se donner les mains pour faire bouger la Commune rurale qui est leur bien commun.<\/p>\n<p><strong>Thierno Amadou Diallo pour friaguinee.net<\/strong><\/p>\n","protected":false},"excerpt":{"rendered":"<p>Depuis hier samedi, les citoyens de la commune rurale de Baguinet connaissent le nom du nouveau maire. Il s\u2019appelle Seydouba \u2018\u2019Colbert\u2019\u2019 Camara, \u00e2g\u00e9 d\u2019une cinquantaine d\u2019ann\u00e9es. Lors d\u2019un entretien accord\u00e9 \u00e0 notre correspondant local, le nouvel \u00e9lu s\u2019est r\u00e9joui de son \u00e9lection. \u00abJe suis \u00e9lu aujourd&rsquo;hui Maire de la commune rurale de Baguinet. C&rsquo;est une [&hellip;]<\/p>\n","protected":false},"author":2,"featured_media":5491,"comment_status":"open","ping_status":"open","sticky":false,"template":"","format":"standard","meta":{"footnotes":""},"categories":[163],"tags":[86,49,555],"class_list":["post-5490","post","type-post","status-publish","format-standard","has-post-thumbnail","hentry","category-politique","tag-baguinet","tag-fria","tag-maire"],"_links":{"self":[{"href":"http:\/\/www.friaguinee.net\/index.php\/wp-json\/wp\/v2\/posts\/5490","targetHints":{"allow":["GET"]}}],"collection":[{"href":"http:\/\/www.friaguinee.net\/index.php\/wp-json\/wp\/v2\/posts"}],"about":[{"href":"http:\/\/www.friaguinee.net\/index.php\/wp-json\/wp\/v2\/types\/post"}],"author":[{"embeddable":true,"href":"http:\/\/www.friaguinee.net\/index.php\/wp-json\/wp\/v2\/users\/2"}],"replies":[{"embeddable":true,"href":"http:\/\/www.friaguinee.net\/index.php\/wp-json\/wp\/v2\/comments?post=5490"}],"version-history":[{"count":2,"href":"http:\/\/www.friaguinee.net\/index.php\/wp-json\/wp\/v2\/posts\/5490\/revisions"}],"predecessor-version":[{"id":5493,"href":"http:\/\/www.friaguinee.net\/index.php\/wp-json\/wp\/v2\/posts\/5490\/revisions\/5493"}],"wp:featuredmedia":[{"embeddable":true,"href":"http:\/\/www.friaguinee.net\/index.php\/wp-json\/wp\/v2\/media\/5491"}],"wp:attachment":[{"href":"http:\/\/www.friaguinee.net\/index.php\/wp-json\/wp\/v2\/media?parent=5490"}],"wp:term":[{"taxonomy":"category","embeddable":true,"href":"http:\/\/www.friaguinee.net\/index.php\/wp-json\/wp\/v2\/categories?post=5490"},{"taxonomy":"post_tag","embeddable":true,"href":"http:\/\/www.friaguinee.net\/index.php\/wp-json\/wp\/v2\/tags?post=5490"}],"curies":[{"name":"wp","href":"https:\/\/api.w.org\/{rel}","templated":true}]}}