{"id":549,"date":"2017-12-27T14:21:45","date_gmt":"2017-12-27T13:21:45","guid":{"rendered":"http:\/\/www.friaguinee.net\/?p=549"},"modified":"2017-12-27T14:21:45","modified_gmt":"2017-12-27T13:21:45","slug":"fristival-children-day-marie-fac-redonne-joie-aux-enfants-de-fria","status":"publish","type":"post","link":"http:\/\/www.friaguinee.net\/index.php\/2017\/12\/27\/fristival-children-day-marie-fac-redonne-joie-aux-enfants-de-fria\/","title":{"rendered":"\u00a0Fristival\u00a0: Children day, Marie Fac redonne la joie aux enfants de Fria"},"content":{"rendered":"<p>A la faveur du Fristival, une journ\u00e9e sp\u00e9ciale d\u00e9nomm\u00e9e \u2018\u2019 Children day\u2019\u2019 a \u00e9t\u00e9 organis\u00e9e ce Mardi 26 D\u00e9cembre pour apporter du bonheur aux enfants de Fria.<\/p>\n<p>La journ\u00e9e a d\u00e9marr\u00e9 par des jeux \u00a0et des distributions de cadeaux au terrain de basket.<\/p>\n<p><img loading=\"lazy\" decoding=\"async\" class=\"aligncenter size-medium wp-image-551\" src=\"http:\/\/www.friaguinee.net\/wp-content\/uploads\/2017\/12\/FB_IMG_1514329087084-300x225.jpg\" alt=\"\" width=\"300\" height=\"225\" srcset=\"http:\/\/www.friaguinee.net\/wp-content\/uploads\/2017\/12\/FB_IMG_1514329087084-300x225.jpg 300w, http:\/\/www.friaguinee.net\/wp-content\/uploads\/2017\/12\/FB_IMG_1514329087084-80x60.jpg 80w, http:\/\/www.friaguinee.net\/wp-content\/uploads\/2017\/12\/FB_IMG_1514329087084-265x198.jpg 265w, http:\/\/www.friaguinee.net\/wp-content\/uploads\/2017\/12\/FB_IMG_1514329087084.jpg 480w\" sizes=\"auto, (max-width: 300px) 100vw, 300px\" \/><\/p>\n<p>Le soir des milliers d\u2019enfants ont investi le stade Konko Sylla pour suivre la prestation de leur artiste pr\u00e9f\u00e9r\u00e9e Marie Fac ou la \u2018\u2019 voix des enfants\u2019\u2019.<\/p>\n<p>Cette derni\u00e8re a su s\u2019imposer et s\u00e9duire ses fans gr\u00e2ce \u00e0 son style.<\/p>\n<p>Moussa camara un enfant pr\u00e9sent sur les lieux se dit tr\u00e8s heureux de voir un tel \u00e9v\u00e9nement organis\u00e9 par les jeunes pour les enfants de la pr\u00e9fecture de Fria\u00a0: \u00ab\u00a0nous sommes tr\u00e8s contents de l&rsquo;arriv\u00e9e de Marie Fac pour les enfants de Fria si je compare cette ann\u00e9e et l&rsquo;ann\u00e9e derni\u00e8re cela est la meilleur ann\u00e9e de Fria , j&rsquo;aime cette chanteuse et tous les enfants l&rsquo;aiment et m\u00eame nos parents\u00a0\u00bb a-t-il d\u00e9clar\u00e9 .<\/p>\n<p><img loading=\"lazy\" decoding=\"async\" class=\"aligncenter size-medium wp-image-552\" src=\"http:\/\/www.friaguinee.net\/wp-content\/uploads\/2017\/12\/20171226_181317-300x180.jpg\" alt=\"\" width=\"300\" height=\"180\" srcset=\"http:\/\/www.friaguinee.net\/wp-content\/uploads\/2017\/12\/20171226_181317-300x180.jpg 300w, http:\/\/www.friaguinee.net\/wp-content\/uploads\/2017\/12\/20171226_181317-768x461.jpg 768w, http:\/\/www.friaguinee.net\/wp-content\/uploads\/2017\/12\/20171226_181317-1024x614.jpg 1024w, http:\/\/www.friaguinee.net\/wp-content\/uploads\/2017\/12\/20171226_181317-696x418.jpg 696w, http:\/\/www.friaguinee.net\/wp-content\/uploads\/2017\/12\/20171226_181317-1068x641.jpg 1068w, http:\/\/www.friaguinee.net\/wp-content\/uploads\/2017\/12\/20171226_181317-700x420.jpg 700w\" sizes=\"auto, (max-width: 300px) 100vw, 300px\" \/><\/p>\n<p>Plusieurs parents responsables n\u2019ont pas voulu laisser leurs touts petits assister seuls \u00e0 cet \u00e9v\u00e9nement de grande envergure qui s\u2019est tenu dans un stade archi-comble .Ils \u00e9taient aussi massivement repr\u00e9sent\u00e9s\u00a0:<\/p>\n<p>\u00ab\u00a0C&rsquo;est un plaisir pour moi d&rsquo;avoir une occasion d\u2019envoyer mes enfants \u00e0 cette f\u00eate et avoir des petits cadeaux. J&rsquo;encourage tous les parents qui ont envoy\u00e9 leurs enfants de profiter de ce beau temps\u00a0\u00bb a dit\u00a0 Mamadou Sylla, un parent venu accompagner ces enfants .<\/p>\n<figure id=\"attachment_553\" aria-describedby=\"caption-attachment-553\" style=\"width: 180px\" class=\"wp-caption aligncenter\"><img loading=\"lazy\" decoding=\"async\" class=\" td-modal-image wp-image-553 size-medium\" src=\"http:\/\/www.friaguinee.net\/wp-content\/uploads\/2017\/12\/26057842_1736845319956908_1843566879_n-180x300.jpg\" alt=\"MARIE FAC\" width=\"180\" height=\"300\" srcset=\"http:\/\/www.friaguinee.net\/wp-content\/uploads\/2017\/12\/26057842_1736845319956908_1843566879_n-180x300.jpg 180w, http:\/\/www.friaguinee.net\/wp-content\/uploads\/2017\/12\/26057842_1736845319956908_1843566879_n-252x420.jpg 252w, http:\/\/www.friaguinee.net\/wp-content\/uploads\/2017\/12\/26057842_1736845319956908_1843566879_n.jpg 576w\" sizes=\"auto, (max-width: 180px) 100vw, 180px\" \/><figcaption id=\"caption-attachment-553\" class=\"wp-caption-text\">MARIE FAC<\/figcaption><\/figure>\n<p>Du c\u00f4t\u00e9 de l&rsquo;artiste du jour, la joie est partag\u00e9e avec ses m\u00e9lomanes\u00a0 et invite les parents \u00e0 soutenir les enfants\u00ab\u00a0Je suis tr\u00e8s contente d&rsquo;\u00eatre \u00e0 FRIA aujourd&rsquo;hui avec les enfants qui sont mes. Je demande \u00e0 tous les parents \u00e0 aider les enfants et \u00e0 les soutenir dans tout ce qu&rsquo;ils font\u00a0\u00bb a souhait\u00e9 Marie Fac le chouchou des enfants<\/p>\n<p>Le\u00a0 \u2018\u2019children day\u2019\u2019 de cette deuxi\u00e8me \u00e9dition du Fristival fut un moment de partage et de communion parfaite entre les enfants et les organisateurs.<\/p>\n<p>Fatoumata Diaraye Diallo<\/p>\n<p><img loading=\"lazy\" decoding=\"async\" class=\"wp-image-554 alignleft\" src=\"http:\/\/www.friaguinee.net\/wp-content\/uploads\/2017\/12\/FB_IMG_1513984722373-1-176x300.jpg\" alt=\"\" width=\"50\" height=\"85\" srcset=\"http:\/\/www.friaguinee.net\/wp-content\/uploads\/2017\/12\/FB_IMG_1513984722373-1-176x300.jpg 176w, http:\/\/www.friaguinee.net\/wp-content\/uploads\/2017\/12\/FB_IMG_1513984722373-1-246x420.jpg 246w, http:\/\/www.friaguinee.net\/wp-content\/uploads\/2017\/12\/FB_IMG_1513984722373-1.jpg 254w\" sizes=\"auto, (max-width: 50px) 100vw, 50px\" \/><\/p>\n<p>620 25 57 11<\/p>\n","protected":false},"excerpt":{"rendered":"<p>A la faveur du Fristival, une journ\u00e9e sp\u00e9ciale d\u00e9nomm\u00e9e \u2018\u2019 Children day\u2019\u2019 a \u00e9t\u00e9 organis\u00e9e ce Mardi 26 D\u00e9cembre pour apporter du bonheur aux enfants de Fria. La journ\u00e9e a d\u00e9marr\u00e9 par des jeux \u00a0et des distributions de cadeaux au terrain de basket. Le soir des milliers d\u2019enfants ont investi le stade Konko Sylla pour [&hellip;]<\/p>\n","protected":false},"author":2,"featured_media":550,"comment_status":"open","ping_status":"open","sticky":false,"template":"","format":"standard","meta":{"footnotes":""},"categories":[8],"tags":[],"class_list":["post-549","post","type-post","status-publish","format-standard","has-post-thumbnail","hentry","category-culture"],"_links":{"self":[{"href":"http:\/\/www.friaguinee.net\/index.php\/wp-json\/wp\/v2\/posts\/549","targetHints":{"allow":["GET"]}}],"collection":[{"href":"http:\/\/www.friaguinee.net\/index.php\/wp-json\/wp\/v2\/posts"}],"about":[{"href":"http:\/\/www.friaguinee.net\/index.php\/wp-json\/wp\/v2\/types\/post"}],"author":[{"embeddable":true,"href":"http:\/\/www.friaguinee.net\/index.php\/wp-json\/wp\/v2\/users\/2"}],"replies":[{"embeddable":true,"href":"http:\/\/www.friaguinee.net\/index.php\/wp-json\/wp\/v2\/comments?post=549"}],"version-history":[{"count":0,"href":"http:\/\/www.friaguinee.net\/index.php\/wp-json\/wp\/v2\/posts\/549\/revisions"}],"wp:featuredmedia":[{"embeddable":true,"href":"http:\/\/www.friaguinee.net\/index.php\/wp-json\/wp\/v2\/media\/550"}],"wp:attachment":[{"href":"http:\/\/www.friaguinee.net\/index.php\/wp-json\/wp\/v2\/media?parent=549"}],"wp:term":[{"taxonomy":"category","embeddable":true,"href":"http:\/\/www.friaguinee.net\/index.php\/wp-json\/wp\/v2\/categories?post=549"},{"taxonomy":"post_tag","embeddable":true,"href":"http:\/\/www.friaguinee.net\/index.php\/wp-json\/wp\/v2\/tags?post=549"}],"curies":[{"name":"wp","href":"https:\/\/api.w.org\/{rel}","templated":true}]}}