{"id":5467,"date":"2018-10-05T16:31:51","date_gmt":"2018-10-05T16:31:51","guid":{"rendered":"http:\/\/www.friaguinee.net\/?p=5467"},"modified":"2018-10-05T16:31:51","modified_gmt":"2018-10-05T16:31:51","slug":"fria-des-chiens-errants-massacrent-des-animaux-domestiques","status":"publish","type":"post","link":"http:\/\/www.friaguinee.net\/index.php\/2018\/10\/05\/fria-des-chiens-errants-massacrent-des-animaux-domestiques\/","title":{"rendered":"Fria : des chiens errants massacrent des animaux domestiques !"},"content":{"rendered":"<p style=\"text-align: justify;\">Cette ann\u00e9e encore, les chiens errants ont commenc\u00e9 leur carnage dans la ville de Fria.<\/p>\n<p style=\"text-align: justify;\">Depuis plusieurs jours, des citoyens de plusieurs quartiers se plaignent d\u2019attaques de leurs animaux domestiques par des chiens.<\/p>\n<p style=\"text-align: justify;\">La derni\u00e8re victime s\u2019appelle Als\u00e9ny Keita. Ce citoyen du quartier Aviation a eu\u00a0 la d\u00e9sagr\u00e9able surprise de constater que les chiens errants ont r\u00e9ussi \u00e0 s\u2019introduire dans sa basse-cour et ont tu\u00e9 11 canards.<\/p>\n<p style=\"text-align: justify;\">Cette \u00e9ni\u00e8me victime des carnages des chiens errants de la ville se dit exc\u00e9d\u00e9e de voir ces animaux r\u00e9guli\u00e8rement tu\u00e9s par des chiens.<\/p>\n<p style=\"text-align: justify;\">\u00ab\u00a0<em>Je suis exc\u00e9d\u00e9 par ce que j\u2019ai subi. Les chiens sont venus aux environs de 2 heures du matin, ils ont offens\u00e9s ma cour on dirait des personnes, ils ont cass\u00e9 le poulailler et d\u00e9vor\u00e9 11 canards. Lorsque j\u2019ai entendu les bruits, je suis sorti de la maison mais ils \u00e9taient tr\u00e8s nombreux, ils d\u00e9passaient 10. J\u2019avais m\u00eame peur de m\u2019approcher d\u2019eux mais j\u2019ai pris mon courage \u00e0 deux mains, j\u2019ai lanc\u00e9 un caillou sur eux, ils se sont dispers\u00e9s mais j\u2019ai suivi un jusque dans la cour o\u00f9 il est entr\u00e9. Le lendemain je suis all\u00e9 me plaindre chez lui, il m\u2019a pr\u00e9sent\u00e9 ses excuses et c\u2019est moi qui suis perdant. Ce n&rsquo;est pas la premi\u00e8re fois, chaque fois ils tuent mes moutons et mes coqs. \u00e7a fait mal de perdre comme \u00e7a&#8230;<\/em>\u00a0 \u00bb regrette Als\u00e9ny Keita.<\/p>\n<p style=\"text-align: justify;\">Avant Als\u00e9ny Keita, un autre citoyen a lui aussi perdu, plusieurs brebis dans son enclos. Il pointe du doigt le manque de civisme de certaines personnes qui abandonnent leurs chiens dans les rues.<\/p>\n<p style=\"text-align: justify;\">\u00ab\u00a0<em>La fois derni\u00e8re, les chiens on tu\u00e9s deux brebis et des poules dans ma concession. La perte est \u00e9norme et moi j\u2019accuse personnellement les gens qui gardent des chiens chez eux pour par la suite les abandonner dans la rue. On ne dort pas la nuit \u00e0 cause non seulement de leurs aboiements mais aussi pour avoir une oreille tendue vers les enclos pour intervenir et prot\u00e9ger nos animaux en cas d\u2019attaque<\/em>\u00a0\u00bb d\u00e9nonce Mamadou Madiou Diallo.<\/p>\n<p style=\"text-align: justify;\">M\u2019Balia Camara, une autre citoyenne dont l\u2019enfant s\u2019est fait mordre l\u2019ann\u00e9e derni\u00e8re, invite les citoyens et les autorit\u00e9s \u00e0 prendre leurs responsabilit\u00e9s.<\/p>\n<p style=\"text-align: justify;\">\u00ab\u00a0<em>La nuit, on a m\u00eame peur de sortir par peur d\u2019\u00eatre attaqu\u00e9 par les chiens errants. L\u2019ann\u00e9e derni\u00e8re, mon fils a \u00e9t\u00e9 mordu par l\u2019un d\u2019eux, ses soins nous ont co\u00fbt\u00e9 tr\u00e8s cher. Cette ann\u00e9e aussi, ils ont commenc\u00e9 \u00e0 attaquer les gens. Il faut que les citoyens et les autorit\u00e9s prennent leurs responsabilit\u00e9s. Un citoyen qui a du mal \u00e0 se nourrir et nourrir sa famille, ne peut pas nourrir un chien, dans ce cas ce n\u2019est pas la peine d\u2019\u00e9lever un chien. Les autorit\u00e9s doivent envoyer des produits pour tuer ces animaux avant qu\u2019ils (les chiens errants) ne tuent quelqu\u2019un \u00e0 Fria ici<\/em>\u00a0\u00bb\u00a0 souligne-t-elle.<\/p>\n<p style=\"text-align: justify;\">Du c\u00f4t\u00e9 de la direction pr\u00e9fectorale de l\u2019\u00e9levage, c\u2019est silence radio.<\/p>\n<p style=\"text-align: justify;\">On se souvient tout de m\u00eame que l\u2019ann\u00e9e derni\u00e8re, le directeur de ce service, avait fait comprendre que l\u2019utilisation du produit permettant d\u2019exterminer les chiens errants est interdite et les ONG de d\u00e9fense des animaux veillent sur les massacres et sont pr\u00eates \u00e0 porter plainte contre les auteurs.<\/p>\n<p style=\"text-align: justify;\">Pour l\u2019heure, l\u2019esprit de civisme des propri\u00e9taires de chiens et la vigilance des propri\u00e9taires d\u2019animaux domestiques, sont les seuls moyens de lutte contre les morsures et les d\u00e9vorations par des chiens errants.<\/p>\n<p style=\"text-align: justify;\"><strong>Dj\u00e9nabou Batco Diallo<\/strong><\/p>\n<p>&nbsp;<\/p>\n","protected":false},"excerpt":{"rendered":"<p>Cette ann\u00e9e encore, les chiens errants ont commenc\u00e9 leur carnage dans la ville de Fria. Depuis plusieurs jours, des citoyens de plusieurs quartiers se plaignent d\u2019attaques de leurs animaux domestiques par des chiens. La derni\u00e8re victime s\u2019appelle Als\u00e9ny Keita. Ce citoyen du quartier Aviation a eu\u00a0 la d\u00e9sagr\u00e9able surprise de constater que les chiens errants [&hellip;]<\/p>\n","protected":false},"author":2,"featured_media":5468,"comment_status":"open","ping_status":"open","sticky":false,"template":"","format":"standard","meta":{"footnotes":""},"categories":[3],"tags":[551,548,552,549,49,550],"class_list":["post-5467","post","type-post","status-publish","format-standard","has-post-thumbnail","hentry","category-societe","tag-animaux","tag-chiens","tag-domestiques","tag-errants","tag-fria","tag-massacrent"],"_links":{"self":[{"href":"http:\/\/www.friaguinee.net\/index.php\/wp-json\/wp\/v2\/posts\/5467","targetHints":{"allow":["GET"]}}],"collection":[{"href":"http:\/\/www.friaguinee.net\/index.php\/wp-json\/wp\/v2\/posts"}],"about":[{"href":"http:\/\/www.friaguinee.net\/index.php\/wp-json\/wp\/v2\/types\/post"}],"author":[{"embeddable":true,"href":"http:\/\/www.friaguinee.net\/index.php\/wp-json\/wp\/v2\/users\/2"}],"replies":[{"embeddable":true,"href":"http:\/\/www.friaguinee.net\/index.php\/wp-json\/wp\/v2\/comments?post=5467"}],"version-history":[{"count":3,"href":"http:\/\/www.friaguinee.net\/index.php\/wp-json\/wp\/v2\/posts\/5467\/revisions"}],"predecessor-version":[{"id":5472,"href":"http:\/\/www.friaguinee.net\/index.php\/wp-json\/wp\/v2\/posts\/5467\/revisions\/5472"}],"wp:featuredmedia":[{"embeddable":true,"href":"http:\/\/www.friaguinee.net\/index.php\/wp-json\/wp\/v2\/media\/5468"}],"wp:attachment":[{"href":"http:\/\/www.friaguinee.net\/index.php\/wp-json\/wp\/v2\/media?parent=5467"}],"wp:term":[{"taxonomy":"category","embeddable":true,"href":"http:\/\/www.friaguinee.net\/index.php\/wp-json\/wp\/v2\/categories?post=5467"},{"taxonomy":"post_tag","embeddable":true,"href":"http:\/\/www.friaguinee.net\/index.php\/wp-json\/wp\/v2\/tags?post=5467"}],"curies":[{"name":"wp","href":"https:\/\/api.w.org\/{rel}","templated":true}]}}