{"id":5447,"date":"2018-10-04T09:08:24","date_gmt":"2018-10-04T09:08:24","guid":{"rendered":"http:\/\/www.friaguinee.net\/?p=5447"},"modified":"2018-10-04T09:08:24","modified_gmt":"2018-10-04T09:08:24","slug":"fria-une-morgue-transformee-en-magasin-de-stockage","status":"publish","type":"post","link":"http:\/\/www.friaguinee.net\/index.php\/2018\/10\/04\/fria-une-morgue-transformee-en-magasin-de-stockage\/","title":{"rendered":"Fria: une morgue transform\u00e9e en magasin de stockage"},"content":{"rendered":"<p>Depuis quelques temps, cadavres et mat\u00e9riels m\u00e9dicaux se retrouvent dans la m\u00eame salle, \u00e0 cause dit-on des travaux de r\u00e9novation et d\u2019extension de l\u2019h\u00f4pital pr\u00e9fectoral. C\u2019est d\u2019ailleurs l\u00e0 o\u00f9 est install\u00e9e la chambre froide dont l\u2019installation aurait co\u00fbt\u00e9 72 millions de francs guin\u00e9ens.<\/p>\n<p>C\u2019est ce mercredi que l\u2019ex pr\u00e9sident de la d\u00e9l\u00e9gation sp\u00e9ciale a fait cette d\u00e9couverte lors de la lev\u00e9e du corps d\u2019un cadre de la pr\u00e9fecture.<\/p>\n<p>Amara Traor\u00e9, tr\u00e8s remont\u00e9, trouve inadmissible que cet endroit soit transform\u00e9 en magasin de stockage.<\/p>\n<p>\u00ab\u00a0<em>Je suis d\u00e9boussol\u00e9 par ce que je vois, l\u2019\u00e9tat dans lequel se trouve la chambre froide qu\u2019un donateur a offert \u00e0 toute les entit\u00e9s de Fria sans distinction. Nous savons ce que nous avons travers\u00e9 pour que cette chambre froide soit install\u00e9e. C\u2019est inimaginable de la voir dans cet \u00e9tat, cela ne me laisse pas tranquille\u2026On ne peut pas transformer une chambre froide en un magasin de stockage de sorte qu\u2019il n\u2019y ait m\u00eame pas d&rsquo;espace o\u00f9 passer ou m\u00eame laver les corps.\u00a0<\/em><em>On pouvait comprendre techniquement si elle \u00e9tait en panne, la chambre froide fonctionne normalement. Comment on peut ne pas r\u00e9server du respect aux corps<\/em>\u2026\u00a0\u00bb regrette Amara Traor\u00e9.<\/p>\n<p>Du c\u00f4t\u00e9 de l\u2019h\u00f4pital pr\u00e9fectoral, une source nous a confi\u00e9 que la morgue, elle-m\u00eame concern\u00e9e par les travaux de r\u00e9novation, devrait \u00eatre ferm\u00e9e. Elle est rest\u00e9e ouverte pour soulager les citoyens. \u00ab\u00a0Les mat\u00e9riaux qui y sont stock\u00e9s ne d\u00e9rangent pas la chambre froide\u00a0\u00bb a rassur\u00e9 cette source.<\/p>\n<p>Les citoyens interrog\u00e9s d\u00e9noncent un manque de respect pour les personnes d\u00e9c\u00e9d\u00e9es.<\/p>\n<p>\u00ab\u00a0<em>J\u2019ai appris cette nouvelle, \u00e7a m\u2019a vraiment choqu\u00e9 pour deux raisons\u00a0: d\u2019abord parce que nous devons respecter les morts parce que nous serons comme eux, ensuite \u00e0 cause de la chambre froide qui est install\u00e9e l\u00e0-bas. La fois derni\u00e8re quand elle est tomb\u00e9e en panne, la mairie a dit qu\u2019elle a d\u00e9pens\u00e9 12 millions pour la r\u00e9parer, si elle tombe en panne encore, \u00e7a va p\u00e9naliser les gens. Ils doivent trouver un magasin o\u00f9 mettre leurs outils<\/em>\u00a0\u00bb indique Alpha Ousmane Bah.<\/p>\n<p>Amara Traor\u00e9 invite les responsables de l\u2019h\u00f4pital \u00e0 prendre les dispositions n\u00e9cessaires pour lib\u00e9rer cet espace.<\/p>\n<p>\u00ab\u00a0<em>Je \u00a0voudrais r\u00e9ellement que cette chambre froide revienne aux citoyens de Fria parce qu&rsquo;elle a \u00e9t\u00e9 install\u00e9e pour \u00a0eux. Un corps n&rsquo;a pas de couleur, n\u2019a pas de race, ni de religion, ni de communaut\u00e9<\/em>\u00a0\u00bb exhorte l\u2019ex pr\u00e9sident de la d\u00e9l\u00e9gation sp\u00e9ciale de la commune urbaine de Fria.<\/p>\n<p>Inform\u00e9e, la Direction pr\u00e9fectorale de la sant\u00e9 promet de prendre les dispositions n\u00e9cessaires pour trouver un autre endroit de stockage.<\/p>\n<p><strong>Dj\u00e9nabou Batco Diallo pour friaguinee.net<\/strong><\/p>\n","protected":false},"excerpt":{"rendered":"<p>Depuis quelques temps, cadavres et mat\u00e9riels m\u00e9dicaux se retrouvent dans la m\u00eame salle, \u00e0 cause dit-on des travaux de r\u00e9novation et d\u2019extension de l\u2019h\u00f4pital pr\u00e9fectoral. C\u2019est d\u2019ailleurs l\u00e0 o\u00f9 est install\u00e9e la chambre froide dont l\u2019installation aurait co\u00fbt\u00e9 72 millions de francs guin\u00e9ens. C\u2019est ce mercredi que l\u2019ex pr\u00e9sident de la d\u00e9l\u00e9gation sp\u00e9ciale a fait [&hellip;]<\/p>\n","protected":false},"author":2,"featured_media":5448,"comment_status":"open","ping_status":"open","sticky":false,"template":"","format":"standard","meta":{"footnotes":""},"categories":[2],"tags":[49,538,537],"class_list":["post-5447","post","type-post","status-publish","format-standard","has-post-thumbnail","hentry","category-actualites","tag-fria","tag-magasin","tag-morgue"],"_links":{"self":[{"href":"http:\/\/www.friaguinee.net\/index.php\/wp-json\/wp\/v2\/posts\/5447","targetHints":{"allow":["GET"]}}],"collection":[{"href":"http:\/\/www.friaguinee.net\/index.php\/wp-json\/wp\/v2\/posts"}],"about":[{"href":"http:\/\/www.friaguinee.net\/index.php\/wp-json\/wp\/v2\/types\/post"}],"author":[{"embeddable":true,"href":"http:\/\/www.friaguinee.net\/index.php\/wp-json\/wp\/v2\/users\/2"}],"replies":[{"embeddable":true,"href":"http:\/\/www.friaguinee.net\/index.php\/wp-json\/wp\/v2\/comments?post=5447"}],"version-history":[{"count":2,"href":"http:\/\/www.friaguinee.net\/index.php\/wp-json\/wp\/v2\/posts\/5447\/revisions"}],"predecessor-version":[{"id":5450,"href":"http:\/\/www.friaguinee.net\/index.php\/wp-json\/wp\/v2\/posts\/5447\/revisions\/5450"}],"wp:featuredmedia":[{"embeddable":true,"href":"http:\/\/www.friaguinee.net\/index.php\/wp-json\/wp\/v2\/media\/5448"}],"wp:attachment":[{"href":"http:\/\/www.friaguinee.net\/index.php\/wp-json\/wp\/v2\/media?parent=5447"}],"wp:term":[{"taxonomy":"category","embeddable":true,"href":"http:\/\/www.friaguinee.net\/index.php\/wp-json\/wp\/v2\/categories?post=5447"},{"taxonomy":"post_tag","embeddable":true,"href":"http:\/\/www.friaguinee.net\/index.php\/wp-json\/wp\/v2\/tags?post=5447"}],"curies":[{"name":"wp","href":"https:\/\/api.w.org\/{rel}","templated":true}]}}