{"id":5267,"date":"2018-09-22T09:21:57","date_gmt":"2018-09-22T09:21:57","guid":{"rendered":"http:\/\/www.friaguinee.net\/?p=5267"},"modified":"2018-09-22T09:21:57","modified_gmt":"2018-09-22T09:21:57","slug":"france-pres-de-1500-personnes-tuees-par-la-canicule-cette-annee","status":"publish","type":"post","link":"http:\/\/www.friaguinee.net\/index.php\/2018\/09\/22\/france-pres-de-1500-personnes-tuees-par-la-canicule-cette-annee\/","title":{"rendered":"France: pr\u00e8s de 1500 personnes tu\u00e9es par la canicule cette ann\u00e9e"},"content":{"rendered":"<p>La vague de chaleur qui s\u2019est abattue sur la France fin juillet-d\u00e9but ao\u00fbt a entra\u00een\u00e9 la mort de 1.480 personnes, soit dix fois moins qu\u2019en 2003, selon le bilan national sur la canicule pr\u00e9sent\u00e9 vendredi par la ministre de la Sant\u00e9, Agn\u00e8s Buzyn. \u201cLa surmortalit\u00e9, qui accompagne syst\u00e9matiquement les \u00e9pisodes de canicule a \u00e9t\u00e9 limit\u00e9e compte tenu de l\u2019intensit\u00e9 de l\u2019\u00e9pisode subi cette ann\u00e9e: 1.480 d\u00e9c\u00e8s suppl\u00e9mentaires ont \u00e9t\u00e9 enregistr\u00e9s par rapport \u00e0 la moyenne observ\u00e9e aux m\u00eames p\u00e9riodes des ann\u00e9es sans \u00e9pisode de canicule\u201d, peut-on lire dans le communiqu\u00e9 de presse.<\/p>\n<p>\u201c\u00c7a repr\u00e9sente dix fois mois que la canicule de 2003 et moins que les autres \u00e9pisodes caniculaires que nous avons v\u00e9cus ces derni\u00e8res ann\u00e9es\u201d, a dit la ministre de la Sant\u00e9 sur CNews. La canicule de 2003 avait entra\u00een\u00e9 une surmortalit\u00e9 de l\u2019ordre de 15.000 d\u00e9c\u00e8s, celle de 2006 de 2.100 d\u00e9c\u00e8s et celle de 2015, dont les caract\u00e9ristiques sont comparables \u00e0 celle de cette ann\u00e9e, de 1.739 d\u00e9c\u00e8s, selon le bilan.<\/p>\n<p>Pour la ministre, \u201cla pr\u00e9vention a port\u00e9 ses fruits\u201d. \u201cLes h\u00f4pitaux n\u2019ont pas \u00e9t\u00e9 pris d\u2019assaut par des personnes en tr\u00e8s grosse difficult\u00e9\u201d, dit-elle. Pr\u00e8s de 0,55% des passages aux urgences entre le 1er juin et le 15 septembre \u00e9taient li\u00e9s \u00e0 la chaleur, selon le rapport. La p\u00e9riode de canicule a \u00e9t\u00e9 observ\u00e9e du 24 juillet au 8 ao\u00fbt dans 67 d\u00e9partements, soit la plus longue vague de chaleur connue en France depuis 2006.<\/p>\n<p>Face au r\u00e9chauffement climatique et la r\u00e9currence de ces \u00e9pisodes, \u201cil faut s\u2019organiser autrement\u201d, dit Agn\u00e8s Buzyn. \u201cAujourd\u2019hui, c\u2019est une organisation citoyenne (&#8230;) mais je pense aussi qu\u2019il faut organiser nos villes pour qu\u2019elles ne retiennent pas la chaleur aujourd\u2019hui.\u201d Pour Christian Prud\u2019homme, porte-parole de l\u2019Association des M\u00e9decins urgentistes de France,<\/p>\n<p>\u201cles collectivit\u00e9s locales ont fait d\u2019\u00e9normes efforts en terme de recensement, d\u2019accompagnement des gens qui restent \u00e0 domicile\u201d afin de limiter l\u2019impact. Il en appelle cependant \u00e0 la \u201cresponsabilit\u00e9 de l\u2019Etat\u201d. Les moyens mis \u00e0 disposition des maisons de retraites pour les \u201cpersonnes les plus fragiles (&#8230;) n\u2019ont pas \u00e9t\u00e9 au rendez-vous\u201d, a-t-il dit sur BFMTV.<\/p>\n<p>REUTERS<\/p>\n","protected":false},"excerpt":{"rendered":"<p>La vague de chaleur qui s\u2019est abattue sur la France fin juillet-d\u00e9but ao\u00fbt a entra\u00een\u00e9 la mort de 1.480 personnes, soit dix fois moins qu\u2019en 2003, selon le bilan national sur la canicule pr\u00e9sent\u00e9 vendredi par la ministre de la Sant\u00e9, Agn\u00e8s Buzyn. \u201cLa surmortalit\u00e9, qui accompagne syst\u00e9matiquement les \u00e9pisodes de canicule a \u00e9t\u00e9 limit\u00e9e [&hellip;]<\/p>\n","protected":false},"author":2,"featured_media":5270,"comment_status":"open","ping_status":"open","sticky":false,"template":"","format":"standard","meta":{"footnotes":""},"categories":[43],"tags":[],"class_list":["post-5267","post","type-post","status-publish","format-standard","has-post-thumbnail","hentry","category-monde"],"_links":{"self":[{"href":"http:\/\/www.friaguinee.net\/index.php\/wp-json\/wp\/v2\/posts\/5267","targetHints":{"allow":["GET"]}}],"collection":[{"href":"http:\/\/www.friaguinee.net\/index.php\/wp-json\/wp\/v2\/posts"}],"about":[{"href":"http:\/\/www.friaguinee.net\/index.php\/wp-json\/wp\/v2\/types\/post"}],"author":[{"embeddable":true,"href":"http:\/\/www.friaguinee.net\/index.php\/wp-json\/wp\/v2\/users\/2"}],"replies":[{"embeddable":true,"href":"http:\/\/www.friaguinee.net\/index.php\/wp-json\/wp\/v2\/comments?post=5267"}],"version-history":[{"count":1,"href":"http:\/\/www.friaguinee.net\/index.php\/wp-json\/wp\/v2\/posts\/5267\/revisions"}],"predecessor-version":[{"id":5272,"href":"http:\/\/www.friaguinee.net\/index.php\/wp-json\/wp\/v2\/posts\/5267\/revisions\/5272"}],"wp:featuredmedia":[{"embeddable":true,"href":"http:\/\/www.friaguinee.net\/index.php\/wp-json\/wp\/v2\/media\/5270"}],"wp:attachment":[{"href":"http:\/\/www.friaguinee.net\/index.php\/wp-json\/wp\/v2\/media?parent=5267"}],"wp:term":[{"taxonomy":"category","embeddable":true,"href":"http:\/\/www.friaguinee.net\/index.php\/wp-json\/wp\/v2\/categories?post=5267"},{"taxonomy":"post_tag","embeddable":true,"href":"http:\/\/www.friaguinee.net\/index.php\/wp-json\/wp\/v2\/tags?post=5267"}],"curies":[{"name":"wp","href":"https:\/\/api.w.org\/{rel}","templated":true}]}}