{"id":50123,"date":"2024-03-01T12:17:47","date_gmt":"2024-03-01T12:17:47","guid":{"rendered":"http:\/\/www.friaguinee.net\/?p=50123"},"modified":"2024-03-01T12:17:49","modified_gmt":"2024-03-01T12:17:49","slug":"primature-le-premier-ministre-amadou-oury-bah-installe-dans-ses-fonctions","status":"publish","type":"post","link":"http:\/\/www.friaguinee.net\/index.php\/2024\/03\/01\/primature-le-premier-ministre-amadou-oury-bah-installe-dans-ses-fonctions\/","title":{"rendered":"Primature\u00a0: le Premier ministre, Amadou Oury BAH install\u00e9 dans ses fonctions"},"content":{"rendered":"\n<p><strong>Conakry, 29 f\u00e9vrier 2024 \u2013 48 heures apr\u00e8s sa nomination, le Premier Ministre, Chef du Gouvernement Amadou Oury Bah a \u00e9t\u00e9 officiellement install\u00e9 dans ses fonctions par le Ministre Secr\u00e9taire G\u00e9n\u00e9ral de la Pr\u00e9sidence de la R\u00e9publique, le G\u00e9n\u00e9ral Amara Camara.<\/strong><\/p>\n\n\n\n<figure class=\"wp-block-image\"><img decoding=\"async\" src=\"https:\/\/www.lerenifleur224.com\/wp-content\/uploads\/2024\/02\/PHOTO-2024-02-29-20-50-20-1-1024x501.jpg\" alt=\"\" class=\"wp-image-17200\"\/><\/figure>\n\n\n\n<p>La c\u00e9r\u00e9monie d\u2019installation \u00e0 la Primature a connu la pr\u00e9sence des membres du CNRD, du cabinet civil de la Pr\u00e9sidence de la R\u00e9publique, du cabinet de la Primature, des Secr\u00e9taires G\u00e9n\u00e9raux des d\u00e9partements minist\u00e9riels et de quelques acteurs politiques.<\/p>\n\n\n\n<figure class=\"wp-block-image\"><img decoding=\"async\" src=\"https:\/\/www.lerenifleur224.com\/wp-content\/uploads\/2024\/02\/PHOTO-2024-02-29-20-50-18-1024x873.jpg\" alt=\"\" class=\"wp-image-17201\"\/><\/figure>\n\n\n\n<p>Le Ministre Secr\u00e9taire G\u00e9n\u00e9ral de la Pr\u00e9sidence de la R\u00e9publique a lou\u00e9 les efforts d\u00e9ploy\u00e9s par le Premier Ministre sortant, le Dr. Bernard Goumou, durant les 18 mois pass\u00e9s \u00e0 la t\u00eate du Gouvernement. Il a notamment cit\u00e9 la conduite du dialogue social sur toute l\u2019\u00e9tendue du territoire national, les chantiers des infrastructures a\u00e9roportuaires et routi\u00e8res, la gestion de la crise li\u00e9e \u00e0 l\u2019incendie du d\u00e9p\u00f4t d\u2019hydrocarbures de Kaloum, l\u2019assainissement du fichier de la Fonction publique, et la signature des contrats de performance avec les minist\u00e8res.<\/p>\n\n\n\n<figure class=\"wp-block-image\"><img decoding=\"async\" src=\"https:\/\/www.lerenifleur224.com\/wp-content\/uploads\/2024\/02\/PHOTO-2024-02-29-20-50-18-3-1024x728.jpg\" alt=\"\" class=\"wp-image-17202\"\/><\/figure>\n\n\n\n<p>Par la suite, le G\u00e9n\u00e9ral Amara Camara a rappel\u00e9 au nouveau locataire du Palais de la Colombe les responsabilit\u00e9s qui incombent \u00e0 un Chef du Gouvernement dans l\u2019exercice de ses fonctions, avant d\u2019ajouter les qualit\u00e9s n\u00e9cessaires pour mener \u00e0 bien ses missions : int\u00e9grit\u00e9, discernement et d\u00e9vouement.<\/p>\n\n\n\n<p>\u00ab Tout ce qui a un commencement a une fin \u00bb, a introduit pour sa part le docteur Bernard Goumou. Il a rendu gr\u00e2ce \u00e0 Dieu et exprim\u00e9 sa reconnaissance envers le Pr\u00e9sident de la R\u00e9publique pour la confiance et le soutien \u00ab exceptionnel \u00bb dont il a b\u00e9n\u00e9fici\u00e9 dans ses fonctions. Le Premier Ministre sortant a enfin indiqu\u00e9 toute sa disponibilit\u00e9 \u00e0 accompagner le CNRD et son successeur \u00e0 la t\u00eate du Gouvernement.<\/p>\n\n\n\n<figure class=\"wp-block-image\"><img decoding=\"async\" src=\"https:\/\/www.lerenifleur224.com\/wp-content\/uploads\/2024\/02\/PHOTO-2024-02-29-20-50-18-1-1024x587.jpg\" alt=\"\" class=\"wp-image-17203\"\/><\/figure>\n\n\n\n<p>En r\u00e9ponse, le Premier Ministre entrant, Amadou Oury Bah, a assur\u00e9 : \u00ab Sachez que je ne manquerai aucune occasion pour vous solliciter afin que nous puissions mieux servir et mieux assurer la mission qui nous est confi\u00e9e par le Pr\u00e9sident de la R\u00e9publique. \u00bb Il a par ailleurs appr\u00e9ci\u00e9 les efforts fournis par le Gouvernement pr\u00e9c\u00e9dent dans la r\u00e9solution des crises et \u00e9preuves auxquelles il a \u00e9t\u00e9 confront\u00e9. Il a cependant relev\u00e9 la n\u00e9cessit\u00e9 absolue de mettre les acquis au service du renforcement de l\u2019unit\u00e9 nationale et de la coh\u00e9sion sociale, gage certain d\u2019un d\u00e9veloppement durable et harmonieux.<br>Concernant les dossiers prioritaires du prochain Gouvernement, le Premier Ministre a \u00e9voqu\u00e9 la situation des sinistr\u00e9s suite \u00e0 l\u2019explosion du d\u00e9p\u00f4t d\u2019hydrocarbures de Kaloum, ainsi que la n\u00e9cessit\u00e9 de d\u00e9velopper davantage les infrastructures et de restaurer le vivre-ensemble pour aboutir \u00e0 une r\u00e9conciliation nationale p\u00e9renne et solide.<\/p>\n\n\n\n<figure class=\"wp-block-image\"><img decoding=\"async\" src=\"https:\/\/www.lerenifleur224.com\/wp-content\/uploads\/2024\/02\/PHOTO-2024-02-29-20-50-19-1-1024x902.jpg\" alt=\"\" class=\"wp-image-17204\"\/><\/figure>\n\n\n\n<p>Le Premier Ministre Amadou Oury Bah a ajout\u00e9 que ce dernier chantier \u00ab tient beaucoup \u00e0 c\u0153ur \u00e0 son Excellence, le Pr\u00e9sident de la R\u00e9publique, car l\u2019unit\u00e9, la fraternit\u00e9 et la solidarit\u00e9 entre tous les Guin\u00e9ens sont les piliers de notre capacit\u00e9 \u00e0 \u00eatre ce que nous sommes, \u00e0 savoir un pays et un peuple souverains. \u00bb<\/p>\n\n\n\n<p><strong>Porte-Parolat \/La Cellule de Communication du Gouvernement<\/strong><\/p>\n","protected":false},"excerpt":{"rendered":"<p>Conakry, 29 f\u00e9vrier 2024 \u2013 48 heures apr\u00e8s sa nomination, le Premier Ministre, Chef du Gouvernement Amadou Oury Bah a \u00e9t\u00e9 officiellement install\u00e9 dans ses fonctions par le Ministre Secr\u00e9taire G\u00e9n\u00e9ral de la Pr\u00e9sidence de la R\u00e9publique, le G\u00e9n\u00e9ral Amara Camara. La c\u00e9r\u00e9monie d\u2019installation \u00e0 la Primature a connu la pr\u00e9sence des membres du CNRD, [&hellip;]<\/p>\n","protected":false},"author":3,"featured_media":50124,"comment_status":"open","ping_status":"open","sticky":false,"template":"","format":"standard","meta":{"footnotes":""},"categories":[2],"tags":[],"class_list":["post-50123","post","type-post","status-publish","format-standard","has-post-thumbnail","hentry","category-actualites"],"_links":{"self":[{"href":"http:\/\/www.friaguinee.net\/index.php\/wp-json\/wp\/v2\/posts\/50123","targetHints":{"allow":["GET"]}}],"collection":[{"href":"http:\/\/www.friaguinee.net\/index.php\/wp-json\/wp\/v2\/posts"}],"about":[{"href":"http:\/\/www.friaguinee.net\/index.php\/wp-json\/wp\/v2\/types\/post"}],"author":[{"embeddable":true,"href":"http:\/\/www.friaguinee.net\/index.php\/wp-json\/wp\/v2\/users\/3"}],"replies":[{"embeddable":true,"href":"http:\/\/www.friaguinee.net\/index.php\/wp-json\/wp\/v2\/comments?post=50123"}],"version-history":[{"count":1,"href":"http:\/\/www.friaguinee.net\/index.php\/wp-json\/wp\/v2\/posts\/50123\/revisions"}],"predecessor-version":[{"id":50125,"href":"http:\/\/www.friaguinee.net\/index.php\/wp-json\/wp\/v2\/posts\/50123\/revisions\/50125"}],"wp:featuredmedia":[{"embeddable":true,"href":"http:\/\/www.friaguinee.net\/index.php\/wp-json\/wp\/v2\/media\/50124"}],"wp:attachment":[{"href":"http:\/\/www.friaguinee.net\/index.php\/wp-json\/wp\/v2\/media?parent=50123"}],"wp:term":[{"taxonomy":"category","embeddable":true,"href":"http:\/\/www.friaguinee.net\/index.php\/wp-json\/wp\/v2\/categories?post=50123"},{"taxonomy":"post_tag","embeddable":true,"href":"http:\/\/www.friaguinee.net\/index.php\/wp-json\/wp\/v2\/tags?post=50123"}],"curies":[{"name":"wp","href":"https:\/\/api.w.org\/{rel}","templated":true}]}}