{"id":49693,"date":"2024-01-16T09:04:13","date_gmt":"2024-01-16T09:04:13","guid":{"rendered":"http:\/\/www.friaguinee.net\/?p=49693"},"modified":"2024-01-16T09:04:16","modified_gmt":"2024-01-16T09:04:16","slug":"cours-dappel-de-conakry-fallou-doumbouya-le-nouveau-procureur-general-exhorte-les-magistrats-a-la-ponctualite-lassiduite-lintegrite-la-dignite-lhonneur","status":"publish","type":"post","link":"http:\/\/www.friaguinee.net\/index.php\/2024\/01\/16\/cours-dappel-de-conakry-fallou-doumbouya-le-nouveau-procureur-general-exhorte-les-magistrats-a-la-ponctualite-lassiduite-lintegrite-la-dignite-lhonneur\/","title":{"rendered":"Cours d\u2019appel de Conakry : Fallou Doumbouya le nouveau procureur g\u00e9n\u00e9ral\u00a0exhorte les magistrats \u00e0 la ponctualit\u00e9, l\u2019assiduit\u00e9, l\u2019int\u00e9grit\u00e9, la dignit\u00e9, l\u2019honneur, la comp\u00e9tence, la diligence dans le traitement des dossiers\u00a0(Discours)\u00a0"},"content":{"rendered":"\n<p><strong>DISCOURS DE PRISE DE FONCTIONS DE\u00a0MONSIEUR LE PROCUREUR G\u00c9N\u00c9RAL PRES LA COUR D&rsquo;APPEL DE CONAKRY :<\/strong><\/p>\n\n\n\n<ul class=\"wp-block-list\"><li>Monsieur le Chef de cabinet<\/li><li>Monsieur l\u2019Inspecteur g\u00e9n\u00e9ral des services judiciaires et p\u00e9nitentiaires<\/li><li>Respectueux cadres du D\u00e9partement de la Justice<\/li><li>Monsieur le Premier pr\u00e9sident de la Cour d\u2019appel de Conakry<\/li><li>Monsieur le Procureur g\u00e9n\u00e9ral, tr\u00e8s cher coll\u00e8gue<\/li><li>Distingu\u00e9s Pr\u00e9sidents de chambre et conseillers<\/li><li>Mesdames et Messieurs les Avocats G\u00e9n\u00e9raux et Substituts g\u00e9n\u00e9raux pr\u00e8s la cour d\u2019appel&nbsp; de Conakry<\/li><li>Chers coll\u00e8gues magistrats<\/li><li>Chers greffiers, avocats, huissiers de justice, notaires, commissaires priseurs<\/li><li>Mesdames et Messieurs les officiers de police judiciaire<\/li><li>Mesdames et Messieurs les membres de la presse publique et priv\u00e9e<\/li><li>Distingu\u00e9s invit\u00e9s<\/li><li>Mesdames et Messieurs,<\/li><\/ul>\n\n\n\n<p>C\u2019est avec un immense plaisir et une joie inestimable que je prends la parole devant vous cet apr\u00e8s-midi, pour rendre tout d\u2019abord gr\u00e2ce \u00e0 Allah, le Tout Puissant, le mis\u00e9ricordieux qui ne cesse de m\u2019\u00e9lever et de me gratifier de sa magnanimit\u00e9.<\/p>\n\n\n\n<p>J\u2019adresse \u00e9galement mes vifs remerciements \u00e0 mes parents qui&nbsp; m\u2019ont inculqu\u00e9 une \u00e9ducation b\u00e2tie sur les valeurs cardinales de notre&nbsp; tr\u00e8s ch\u00e8re nation, lesquelles valeurs&nbsp; m\u2019ont &nbsp;permis d\u2019\u00eatre devant vous aujourd\u2019hui.<\/p>\n\n\n\n<p>Aussi, permettez-moi, Mesdames et Messieurs, de profiter de l\u2019opportunit\u00e9 qui m\u2019est offerte pour exprimer toute ma reconnaissance \u00e0&nbsp;<strong>son<\/strong>&nbsp;<strong>EXCELLENCE MONSIEUR<\/strong>&nbsp;<strong>LE PRESIDENT&nbsp; DE LA REPUBLIQUE&nbsp;,&nbsp; CHEF DE L\u2019ETAT&nbsp; , PRESIDENT&nbsp; DU CONSEIL SUPERIEUR DE LA MAGISTRATURE&nbsp;, LE&nbsp; COLONEL MAMADI DOUMBOUYA<\/strong>&nbsp;<strong>et au &nbsp;Garde des Sceaux, Ministre de la Justice et des Droits de l\u2019Homme, Monsieur Alphonse Charles WRHIT<\/strong><strong>&nbsp;et&nbsp;<\/strong>apr\u00e8s avis conforme du Conseil Sup\u00e9rieur de la Magistrature, ont port\u00e9 leurs choix sur ma personne parmi &nbsp;tant d\u2019autres &nbsp;magistrats aussi &nbsp;comp\u00e9tents au sein de l\u2019appareil judiciaire de notre pays&nbsp; pour diriger les destin\u00e9es du Parquet g\u00e9n\u00e9ral de la Cour d\u2019appel de Conakry.<\/p>\n\n\n\n<p>L\u2019occasion est \u00e9galement&nbsp;&nbsp; opportune&nbsp; pour exprimer \u00e0 chacun de vous mes sinc\u00e8res et chaleureux v\u0153ux de bonheur&nbsp; e de r\u00e9ussite pour cette nouvelle ann\u00e9e&nbsp; 2024.<\/p>\n\n\n\n<p><strong>MESDAMES ET MESSIEURS,<\/strong><\/p>\n\n\n\n<p>Il convient de constater que ma nomination \u00e0 cette fonction embl\u00e9matique et passionnante intervient \u00e0 un moment o\u00f9 notre Justice est comme toujours au c\u0153ur des d\u00e9bats de soci\u00e9t\u00e9 et des pr\u00e9occupations de nos chers concitoyens quant \u00e0 son r\u00f4le pr\u00e9pond\u00e9rant dans la construction d\u2019un Etat de droit. Etant entendu que la justice est le r\u00e9f\u00e9rentiel du vivre ensemble dans toute soci\u00e9t\u00e9 qui &nbsp;se dit civilis\u00e9e .<\/p>\n\n\n\n<p>Mesdames&nbsp; et messieurs<\/p>\n\n\n\n<p>Le 5 septembre 2021, en d\u00e9signant la Justice comme&nbsp;<strong><em>\u00ab&nbsp;la boussole devant orienter l\u2019action de chaque citoyen&nbsp;\u00bb,&nbsp;<\/em><\/strong>le CNRD, \u00e0 travers son Pr\u00e9sident,&nbsp;<strong>le Colonel Mamadi DOUMBOUYA,<\/strong>&nbsp;a voulu tout simplement rappeler notre responsabilit\u00e9 &nbsp;\u00e0 nous magistrats sur le r\u00f4le qui est le n\u00f4tre&nbsp; pour que &nbsp;chaque citoyen de ce pays ait de l\u2019espoir afin de continuer \u00e0 vivre dans une soci\u00e9t\u00e9 unie et prosp\u00e8re o\u00f9 la loi doit s\u2019appliquer erga-omnes&nbsp; c\u2019est-\u00e0-dire \u00e0 l\u2019\u00e9gard de tous sans aucune autre consid\u00e9ration que celle de droit .<\/p>\n\n\n\n<p>C\u2019est pourquoi, Nous magistrats devons \u00eatre conscients que l\u2019\u00e2me et le socle de notre nation c\u2019est sa justice qui doit \u00eatre forte, impartiale, humaine et qui cr\u00e9e un climat de paix et d\u2019harmonie dans la soci\u00e9t\u00e9 &nbsp;afin que la loi prot\u00e8ge tout citoyen des exactions et de tout abus de pouvoir .<\/p>\n\n\n\n<p>Etant les acteurs de cette institution Etatique, nous devons constamment avoir \u00e0 l\u2019esprit que nous avons un devoir de service et de redevabilit\u00e9 vis-\u00e0-vis de nos compatriotes qui ne comptent que sur nous pour leur bien \u00eatre et le&nbsp; bien vivre ensemble .<\/p>\n\n\n\n<p><strong>CHERS COLLEGUES MAGISTRATS, MESDAMES ET MESSIEURS, RESPECTABLES INVITES,<\/strong><\/p>\n\n\n\n<p>Lorsque j\u2019ai b\u00e9n\u00e9fici\u00e9 pour la premi\u00e8re fois de la confiance de son excellence monsieur le Pr\u00e9sident de la R\u00e9publique, le colonel Mamadi Doumbouya qui m\u2019a nomm\u00e9 procureur g\u00e9n\u00e9ral pr\u00e8s la cour d\u2019appel&nbsp; de Kankan&nbsp; le &nbsp;&nbsp;29 d\u00e9cembre 2021, je me suis pos\u00e9&nbsp; la question de savoir \u00abque dois-je faire pour r\u00e9ussir ma mission\u00bb.<\/p>\n\n\n\n<p>Je me suis dit ou\u00ef la r\u00e9ponse \u00e0 cette question a &nbsp;pour si\u00e8ge aux articles 40 \u00e0 45 du CPP qui se r\u00e9sument comme dirait Treichard , les procureurs g\u00e9n\u00e9raux&nbsp;sont \u00ab&nbsp;<strong>charg\u00e9s du d\u00e9p\u00f4t pr\u00e9cieux de l\u2019ordre public et de l\u2019exercice de l\u2019action de la justice criminelle , la paix et la tranquillit\u00e9 des citoyens sont fond\u00e9es sur leur courage et leur loyaut\u00e9, ils doivent veiller sans cesse , afin que les autres reposent \u00bb<\/strong>&nbsp;et il ajoutait : \u00ab&nbsp;<strong>le procureur g\u00e9n\u00e9ral doit \u00eatre l\u2019asile de l\u2019innocence et la terreur des m\u00e9chants&nbsp;<\/strong>\u00bb<\/p>\n\n\n\n<p>De ce qui pr\u00e9c\u00e8de mesdames et messieurs, je pense qu\u2019il est n\u00e9cessaire et opportun en cet instant pr\u00e9cis de prise de fonction de vous dire comment j\u2019entends pour ma part accomplir cette responsabilit\u00e9 \u00e0 la t\u00eate du plus grand parquet d\u2019appel de la Guin\u00e9e.<\/p>\n\n\n\n<p>Une telle responsabilit\u00e9 recouvre des missions diverses et vari\u00e9es n\u00e9cessitant la d\u00e9finition de priorit\u00e9 fortes afin d\u2019\u00e9viter la dispersion, facteur d\u2019inefficacit\u00e9 et d\u2019impuissance p\u00e9rilleuses<\/p>\n\n\n\n<p>Au premier chef, le procureur g\u00e9n\u00e9ral est responsable de la bonne application de la loi p\u00e9nale et du bon fonctionnement des parquets de son ressort<\/p>\n\n\n\n<p>Je voudrais dire \u00e0 chacun des procureurs de la R\u00e9publique, que je m\u2019efforcerai sans rel\u00e2che d\u2019\u00eatre un interlocuteur accessible et toujours disponible pour \u00e9voquer des sujets ayant trait \u00e0 l\u2019exercice quotidien de l\u2019action publique, mais aussi les \u00e9v\u00e8nements marquant \u00e0 un titre ou \u00e0 un autre de &nbsp;la vie de vos juridictions avec une attention particuli\u00e8re \u00e0 chaque parquet.<\/p>\n\n\n\n<p>A cette fin et pour orienter votre action, il est essentiel que la bonne information me parvienne \u00e0 temps r\u00e9el pour nous permettre d\u2019analyser, de comprendre, de rendre compte et de pouvoir &nbsp;d\u00e9cider.<\/p>\n\n\n\n<p>Aussi, dans le cadre &nbsp;de notre mission de pr\u00e9vention contre les infractions \u00e0 la loi p\u00e9nale notamment celle relevant de la criminalit\u00e9 organis\u00e9e, nous nous concerterons avec&nbsp; l\u2019administration territoriale tant&nbsp; r\u00e9gionale&nbsp; que&nbsp; pr\u00e9fectorale \u00e0 l\u2019effet de mettre en place les&nbsp; conseils de d\u00e9fense et s\u00e9curit\u00e9 ainsi que la commission de pr\u00e9vention et de managements de conflits en vue de parer \u00e0 toute \u00e9ventualit\u00e9 tendant \u00e0 troubler l\u2019ordre public dans notre ressort .<\/p>\n\n\n\n<p>Pour y parvenir, je souhaite partager avec toute mon \u00e9quipe le soutien, un soutien indispensable qui est du conseil, analyses juridiques, solidarit\u00e9 le tout dans la compr\u00e9hension, la coh\u00e9sion, la compl\u00e9mentarit\u00e9&nbsp; et le contradictoire.<\/p>\n\n\n\n<p>Chers magistrats membres du parquet g\u00e9n\u00e9ral,<\/p>\n\n\n\n<p>Vous l\u2019aurez compris, je souhaite, avec autant d\u2019humilit\u00e9 que d\u2019\u00e9nergie&nbsp; qui doit nous caract\u00e9riser&nbsp; que s\u2019ouvre une nouvelle page dans l\u2019histoire de ce parquet g\u00e9n\u00e9ral que je connais pour avoir \u00e9t\u00e9 Avocat G\u00e9n\u00e9ral&nbsp; d\u2019Ao\u00fbt 2020 \u00e0 d\u00e9cembre 2021 , un parquet g\u00e9n\u00e9ral que je veux proactif , pr\u00e9sent sur le terrain, au c\u0153ur de la vie des parquets d\u2019instance &nbsp;et de nos partenaires privil\u00e9gi\u00e9s que sont l\u2019administration territoriale r\u00e9gionale, pr\u00e9fectorale et communale.<\/p>\n\n\n\n<p>Je m\u2019empresse aussi pour dire que la mise en \u0153uvre et la r\u00e9ussite de ces nombreuses missions ne pourront \u00eatre possibles que gr\u00e2ce au soutien et \u00e0 la collaboration sinc\u00e8re des hommes et des femmes qui m\u2019entourent \u00e0 qui je tends une main de franche collaboration. C\u2019est en agissant ensemble et de concert &nbsp;que nous pourrons atteindre ces objectifs pour le bien de toute la nation guin\u00e9enne.<\/p>\n\n\n\n<p>Pour ce faire, la ponctualit\u00e9, l\u2019assiduit\u00e9, l\u2019int\u00e9grit\u00e9, la dignit\u00e9, l\u2019honneur, la comp\u00e9tence, la diligence dans le traitement des dossiers&nbsp; et le devoir bien accompli sont des valeurs cardinales &nbsp;qui doivent caract\u00e9riser chacun de nous.<\/p>\n\n\n\n<p>&nbsp;Mes chers coll\u00e8gues du parquet g\u00e9n\u00e9ral, les semaines qui s\u2019ouvrent seront consacr\u00e9es \u00e0 la d\u00e9couverte et \u00e0 l\u2019\u00e9coute puis parviendra tr\u00e8s vite la mise en \u0153uvre de changements de notre parquet.<\/p>\n\n\n\n<p>Je &nbsp;vous connais bien, pour avoir rencontr\u00e9s certains&nbsp; \u00e0 la facult\u00e9 de droit &nbsp;et d\u2019autres au centre de formation et de documentation judiciaire.<\/p>\n\n\n\n<p>Je sais votre investissement au service de notre institution judiciaire et l\u2019\u00e9tendue de vos exp\u00e9riences et comp\u00e9tences.<\/p>\n\n\n\n<p>Je ne serais pas complet si je&nbsp; ne cite le r\u00f4le&nbsp; particulier du Procureur g\u00e9n\u00e9ral &nbsp;dans sa mission d\u2019habilitation et de surveillance des officiers de police judiciaire<\/p>\n\n\n\n<p>Je me r\u00e9jouis mesdames et messieurs les officiers de police judicaire, de poursuivre \u00e0 ce poste les relations confiantes et constructives que nous avons toujours tiss\u00e9es lorsque j\u2019exer\u00e7ais&nbsp;les fonctions de parquetier dans le ressort de cette cour d\u2019appel&nbsp;&nbsp; que nous allons p\u00e9renniser et renforcer<\/p>\n\n\n\n<p>Nous devons \u00eatre &nbsp;toujours conscients&nbsp; que \u00ab la justice sans la force est impuissante ;&nbsp; la force sans la justice est tyrannique. La justice sans force est contredite, par ce qu\u2019il y a des m\u00e9chants. la force sans la justice est accus\u00e9e \u00bb disant BLAISE PASCAL<\/p>\n\n\n\n<p><strong>MESDAMES ET MESSIEURS, HONORABLES INVITES,<\/strong><\/p>\n\n\n\n<p>Je sugg\u00e8re humblement \u00e0 Monsieur le Premier Pr\u00e9sident de la cour d\u2019appel, mon tr\u00e8s cher fr\u00e8re et \u00e0 tous les magistrats du si\u00e8ge qui sont sous sa responsabilit\u00e9 que les portes de mon parquet g\u00e9n\u00e9ral seront toujours grandes ouvertes pour une meilleure diligence des proc\u00e9dures.<\/p>\n\n\n\n<p>Je lance le m\u00eame appel pressant aux greffiers, aux secr\u00e9taires, aux membres des diff\u00e9rentes professions lib\u00e9rales, aux officiers de police judiciaire et \u00e0 tous ceux qui concourent au bon fonctionnement de la justice \u00e0 garder un contact permanent avec notre service pour qu\u2019ensemble nous puissions atteindre les objectifs qui nous sont respectivement assign\u00e9s.<\/p>\n\n\n\n<p>A Monsieur le Garde des Sceaux et \u00e0 tous les membres de son cabinet, je r\u00e9it\u00e8re l\u2019enti\u00e8re disponibilit\u00e9 de mon Parquet quant \u00e0 l\u2019ex\u00e9cution des diff\u00e9rentes instructions qui seront donn\u00e9es.<\/p>\n\n\n\n<p>Je ne saurai terminer mon allocution sans adresser toutes mes f\u00e9licitations \u00e0 mon illustre pr\u00e9d\u00e9cesseur et l\u2019ensemble de son \u00e9quipe pour le noble travail accompli durant une p\u00e9riode de seize (15) mois.<\/p>\n\n\n\n<p>En remerciant tr\u00e8s sinc\u00e8rement avec toute ma gratitude \u00e0 ma famille, \u00e0 mes amis et camarades de promotion de tous les cycles qui se sont d\u00e9plac\u00e9s pour assister \u00e0 cette c\u00e9r\u00e9monie.<\/p>\n\n\n\n<p>Je vous dis merci pour votre aimable attention.<\/p>\n\n\n\n<p><strong><em>QU\u2019ALLAH BENISSE LA GUINEE ET LES GUINEENS. AMEN.<\/em><\/strong><\/p>\n\n\n\n<p><strong><em>&nbsp;<\/em><\/strong><strong><em>&nbsp;FALLOU DOUMBOUYA<\/em><\/strong><\/p>\n","protected":false},"excerpt":{"rendered":"<p>DISCOURS DE PRISE DE FONCTIONS DE\u00a0MONSIEUR LE PROCUREUR G\u00c9N\u00c9RAL PRES LA COUR D&rsquo;APPEL DE CONAKRY : Monsieur le Chef de cabinet Monsieur l\u2019Inspecteur g\u00e9n\u00e9ral des services judiciaires et p\u00e9nitentiaires Respectueux cadres du D\u00e9partement de la Justice Monsieur le Premier pr\u00e9sident de la Cour d\u2019appel de Conakry Monsieur le Procureur g\u00e9n\u00e9ral, tr\u00e8s cher coll\u00e8gue Distingu\u00e9s Pr\u00e9sidents [&hellip;]<\/p>\n","protected":false},"author":3,"featured_media":49694,"comment_status":"open","ping_status":"open","sticky":false,"template":"","format":"standard","meta":{"footnotes":""},"categories":[2],"tags":[],"class_list":["post-49693","post","type-post","status-publish","format-standard","has-post-thumbnail","hentry","category-actualites"],"_links":{"self":[{"href":"http:\/\/www.friaguinee.net\/index.php\/wp-json\/wp\/v2\/posts\/49693","targetHints":{"allow":["GET"]}}],"collection":[{"href":"http:\/\/www.friaguinee.net\/index.php\/wp-json\/wp\/v2\/posts"}],"about":[{"href":"http:\/\/www.friaguinee.net\/index.php\/wp-json\/wp\/v2\/types\/post"}],"author":[{"embeddable":true,"href":"http:\/\/www.friaguinee.net\/index.php\/wp-json\/wp\/v2\/users\/3"}],"replies":[{"embeddable":true,"href":"http:\/\/www.friaguinee.net\/index.php\/wp-json\/wp\/v2\/comments?post=49693"}],"version-history":[{"count":1,"href":"http:\/\/www.friaguinee.net\/index.php\/wp-json\/wp\/v2\/posts\/49693\/revisions"}],"predecessor-version":[{"id":49695,"href":"http:\/\/www.friaguinee.net\/index.php\/wp-json\/wp\/v2\/posts\/49693\/revisions\/49695"}],"wp:featuredmedia":[{"embeddable":true,"href":"http:\/\/www.friaguinee.net\/index.php\/wp-json\/wp\/v2\/media\/49694"}],"wp:attachment":[{"href":"http:\/\/www.friaguinee.net\/index.php\/wp-json\/wp\/v2\/media?parent=49693"}],"wp:term":[{"taxonomy":"category","embeddable":true,"href":"http:\/\/www.friaguinee.net\/index.php\/wp-json\/wp\/v2\/categories?post=49693"},{"taxonomy":"post_tag","embeddable":true,"href":"http:\/\/www.friaguinee.net\/index.php\/wp-json\/wp\/v2\/tags?post=49693"}],"curies":[{"name":"wp","href":"https:\/\/api.w.org\/{rel}","templated":true}]}}