{"id":4949,"date":"2018-08-29T09:18:46","date_gmt":"2018-08-29T09:18:46","guid":{"rendered":"http:\/\/www.friaguinee.net\/?p=4949"},"modified":"2018-08-29T09:18:46","modified_gmt":"2018-08-29T09:18:46","slug":"conakry-la-troisieme-journee-dassainissement-aura-lieu-le-1er-septembre-communique","status":"publish","type":"post","link":"http:\/\/www.friaguinee.net\/index.php\/2018\/08\/29\/conakry-la-troisieme-journee-dassainissement-aura-lieu-le-1er-septembre-communique\/","title":{"rendered":"Conakry: la troisi\u00e8me journ\u00e9e d&rsquo;assainissement aura lieu le 1er Septembre (communiqu\u00e9)"},"content":{"rendered":"<p>Conakry, le 28 Ao\u00fbt 2018 \u2013 Le Ministre de l\u2019Information et de la Communication porte \u00e0 la connaissance de la population que la troisi\u00e8me Journ\u00e9e de la participation citoyenne aux travaux d\u2019assainissement de la ville de Conakry d\u00e9nomm\u00e9e \u00ab Conakry Ville Propre \u00bb aura lieu le samedi 1er Septembre 2018 de 6h \u00e0 11h.<\/p>\n<p>Sont convi\u00e9s \u00e0 prendre part au lancement de ces travaux dans leurs communes et quartiers respectifs, les Membres du Gouvernement, les Ministres conseillers \u00e0 la Pr\u00e9sidence de la R\u00e9publique, les Institutions R\u00e9publicaines, les leaders religieux, les organisations de la Soci\u00e9t\u00e9 Civile et tous les citoyens de la ville.<\/p>\n<p>Par ailleurs, il est port\u00e9 \u00e0 la connaissance de l\u2019ensemble des habitants de Conakry et particuli\u00e8rement aux automobilistes et motocyclistes, de l\u2019interruption de la circulation de 6h \u00e0 11h. Sont exempt\u00e9s de cette mesure, les usagers ci-apr\u00e8s : les ambulances, les v\u00e9hicules de s\u00e9curit\u00e9, les v\u00e9hicules diplomatiques ainsi que toute autre personne disposant d\u2019une autorisation sp\u00e9ciale.<\/p>\n<p>Le Gouverneur de la ville de Conakry ainsi que les Premiers Responsables des Communes sont charg\u00e9s d\u2019accueillir les personnalit\u00e9s et leur fournir toutes les informations utiles au bon d\u00e9roulement de la pr\u00e9sente campagne.<\/p>\n<p>Le Ministre sait compter sur l\u2019esprit civique et citoyen des populations de la capitale afin de conf\u00e9rer \u00e0 cette campagne une r\u00e9ussite totale.<br \/>\nMinist\u00e8re de l\u2019Information et de la communication<\/p>\n<p><strong>Transmis par la Cellule de Communication du Gouvernement<\/strong><\/p>\n","protected":false},"excerpt":{"rendered":"<p>Conakry, le 28 Ao\u00fbt 2018 \u2013 Le Ministre de l\u2019Information et de la Communication porte \u00e0 la connaissance de la population que la troisi\u00e8me Journ\u00e9e de la participation citoyenne aux travaux d\u2019assainissement de la ville de Conakry d\u00e9nomm\u00e9e \u00ab Conakry Ville Propre \u00bb aura lieu le samedi 1er Septembre 2018 de 6h \u00e0 11h. Sont [&hellip;]<\/p>\n","protected":false},"author":2,"featured_media":4950,"comment_status":"open","ping_status":"open","sticky":false,"template":"","format":"standard","meta":{"footnotes":""},"categories":[2],"tags":[],"class_list":["post-4949","post","type-post","status-publish","format-standard","has-post-thumbnail","hentry","category-actualites"],"_links":{"self":[{"href":"http:\/\/www.friaguinee.net\/index.php\/wp-json\/wp\/v2\/posts\/4949","targetHints":{"allow":["GET"]}}],"collection":[{"href":"http:\/\/www.friaguinee.net\/index.php\/wp-json\/wp\/v2\/posts"}],"about":[{"href":"http:\/\/www.friaguinee.net\/index.php\/wp-json\/wp\/v2\/types\/post"}],"author":[{"embeddable":true,"href":"http:\/\/www.friaguinee.net\/index.php\/wp-json\/wp\/v2\/users\/2"}],"replies":[{"embeddable":true,"href":"http:\/\/www.friaguinee.net\/index.php\/wp-json\/wp\/v2\/comments?post=4949"}],"version-history":[{"count":1,"href":"http:\/\/www.friaguinee.net\/index.php\/wp-json\/wp\/v2\/posts\/4949\/revisions"}],"predecessor-version":[{"id":4951,"href":"http:\/\/www.friaguinee.net\/index.php\/wp-json\/wp\/v2\/posts\/4949\/revisions\/4951"}],"wp:featuredmedia":[{"embeddable":true,"href":"http:\/\/www.friaguinee.net\/index.php\/wp-json\/wp\/v2\/media\/4950"}],"wp:attachment":[{"href":"http:\/\/www.friaguinee.net\/index.php\/wp-json\/wp\/v2\/media?parent=4949"}],"wp:term":[{"taxonomy":"category","embeddable":true,"href":"http:\/\/www.friaguinee.net\/index.php\/wp-json\/wp\/v2\/categories?post=4949"},{"taxonomy":"post_tag","embeddable":true,"href":"http:\/\/www.friaguinee.net\/index.php\/wp-json\/wp\/v2\/tags?post=4949"}],"curies":[{"name":"wp","href":"https:\/\/api.w.org\/{rel}","templated":true}]}}