{"id":49401,"date":"2023-12-05T10:08:36","date_gmt":"2023-12-05T10:08:36","guid":{"rendered":"http:\/\/www.friaguinee.net\/?p=49401"},"modified":"2023-12-05T10:08:38","modified_gmt":"2023-12-05T10:08:38","slug":"mauritanie-lancien-president-ould-abdel-aziz-condamne-a-cinq-ans-de-prison-ferme","status":"publish","type":"post","link":"http:\/\/www.friaguinee.net\/index.php\/2023\/12\/05\/mauritanie-lancien-president-ould-abdel-aziz-condamne-a-cinq-ans-de-prison-ferme\/","title":{"rendered":"Mauritanie: l\u2019ancien pr\u00e9sident Ould Abdel Aziz condamn\u00e9 \u00e0 cinq ans de prison ferme"},"content":{"rendered":"\n<p><strong>Apr\u00e8s cinq jours de d\u00e9lib\u00e9ration, c\u2019est devant une salle comble que le tribunal a condamn\u00e9, ce lundi 4 d\u00e9cembre, l\u2019ancien pr\u00e9sident Mohamed Ould Abdel Aziz \u00e0 cinq ans de prison ferme.<\/strong><br><br>Sur la dizaine de chefs d\u2019inculpation, seulement deux ont \u00e9t\u00e9 retenus :\u00e0 savoir l\u2019enrichissement illicite et le blanchiment d\u2019argent.<\/p>\n\n\n\n<p>La Cour a \u00e9galement demand\u00e9 la confiscation des biens acquis par l\u2019ancien chef de l\u2019\u00c9tat et a prononc\u00e9 la d\u00e9ch\u00e9ance de ses droits civiques.<br><br>\u00c0 la t\u00eate du pays pendant dix ans, l\u2019ancien pr\u00e9sident, jug\u00e9 depuis janvier, \u00e9tait accus\u00e9, entre autres, d\u2019avoir abus\u00e9 de son pouvoir pour amasser une immense fortune.<br><br>Des accusations et une peine que conteste fermement du collectif de d\u00e9fense de l\u2019ancien pr\u00e9sident qui a toujours mis en avant l\u2019article 93 qui \u00e9nonce l\u2019immunit\u00e9 pr\u00e9sidentielle. Ils d\u00e9noncent, entre autres, une machination politique pour \u00e9carter l\u2019ancien chef de l\u2019\u00c9tat de la vie politique et, selon Ma\u00eetre Taleb Kyar, comptent faire appel.<\/p>\n\n\n\n<p>\u00ab Le caract\u00e8re politique du jugement est apparent, il vise essentiellement l\u2019ancien pr\u00e9sident et sa famille et nous entendons naturellement faire appel et poursuivre notre combat comme nous l\u2019avons commenc\u00e9 \u00bb, a d\u00e9clar\u00e9 Ma\u00eetre Taleb Kyar.<br><br>La cour a enti\u00e8rement blanchi deux anciens premiers ministres et prononc\u00e9 contre d\u2019autres des peines dont la plus s\u00e9v\u00e8re est de deux ans avec sursis et six mois ferme.<br><br>Les avocats ont quinze jours pour faire appel. En cas de recours, c\u2019est la Cour supr\u00eame qui sera charg\u00e9e de trancher.<\/p>\n\n\n\n<p><em>&lt;&lt; Nous estimons malheureusement que cette attitude n\u2019est pas du tout conforme \u00e0 la loi. Puisque l\u2019article 93 de la Constitution est clair : le pr\u00e9sident n\u2019est susceptible d\u2019\u00eatre jug\u00e9 que par la Haute cour de justice, c\u2019est elle qui est comp\u00e9tente. (\u2026) Il n\u2019y a rien de surprenant \u00e0 ce jugement parce que nous savons que c\u2019est une affaire essentiellement politique.&gt;&gt;<\/em><\/p>\n\n\n\n<p><strong>Source : rfi<\/strong><\/p>\n","protected":false},"excerpt":{"rendered":"<p>Apr\u00e8s cinq jours de d\u00e9lib\u00e9ration, c\u2019est devant une salle comble que le tribunal a condamn\u00e9, ce lundi 4 d\u00e9cembre, l\u2019ancien pr\u00e9sident Mohamed Ould Abdel Aziz \u00e0 cinq ans de prison ferme. Sur la dizaine de chefs d\u2019inculpation, seulement deux ont \u00e9t\u00e9 retenus :\u00e0 savoir l\u2019enrichissement illicite et le blanchiment d\u2019argent. La Cour a \u00e9galement demand\u00e9 [&hellip;]<\/p>\n","protected":false},"author":3,"featured_media":49402,"comment_status":"open","ping_status":"open","sticky":false,"template":"","format":"standard","meta":{"footnotes":""},"categories":[42],"tags":[],"class_list":["post-49401","post","type-post","status-publish","format-standard","has-post-thumbnail","hentry","category-afrique"],"_links":{"self":[{"href":"http:\/\/www.friaguinee.net\/index.php\/wp-json\/wp\/v2\/posts\/49401","targetHints":{"allow":["GET"]}}],"collection":[{"href":"http:\/\/www.friaguinee.net\/index.php\/wp-json\/wp\/v2\/posts"}],"about":[{"href":"http:\/\/www.friaguinee.net\/index.php\/wp-json\/wp\/v2\/types\/post"}],"author":[{"embeddable":true,"href":"http:\/\/www.friaguinee.net\/index.php\/wp-json\/wp\/v2\/users\/3"}],"replies":[{"embeddable":true,"href":"http:\/\/www.friaguinee.net\/index.php\/wp-json\/wp\/v2\/comments?post=49401"}],"version-history":[{"count":1,"href":"http:\/\/www.friaguinee.net\/index.php\/wp-json\/wp\/v2\/posts\/49401\/revisions"}],"predecessor-version":[{"id":49403,"href":"http:\/\/www.friaguinee.net\/index.php\/wp-json\/wp\/v2\/posts\/49401\/revisions\/49403"}],"wp:featuredmedia":[{"embeddable":true,"href":"http:\/\/www.friaguinee.net\/index.php\/wp-json\/wp\/v2\/media\/49402"}],"wp:attachment":[{"href":"http:\/\/www.friaguinee.net\/index.php\/wp-json\/wp\/v2\/media?parent=49401"}],"wp:term":[{"taxonomy":"category","embeddable":true,"href":"http:\/\/www.friaguinee.net\/index.php\/wp-json\/wp\/v2\/categories?post=49401"},{"taxonomy":"post_tag","embeddable":true,"href":"http:\/\/www.friaguinee.net\/index.php\/wp-json\/wp\/v2\/tags?post=49401"}],"curies":[{"name":"wp","href":"https:\/\/api.w.org\/{rel}","templated":true}]}}