{"id":49090,"date":"2023-10-18T16:55:41","date_gmt":"2023-10-18T16:55:41","guid":{"rendered":"http:\/\/www.friaguinee.net\/?p=49090"},"modified":"2023-10-18T16:55:43","modified_gmt":"2023-10-18T16:55:43","slug":"justice-honorable-amadou-damaro-camara-porte-plainte-contre-le-procureur-de-la-crief-aly-toure-pour-insuffisance-professionnelle-copie","status":"publish","type":"post","link":"http:\/\/www.friaguinee.net\/index.php\/2023\/10\/18\/justice-honorable-amadou-damaro-camara-porte-plainte-contre-le-procureur-de-la-crief-aly-toure-pour-insuffisance-professionnelle-copie\/","title":{"rendered":"Justice : Honorable Amadou Damaro Camara porte plainte contre le procureur de la CRIEF Aly Tour\u00e9 pour insuffisance professionnelle (copie)"},"content":{"rendered":"\n<p>Poursuivi pour des faits pr\u00e9sum\u00e9s de d\u00e9tournement de deniers publics et enrichissement illicite et en d\u00e9tention depuis un an et demi, l&rsquo;ancien chef du parlement guin\u00e9en honorable Amadou Damaro Camara a d\u00e9cid\u00e9 de porter plainte contre le procureur sp\u00e9cial Aly Tour\u00e9 devant\u00a0 le Conseil sup\u00e9rieur de la magistrature.<\/p>\n\n\n\n<p><strong>Ci-dessous copie :<\/strong><\/p>\n\n\n\n<figure class=\"wp-block-image size-full\"><img loading=\"lazy\" decoding=\"async\" width=\"700\" height=\"964\" src=\"http:\/\/www.friaguinee.net\/wp-content\/uploads\/2023\/10\/Plainte-de-Damaro-1.jpeg\" alt=\"\" class=\"wp-image-49091\" srcset=\"http:\/\/www.friaguinee.net\/wp-content\/uploads\/2023\/10\/Plainte-de-Damaro-1.jpeg 700w, http:\/\/www.friaguinee.net\/wp-content\/uploads\/2023\/10\/Plainte-de-Damaro-1-218x300.jpeg 218w, http:\/\/www.friaguinee.net\/wp-content\/uploads\/2023\/10\/Plainte-de-Damaro-1-696x958.jpeg 696w, http:\/\/www.friaguinee.net\/wp-content\/uploads\/2023\/10\/Plainte-de-Damaro-1-305x420.jpeg 305w\" sizes=\"auto, (max-width: 700px) 100vw, 700px\" \/><\/figure>\n\n\n\n<figure class=\"wp-block-image size-full\"><img loading=\"lazy\" decoding=\"async\" width=\"700\" height=\"963\" src=\"http:\/\/www.friaguinee.net\/wp-content\/uploads\/2023\/10\/Plainte-de-Damaro-2.jpeg\" alt=\"\" class=\"wp-image-49092\" srcset=\"http:\/\/www.friaguinee.net\/wp-content\/uploads\/2023\/10\/Plainte-de-Damaro-2.jpeg 700w, http:\/\/www.friaguinee.net\/wp-content\/uploads\/2023\/10\/Plainte-de-Damaro-2-218x300.jpeg 218w, http:\/\/www.friaguinee.net\/wp-content\/uploads\/2023\/10\/Plainte-de-Damaro-2-696x957.jpeg 696w, http:\/\/www.friaguinee.net\/wp-content\/uploads\/2023\/10\/Plainte-de-Damaro-2-305x420.jpeg 305w\" sizes=\"auto, (max-width: 700px) 100vw, 700px\" \/><\/figure>\n\n\n\n<figure class=\"wp-block-image size-full\"><img loading=\"lazy\" decoding=\"async\" width=\"700\" height=\"960\" src=\"http:\/\/www.friaguinee.net\/wp-content\/uploads\/2023\/10\/Plainte-de-Damaro-3.jpeg\" alt=\"\" class=\"wp-image-49093\" srcset=\"http:\/\/www.friaguinee.net\/wp-content\/uploads\/2023\/10\/Plainte-de-Damaro-3.jpeg 700w, http:\/\/www.friaguinee.net\/wp-content\/uploads\/2023\/10\/Plainte-de-Damaro-3-219x300.jpeg 219w, http:\/\/www.friaguinee.net\/wp-content\/uploads\/2023\/10\/Plainte-de-Damaro-3-696x955.jpeg 696w, http:\/\/www.friaguinee.net\/wp-content\/uploads\/2023\/10\/Plainte-de-Damaro-3-306x420.jpeg 306w\" sizes=\"auto, (max-width: 700px) 100vw, 700px\" \/><\/figure>\n\n\n\n<figure class=\"wp-block-image size-full\"><img loading=\"lazy\" decoding=\"async\" width=\"700\" height=\"976\" src=\"http:\/\/www.friaguinee.net\/wp-content\/uploads\/2023\/10\/Plainte-de-Damaro-4.jpeg\" alt=\"\" class=\"wp-image-49094\" srcset=\"http:\/\/www.friaguinee.net\/wp-content\/uploads\/2023\/10\/Plainte-de-Damaro-4.jpeg 700w, http:\/\/www.friaguinee.net\/wp-content\/uploads\/2023\/10\/Plainte-de-Damaro-4-215x300.jpeg 215w, http:\/\/www.friaguinee.net\/wp-content\/uploads\/2023\/10\/Plainte-de-Damaro-4-696x970.jpeg 696w, http:\/\/www.friaguinee.net\/wp-content\/uploads\/2023\/10\/Plainte-de-Damaro-4-301x420.jpeg 301w\" sizes=\"auto, (max-width: 700px) 100vw, 700px\" \/><\/figure>\n\n\n\n<figure class=\"wp-block-image size-full\"><img loading=\"lazy\" decoding=\"async\" width=\"700\" height=\"976\" src=\"http:\/\/www.friaguinee.net\/wp-content\/uploads\/2023\/10\/Plainte-de-Damaro-5.jpeg\" alt=\"\" class=\"wp-image-49095\" srcset=\"http:\/\/www.friaguinee.net\/wp-content\/uploads\/2023\/10\/Plainte-de-Damaro-5.jpeg 700w, http:\/\/www.friaguinee.net\/wp-content\/uploads\/2023\/10\/Plainte-de-Damaro-5-215x300.jpeg 215w, http:\/\/www.friaguinee.net\/wp-content\/uploads\/2023\/10\/Plainte-de-Damaro-5-696x970.jpeg 696w, http:\/\/www.friaguinee.net\/wp-content\/uploads\/2023\/10\/Plainte-de-Damaro-5-301x420.jpeg 301w\" sizes=\"auto, (max-width: 700px) 100vw, 700px\" \/><\/figure>\n\n\n\n<figure class=\"wp-block-image size-full\"><img loading=\"lazy\" decoding=\"async\" width=\"700\" height=\"880\" src=\"http:\/\/www.friaguinee.net\/wp-content\/uploads\/2023\/10\/Plainte-de-Damaro-6.jpeg\" alt=\"\" class=\"wp-image-49096\" srcset=\"http:\/\/www.friaguinee.net\/wp-content\/uploads\/2023\/10\/Plainte-de-Damaro-6.jpeg 700w, http:\/\/www.friaguinee.net\/wp-content\/uploads\/2023\/10\/Plainte-de-Damaro-6-239x300.jpeg 239w, http:\/\/www.friaguinee.net\/wp-content\/uploads\/2023\/10\/Plainte-de-Damaro-6-696x875.jpeg 696w, http:\/\/www.friaguinee.net\/wp-content\/uploads\/2023\/10\/Plainte-de-Damaro-6-334x420.jpeg 334w\" sizes=\"auto, (max-width: 700px) 100vw, 700px\" \/><figcaption><strong>Friaguinee.net<\/strong><\/figcaption><\/figure>\n","protected":false},"excerpt":{"rendered":"<p>Poursuivi pour des faits pr\u00e9sum\u00e9s de d\u00e9tournement de deniers publics et enrichissement illicite et en d\u00e9tention depuis un an et demi, l&rsquo;ancien chef du parlement guin\u00e9en honorable Amadou Damaro Camara a d\u00e9cid\u00e9 de porter plainte contre le procureur sp\u00e9cial Aly Tour\u00e9 devant\u00a0 le Conseil sup\u00e9rieur de la magistrature. Ci-dessous copie :<\/p>\n","protected":false},"author":3,"featured_media":31568,"comment_status":"open","ping_status":"open","sticky":false,"template":"","format":"standard","meta":{"footnotes":""},"categories":[2],"tags":[],"class_list":["post-49090","post","type-post","status-publish","format-standard","has-post-thumbnail","hentry","category-actualites"],"_links":{"self":[{"href":"http:\/\/www.friaguinee.net\/index.php\/wp-json\/wp\/v2\/posts\/49090","targetHints":{"allow":["GET"]}}],"collection":[{"href":"http:\/\/www.friaguinee.net\/index.php\/wp-json\/wp\/v2\/posts"}],"about":[{"href":"http:\/\/www.friaguinee.net\/index.php\/wp-json\/wp\/v2\/types\/post"}],"author":[{"embeddable":true,"href":"http:\/\/www.friaguinee.net\/index.php\/wp-json\/wp\/v2\/users\/3"}],"replies":[{"embeddable":true,"href":"http:\/\/www.friaguinee.net\/index.php\/wp-json\/wp\/v2\/comments?post=49090"}],"version-history":[{"count":1,"href":"http:\/\/www.friaguinee.net\/index.php\/wp-json\/wp\/v2\/posts\/49090\/revisions"}],"predecessor-version":[{"id":49097,"href":"http:\/\/www.friaguinee.net\/index.php\/wp-json\/wp\/v2\/posts\/49090\/revisions\/49097"}],"wp:featuredmedia":[{"embeddable":true,"href":"http:\/\/www.friaguinee.net\/index.php\/wp-json\/wp\/v2\/media\/31568"}],"wp:attachment":[{"href":"http:\/\/www.friaguinee.net\/index.php\/wp-json\/wp\/v2\/media?parent=49090"}],"wp:term":[{"taxonomy":"category","embeddable":true,"href":"http:\/\/www.friaguinee.net\/index.php\/wp-json\/wp\/v2\/categories?post=49090"},{"taxonomy":"post_tag","embeddable":true,"href":"http:\/\/www.friaguinee.net\/index.php\/wp-json\/wp\/v2\/tags?post=49090"}],"curies":[{"name":"wp","href":"https:\/\/api.w.org\/{rel}","templated":true}]}}