{"id":48953,"date":"2023-10-05T12:50:11","date_gmt":"2023-10-05T12:50:11","guid":{"rendered":"http:\/\/www.friaguinee.net\/?p=48953"},"modified":"2023-10-05T12:50:13","modified_gmt":"2023-10-05T12:50:13","slug":"burkina-faso-le-lieutenant-colonel-evrard-somda-chef-detat-major-de-la-gendarmerie-nationale-limoge-par-le-capitaine-ibrahim-traore","status":"publish","type":"post","link":"http:\/\/www.friaguinee.net\/index.php\/2023\/10\/05\/burkina-faso-le-lieutenant-colonel-evrard-somda-chef-detat-major-de-la-gendarmerie-nationale-limoge-par-le-capitaine-ibrahim-traore\/","title":{"rendered":"Burkina Faso: le lieutenant-colonel Evrard Somda chef d\u2019\u00e9tat-major de la gendarmerie nationale  limog\u00e9 par le capitaine Ibrahim Traor\u00e9"},"content":{"rendered":"\n<p><strong>Le capitaine Ibrahim Traor\u00e9 a limog\u00e9 le chef d\u2019\u00e9tat-major de la gendarmerie nationale burkinab\u00e8, le lieutenant-colonel Evrard Somda, en poste depuis le 1er f\u00e9vrier 2022. Il a \u00e9t\u00e9 remplac\u00e9 ce mercredi par Koagri&nbsp;Natama. Un changement qui intervient alors que deux responsables de la gendarmerie sont soup\u00e7onn\u00e9s d\u2019\u00eatre impliqu\u00e9s dans une tentative de d\u00e9stabilisation.<\/strong><\/p>\n\n\n\n<p>Les Burkinab\u00e8 ont appris sans surprise la nomination d\u2019un nouveau chef d\u2019\u00e9tat-major g\u00e9n\u00e9ral de la gendarmerie. Ancien commandant de la gendarmerie de Kaya, le lieutenant-colonel Koagri Natama avait pris la t\u00eate de la premi\u00e8re r\u00e9gion de gendarmerie \u00e0 la suite de l\u2019attaque de Inata, qui avait fait 53 morts parmi les gendarmes en novembre 2021.&nbsp;<\/p>\n\n\n\n<p>Issu de l\u2019\u00e9cole des officiers de gendarmerie de Melun en France, il revient d\u2019un stage d\u2019\u00e9tat-major en Mauritanie. Il quitte son poste de conseiller, charg\u00e9 des questions s\u00e9curitaires aupr\u00e8s du pr\u00e9sident de l\u2019assembl\u00e9e l\u00e9gislative de transition qu\u2019il occupait avant sa nomination.\u00a0<\/p>\n\n\n\n<p><strong>RFI<\/strong><\/p>\n","protected":false},"excerpt":{"rendered":"<p>Le capitaine Ibrahim Traor\u00e9 a limog\u00e9 le chef d\u2019\u00e9tat-major de la gendarmerie nationale burkinab\u00e8, le lieutenant-colonel Evrard Somda, en poste depuis le 1er f\u00e9vrier 2022. Il a \u00e9t\u00e9 remplac\u00e9 ce mercredi par Koagri&nbsp;Natama. Un changement qui intervient alors que deux responsables de la gendarmerie sont soup\u00e7onn\u00e9s d\u2019\u00eatre impliqu\u00e9s dans une tentative de d\u00e9stabilisation. Les Burkinab\u00e8 [&hellip;]<\/p>\n","protected":false},"author":3,"featured_media":48954,"comment_status":"open","ping_status":"open","sticky":false,"template":"","format":"standard","meta":{"footnotes":""},"categories":[42],"tags":[],"class_list":["post-48953","post","type-post","status-publish","format-standard","has-post-thumbnail","hentry","category-afrique"],"_links":{"self":[{"href":"http:\/\/www.friaguinee.net\/index.php\/wp-json\/wp\/v2\/posts\/48953","targetHints":{"allow":["GET"]}}],"collection":[{"href":"http:\/\/www.friaguinee.net\/index.php\/wp-json\/wp\/v2\/posts"}],"about":[{"href":"http:\/\/www.friaguinee.net\/index.php\/wp-json\/wp\/v2\/types\/post"}],"author":[{"embeddable":true,"href":"http:\/\/www.friaguinee.net\/index.php\/wp-json\/wp\/v2\/users\/3"}],"replies":[{"embeddable":true,"href":"http:\/\/www.friaguinee.net\/index.php\/wp-json\/wp\/v2\/comments?post=48953"}],"version-history":[{"count":1,"href":"http:\/\/www.friaguinee.net\/index.php\/wp-json\/wp\/v2\/posts\/48953\/revisions"}],"predecessor-version":[{"id":48955,"href":"http:\/\/www.friaguinee.net\/index.php\/wp-json\/wp\/v2\/posts\/48953\/revisions\/48955"}],"wp:featuredmedia":[{"embeddable":true,"href":"http:\/\/www.friaguinee.net\/index.php\/wp-json\/wp\/v2\/media\/48954"}],"wp:attachment":[{"href":"http:\/\/www.friaguinee.net\/index.php\/wp-json\/wp\/v2\/media?parent=48953"}],"wp:term":[{"taxonomy":"category","embeddable":true,"href":"http:\/\/www.friaguinee.net\/index.php\/wp-json\/wp\/v2\/categories?post=48953"},{"taxonomy":"post_tag","embeddable":true,"href":"http:\/\/www.friaguinee.net\/index.php\/wp-json\/wp\/v2\/tags?post=48953"}],"curies":[{"name":"wp","href":"https:\/\/api.w.org\/{rel}","templated":true}]}}