{"id":4853,"date":"2018-08-17T12:13:39","date_gmt":"2018-08-17T12:13:39","guid":{"rendered":"http:\/\/www.friaguinee.net\/?p=4853"},"modified":"2018-08-17T12:18:23","modified_gmt":"2018-08-17T12:18:23","slug":"guinee-le-blogueur-sally-bilaly-sow-parmi-les-100-jeunes-les-plus-influents-de-lafrique-de-louest","status":"publish","type":"post","link":"http:\/\/www.friaguinee.net\/index.php\/2018\/08\/17\/guinee-le-blogueur-sally-bilaly-sow-parmi-les-100-jeunes-les-plus-influents-de-lafrique-de-louest\/","title":{"rendered":"Guin\u00e9e: le blogueur Sally Bilaly Sow parmi les 100 jeunes les plus influents de l&rsquo;Afrique de l&rsquo;Ouest"},"content":{"rendered":"<p>Sally\u00a0 Bilaly Sow, jeune activiste, blogueur, promoteur des logiciels libres, co-fondateur \u00e0 @yiteretech, @foutanews, @villageois2.0, reporter \u00e0 \u00ab\u00a0Hauts parleurs\u00a0\u00bb et J.R.I au groupe Hadafos m\u00e9dias a honnor\u00e9 la Guin\u00e9e \u00e0 travers sa nomination parmi les 100 jeunes les plus influents de l&rsquo;Afrique de l&rsquo;Ouest.<\/p>\n<p>Dans une interview qu&rsquo;il a accord\u00e9e \u00e0 la r\u00e9daction du site aminata.com,\u00a0 il\u00a0 est\u00a0 revenu\u00a0 sur\u00a0 la\u00a0 distinction\u00a0 en\u00a0 encourageant\u00a0 ses\u00a0 pairs\u00a0 jeunes\u00a0 \u00e0\u00a0 vaincre\u00a0 leur complexe.<\/p>\n<p><em>\u00ab\u00a0Merci\u00a0 pour\u00a0 cette\u00a0 opportunit\u00e9, c\u2019est\u00a0 vraiment\u00a0 un\u00a0 nouveau\u00a0 challenge parce\u00a0 que imaginez quelqu\u2019un\u00a0 qui est \u00e0 Lab\u00e9, vit\u00a0 \u00e0 Lab\u00e9, qui\u00a0 fait\u00a0 toute\u00a0 ses\u00a0 activit\u00e9s\u00a0 \u00e0 Lab\u00e9 et\u00a0 qu\u2019on\u00a0 arrive\u00a0 \u00e0 reconnaitre ton\u00a0 travail \u00e0\u00a0 l\u2019ext\u00e9rieur\u00a0 des\u00a0 fronti\u00e8res, c\u2019est\u00a0 un\u00a0 challenge, une\u00a0 reconnaissance pour\u00a0 tous\u00a0 les\u00a0 jeunes guin\u00e9ens\u00a0 particuli\u00e8rement la\u00a0 jeunesse\u00a0 de\u00a0 Lab\u00e9 parce\u00a0 que\u00a0 c\u2019est\u00a0 avec\u00a0 cette\u00a0 jeunesse que\u00a0 je\u00a0 travaille tout le\u00a0 temps, avec\u00a0 vous\u00a0 et\u00a0 tous\u00a0 les\u00a0 amis de \u00a0l\u2019association\u00a0 les\u00a0 villageois , pour\u00a0 moi \u00e7a\u00a0 doit\u00a0 \u00eatre\u00a0 un\u00a0 nouveau\u00a0 d\u00e9part, c\u2019est\u00a0 une\u00a0 corde\u00a0 au\u00a0 niveau\u00a0 du\u00a0 cou encore, il\u00a0 faut\u00a0 travailler, il\u00a0 faut\u00a0 impacter, on\u00a0 ne\u00a0 peut\u00a0 pas\u00a0 parler\u00a0 nous\u00a0 m\u00eame de\u00a0 notre\u00a0 r\u00e9ussite, il\u00a0 faut\u00a0 laisser\u00a0 les\u00a0 autres\u00a0 parler\u00a0 \u00e0 notre\u00a0 place.<\/em><\/p>\n<p><em>C\u2019est\u00a0 une\u00a0 reconnaissance de\u00a0 plus\u00a0 d\u2019une\u00a0 dizaine d\u2019ann\u00e9es, un\u00a0 travail\u00a0 de\u00a0 longue\u00a0 haleine. Ce\u00a0 n\u2019est pas facile\u00a0 d\u2019\u00eatre\u00a0 nomin\u00e9 pour\u00a0 les\u00a0 gens\u00a0 qui\u00a0 ne\u00a0 vous\u00a0 connaissent\u00a0 pas\u00a0 particuli\u00e8rement, aujourd\u2019hui\u00a0 avec\u00a0 le\u00a0 num\u00e9rique\u00a0 tout\u00a0 ce\u00a0 que\u00a0 vous\u00a0 faites\u00a0 est\u00a0 visible.<\/em><\/p>\n<p><em>Je\u00a0 remercie\u00a0 tous\u00a0 les\u00a0 mentors, la\u00a0 famille\u00a0 qui\u00a0 me \u00a0soutient, ceux\u00a0 qui\u00a0 me\u00a0 soutiennent dans\u00a0 l\u2019ombre, je\u00a0 pense\u00a0 qu\u2019il\u00a0 faut\u00a0 m\u00e9riter cette\u00a0 distinction\u2026<\/em><\/p>\n<p><em>Je\u00a0 pense\u00a0 que\u00a0 partout o\u00f9 nous\u00a0 vivons nous\u00a0 pouvons\u00a0 \u00eatre\u00a0 utile \u00e0\u00a0 notre\u00a0 nation, nous\u00a0 pouvons\u00a0 impacter\u00a0 et\u00a0 impulser un\u00a0 d\u00e9veloppement, \u00e7a\u00a0 d\u00e9pend\u00a0 des\u00a0 objectifs qu\u2019on\u00a0 se\u00a0 fixe, de\u00a0 ce\u00a0 que\u00a0 nous\u00a0 voulons \u00eatre et ce\u00a0 que\u00a0 nous\u00a0 voulons\u00a0 pour\u00a0 notre\u00a0 nation, je\u00a0 vis\u00a0 \u00e0\u00a0 Lab\u00e9 mais\u00a0 \u00e7a\u00a0 ne\u00a0 m\u2019emp\u00eache\u00a0 pas d\u2019aller\u00a0 participer\u00a0 \u00e0 des\u00a0 rencontres\u00a0 internationales. Il\u00a0 faut\u00a0 que les\u00a0 jeunes\u00a0 aient\u00a0 confiance\u00a0 en\u00a0 eux\u2026Il faut\u00a0 identifier\u00a0 nos\u00a0 maux\u00a0 et proposer\u00a0 des\u00a0 pistes\u00a0 de\u00a0 solution, l\u2019Etat\u00a0 ne peut\u00a0 pas\u00a0 tout\u00a0 faire.<\/em><\/p>\n<p><em>Les\u00a0 jeunes\u00a0 peuvent\u00a0 rester\u00a0 \u00e0 l\u2019int\u00e9rieur\u00a0 du\u00a0 pays, dans\u00a0 les\u00a0 villages et\u00a0 les\u00a0 hameaux et\u00a0 faire\u00a0 de\u00a0 grandes\u00a0 r\u00e9volutions, de\u00a0 grandes\u00a0 avanc\u00e9es, il\u00a0 suffit juste\u00a0 de\u00a0 croire\u00a0 en\u00a0 leur\u00a0 talent, de\u00a0 travailler\u00a0 et\u00a0 aussi\u00a0 d\u2019\u00eatre\u00a0 bien\u00a0 entour\u00e9\u2026\u00a0\u00bb<\/em><\/p>\n<p>&nbsp;<\/p>\n<p>&nbsp;<\/p>\n","protected":false},"excerpt":{"rendered":"<p>Sally\u00a0 Bilaly Sow, jeune activiste, blogueur, promoteur des logiciels libres, co-fondateur \u00e0 @yiteretech, @foutanews, @villageois2.0, reporter \u00e0 \u00ab\u00a0Hauts parleurs\u00a0\u00bb et J.R.I au groupe Hadafos m\u00e9dias a honnor\u00e9 la Guin\u00e9e \u00e0 travers sa nomination parmi les 100 jeunes les plus influents de l&rsquo;Afrique de l&rsquo;Ouest. Dans une interview qu&rsquo;il a accord\u00e9e \u00e0 la r\u00e9daction du site [&hellip;]<\/p>\n","protected":false},"author":2,"featured_media":4854,"comment_status":"open","ping_status":"open","sticky":false,"template":"","format":"standard","meta":{"footnotes":""},"categories":[2],"tags":[454,457,453,148,456,455,458,452],"class_list":["post-4853","post","type-post","status-publish","format-standard","has-post-thumbnail","hentry","category-actualites","tag-454","tag-afrrique","tag-bilaly","tag-guinee","tag-influents","tag-jeunes","tag-ouest","tag-sally"],"_links":{"self":[{"href":"http:\/\/www.friaguinee.net\/index.php\/wp-json\/wp\/v2\/posts\/4853","targetHints":{"allow":["GET"]}}],"collection":[{"href":"http:\/\/www.friaguinee.net\/index.php\/wp-json\/wp\/v2\/posts"}],"about":[{"href":"http:\/\/www.friaguinee.net\/index.php\/wp-json\/wp\/v2\/types\/post"}],"author":[{"embeddable":true,"href":"http:\/\/www.friaguinee.net\/index.php\/wp-json\/wp\/v2\/users\/2"}],"replies":[{"embeddable":true,"href":"http:\/\/www.friaguinee.net\/index.php\/wp-json\/wp\/v2\/comments?post=4853"}],"version-history":[{"count":2,"href":"http:\/\/www.friaguinee.net\/index.php\/wp-json\/wp\/v2\/posts\/4853\/revisions"}],"predecessor-version":[{"id":4856,"href":"http:\/\/www.friaguinee.net\/index.php\/wp-json\/wp\/v2\/posts\/4853\/revisions\/4856"}],"wp:featuredmedia":[{"embeddable":true,"href":"http:\/\/www.friaguinee.net\/index.php\/wp-json\/wp\/v2\/media\/4854"}],"wp:attachment":[{"href":"http:\/\/www.friaguinee.net\/index.php\/wp-json\/wp\/v2\/media?parent=4853"}],"wp:term":[{"taxonomy":"category","embeddable":true,"href":"http:\/\/www.friaguinee.net\/index.php\/wp-json\/wp\/v2\/categories?post=4853"},{"taxonomy":"post_tag","embeddable":true,"href":"http:\/\/www.friaguinee.net\/index.php\/wp-json\/wp\/v2\/tags?post=4853"}],"curies":[{"name":"wp","href":"https:\/\/api.w.org\/{rel}","templated":true}]}}