{"id":4850,"date":"2018-08-16T23:31:39","date_gmt":"2018-08-16T23:31:39","guid":{"rendered":"http:\/\/www.friaguinee.net\/?p=4850"},"modified":"2018-08-16T23:31:39","modified_gmt":"2018-08-16T23:31:39","slug":"guinee-bientot-un-rapprochement-entre-medias-publics-et-prives","status":"publish","type":"post","link":"http:\/\/www.friaguinee.net\/index.php\/2018\/08\/16\/guinee-bientot-un-rapprochement-entre-medias-publics-et-prives\/","title":{"rendered":"Guin\u00e9e\u00a0: bient\u00f4t un rapprochement entre m\u00e9dias publics et priv\u00e9s"},"content":{"rendered":"<p>\u00ab\u00a0La presse priv\u00e9e n\u2019est pas une presse d\u2019opposition comme on veut le dire et la presse publique n\u2019est pas une presse de propagande\u2026\u00a0\u00bb sont des mots du ministre de l\u2019information et de la communication. C\u2019\u00e9tait \u00e0 l\u2019occasion d\u2019une rencontre qu\u2019il a effectu\u00e9 ce jeudi 16 ao\u00fbt 2018 avec les membres du bureau ex\u00e9cutif de l\u2019URTELGUI.<\/p>\n<p>Lors de cette rencontre qui a pour but de prendre contact avec les associations de presse, le ministre a annonc\u00e9 la mise en place d\u2019un cadre de concertation permettant le rapprochement entre les m\u00e9dias publics et priv\u00e9s.<\/p>\n<p>\u00ab\u00a0La presse priv\u00e9e n\u2019est pas une presse d\u2019opposition comme on veut le dire et la presse publique n\u2019est pas une presse de propagande. Ce sont tous des journalistes qui essayent au mieux qu\u2019ils peuvent d\u2019exercer leur m\u00e9tier dans des conditions que l\u2019on conna\u00eet difficiles en Guin\u00e9e et nous esp\u00e9rons que ce cadre nous permettra ensemble de poser le probl\u00e8me sur la table, d\u2019en discuter entre personnes responsables et essayer d\u2019apporter des solutions ad\u00e9quates\u00a0\u00bb a expliqu\u00e9 Amara Sompar\u00e9.<\/p>\n<p>Le document contenant le cadre de dialogue doit d\u2019abord \u00eatre examin\u00e9 en conseil interminist\u00e9riel et soumis au chef de l\u2019Etat pour \u00eatre valid\u00e9.<\/p>\n<p><strong>N\u00e8n\u00e8 Aissatou Bald\u00e9 pour friaguinee.net<\/strong><\/p>\n","protected":false},"excerpt":{"rendered":"<p>\u00ab\u00a0La presse priv\u00e9e n\u2019est pas une presse d\u2019opposition comme on veut le dire et la presse publique n\u2019est pas une presse de propagande\u2026\u00a0\u00bb sont des mots du ministre de l\u2019information et de la communication. C\u2019\u00e9tait \u00e0 l\u2019occasion d\u2019une rencontre qu\u2019il a effectu\u00e9 ce jeudi 16 ao\u00fbt 2018 avec les membres du bureau ex\u00e9cutif de l\u2019URTELGUI. [&hellip;]<\/p>\n","protected":false},"author":2,"featured_media":4851,"comment_status":"open","ping_status":"open","sticky":false,"template":"","format":"standard","meta":{"footnotes":""},"categories":[2],"tags":[],"class_list":["post-4850","post","type-post","status-publish","format-standard","has-post-thumbnail","hentry","category-actualites"],"_links":{"self":[{"href":"http:\/\/www.friaguinee.net\/index.php\/wp-json\/wp\/v2\/posts\/4850","targetHints":{"allow":["GET"]}}],"collection":[{"href":"http:\/\/www.friaguinee.net\/index.php\/wp-json\/wp\/v2\/posts"}],"about":[{"href":"http:\/\/www.friaguinee.net\/index.php\/wp-json\/wp\/v2\/types\/post"}],"author":[{"embeddable":true,"href":"http:\/\/www.friaguinee.net\/index.php\/wp-json\/wp\/v2\/users\/2"}],"replies":[{"embeddable":true,"href":"http:\/\/www.friaguinee.net\/index.php\/wp-json\/wp\/v2\/comments?post=4850"}],"version-history":[{"count":1,"href":"http:\/\/www.friaguinee.net\/index.php\/wp-json\/wp\/v2\/posts\/4850\/revisions"}],"predecessor-version":[{"id":4852,"href":"http:\/\/www.friaguinee.net\/index.php\/wp-json\/wp\/v2\/posts\/4850\/revisions\/4852"}],"wp:featuredmedia":[{"embeddable":true,"href":"http:\/\/www.friaguinee.net\/index.php\/wp-json\/wp\/v2\/media\/4851"}],"wp:attachment":[{"href":"http:\/\/www.friaguinee.net\/index.php\/wp-json\/wp\/v2\/media?parent=4850"}],"wp:term":[{"taxonomy":"category","embeddable":true,"href":"http:\/\/www.friaguinee.net\/index.php\/wp-json\/wp\/v2\/categories?post=4850"},{"taxonomy":"post_tag","embeddable":true,"href":"http:\/\/www.friaguinee.net\/index.php\/wp-json\/wp\/v2\/tags?post=4850"}],"curies":[{"name":"wp","href":"https:\/\/api.w.org\/{rel}","templated":true}]}}