{"id":4846,"date":"2018-08-16T22:40:43","date_gmt":"2018-08-16T22:40:43","guid":{"rendered":"http:\/\/www.friaguinee.net\/?p=4846"},"modified":"2018-08-16T22:40:43","modified_gmt":"2018-08-16T22:40:43","slug":"fria-deux-jours-sans-pain-lappel-des-autorites-rejete-par-les-boulangers","status":"publish","type":"post","link":"http:\/\/www.friaguinee.net\/index.php\/2018\/08\/16\/fria-deux-jours-sans-pain-lappel-des-autorites-rejete-par-les-boulangers\/","title":{"rendered":"Fria\u00a0: deux jours sans pain, l\u2019appel des autorit\u00e9s rejet\u00e9 par les boulangers"},"content":{"rendered":"<p>Depuis le mardi 14 ao\u00fbt 2018, les boulangers de la cit\u00e9 de l\u2019alumine ont d\u00e9clench\u00e9 une gr\u00e8ve pour manifester leur m\u00e9contentement face \u00e0 une exigence des autorit\u00e9s.<\/p>\n<p>Les habitants de la ville ont \u00e9t\u00e9 surpris le samedi dernier de constater que le prix de la baguette de pain a augment\u00e9. Une hausse mal accueillie par les autorit\u00e9s pr\u00e9fectorales et communales qui, \u00e0 l\u2019occasion d\u2019une r\u00e9union, ont exig\u00e9 aux boulangers de revenir \u00e0 l\u2019ancien prix.<\/p>\n<p>Justifiant cette hausse par l\u2019augmentation des prix sur le march\u00e9 depuis la hausse de celui du carburant \u00e0 la pompe, les boulangers ont \u00e0 l\u2019unanimit\u00e9, rejet\u00e9 cette demande des autorit\u00e9s en fermant tous les fours.<\/p>\n<p>Le pr\u00e9sident de l\u2019union pr\u00e9fectorale des boulangers estime que les autorit\u00e9s font la sourde oreille face \u00e0 leurs difficult\u00e9s.<\/p>\n<p>\u00ab\u00a0Nous avons adress\u00e9 une lettre \u00e0 la chambre de commerce, nous y avons cit\u00e9 les difficult\u00e9s auxquelles nous sommes confront\u00e9s, nous avons expliqu\u00e9 aux autorit\u00e9s aussi, mais elles nous disent de revendre le pain \u00e0 2000 fg alors qu\u2019en 2015, quand nous avons fix\u00e9 le prix du pain \u00e0 2000 fg, le sac de farine se vendait \u00e0 180.000 fg, mais aujourd\u2019hui il faut d\u00e9bourser jusqu\u2019\u00e0 250.000 fg pour l\u2019avoir. Le chargement de bois co\u00fbte 350.000, la levure 20.000 fg sans compter les primes que nous donnons aux jeunes qui travaillent avec nous\u00a0\u00bb explique Mamadou Bailo Kant\u00e9.<\/p>\n<p>Cette p\u00e9nurie affecte de nombreuses personnes qui se sont vues priv\u00e9es de leur aliment de base apr\u00e8s le riz. Elles r\u00e9clament la reprise des activit\u00e9s des boulangers car les deux jours pass\u00e9s sans pain, ont eu de d\u00e9sastreuses cons\u00e9quences sur leurs \u00e9conomies. C\u2019est pourquoi, le pr\u00e9sident de l\u2019union pr\u00e9fectorale des boulangers d\u00e9cide de rouvrir les fours \u00e0 condition que le pain soit vendu \u00e0 2500 fg.<\/p>\n<p>\u00ab\u00a0Face \u00e0 la souffrance des citoyens, nous allons faire du pain \u00e0 partir de ce vendredi, mais la baguette de pain sera vendue \u00e0 2500 fg sinon nous on n\u2019aura rien\u00a0\u00bb insiste \u2013 t-il.<\/p>\n<p>Les citoyens de leur c\u00f4t\u00e9, souhaitent que les deux parties trouvent une solution qui emp\u00eacherait une telle situation car cette gr\u00e8ve de deux jours a port\u00e9 pr\u00e9judice \u00e0 l\u2019ensemble des Friakas.<\/p>\n<p><strong>Dj\u00e9nabou Batco Diallo<\/strong><\/p>\n","protected":false},"excerpt":{"rendered":"<p>Depuis le mardi 14 ao\u00fbt 2018, les boulangers de la cit\u00e9 de l\u2019alumine ont d\u00e9clench\u00e9 une gr\u00e8ve pour manifester leur m\u00e9contentement face \u00e0 une exigence des autorit\u00e9s. Les habitants de la ville ont \u00e9t\u00e9 surpris le samedi dernier de constater que le prix de la baguette de pain a augment\u00e9. Une hausse mal accueillie par [&hellip;]<\/p>\n","protected":false},"author":2,"featured_media":3731,"comment_status":"open","ping_status":"open","sticky":false,"template":"","format":"standard","meta":{"footnotes":""},"categories":[3],"tags":[450,451,49,276,442],"class_list":["post-4846","post","type-post","status-publish","format-standard","has-post-thumbnail","hentry","category-societe","tag-450","tag-boulangers","tag-fria","tag-greve","tag-pain"],"_links":{"self":[{"href":"http:\/\/www.friaguinee.net\/index.php\/wp-json\/wp\/v2\/posts\/4846","targetHints":{"allow":["GET"]}}],"collection":[{"href":"http:\/\/www.friaguinee.net\/index.php\/wp-json\/wp\/v2\/posts"}],"about":[{"href":"http:\/\/www.friaguinee.net\/index.php\/wp-json\/wp\/v2\/types\/post"}],"author":[{"embeddable":true,"href":"http:\/\/www.friaguinee.net\/index.php\/wp-json\/wp\/v2\/users\/2"}],"replies":[{"embeddable":true,"href":"http:\/\/www.friaguinee.net\/index.php\/wp-json\/wp\/v2\/comments?post=4846"}],"version-history":[{"count":2,"href":"http:\/\/www.friaguinee.net\/index.php\/wp-json\/wp\/v2\/posts\/4846\/revisions"}],"predecessor-version":[{"id":4848,"href":"http:\/\/www.friaguinee.net\/index.php\/wp-json\/wp\/v2\/posts\/4846\/revisions\/4848"}],"wp:featuredmedia":[{"embeddable":true,"href":"http:\/\/www.friaguinee.net\/index.php\/wp-json\/wp\/v2\/media\/3731"}],"wp:attachment":[{"href":"http:\/\/www.friaguinee.net\/index.php\/wp-json\/wp\/v2\/media?parent=4846"}],"wp:term":[{"taxonomy":"category","embeddable":true,"href":"http:\/\/www.friaguinee.net\/index.php\/wp-json\/wp\/v2\/categories?post=4846"},{"taxonomy":"post_tag","embeddable":true,"href":"http:\/\/www.friaguinee.net\/index.php\/wp-json\/wp\/v2\/tags?post=4846"}],"curies":[{"name":"wp","href":"https:\/\/api.w.org\/{rel}","templated":true}]}}