{"id":48414,"date":"2023-07-20T11:15:20","date_gmt":"2023-07-20T11:15:20","guid":{"rendered":"http:\/\/www.friaguinee.net\/?p=48414"},"modified":"2023-07-20T11:15:22","modified_gmt":"2023-07-20T11:15:22","slug":"le-pardon-accorde-par-le-garde-des-sceaux-peut-il-mettre-un-terme-a-la-procedure-disciplinaire-engagee-contre-un-magistrat-la-reponse-est-non-par-me-traore","status":"publish","type":"post","link":"http:\/\/www.friaguinee.net\/index.php\/2023\/07\/20\/le-pardon-accorde-par-le-garde-des-sceaux-peut-il-mettre-un-terme-a-la-procedure-disciplinaire-engagee-contre-un-magistrat-la-reponse-est-non-par-me-traore\/","title":{"rendered":"\u00ab Le pardon \u00bb accord\u00e9 par le Garde des Sceaux peut-il mettre un terme \u00e0 la proc\u00e9dure disciplinaire engag\u00e9e contre un magistrat ?: la r\u00e9ponse est non (Par Me Traor\u00e9)"},"content":{"rendered":"\n<p>Lorsque des magistrats sont soup\u00e7onn\u00e9s d\u2019avoir commis des fautes professionnelles et qu\u2019ils ont \u00e9t\u00e9 suspendus en pr\u00e9lude de la saisie du Conseil sup\u00e9rieur de la magistrature, il est souhaitable que la proc\u00e9dure soit men\u00e9e jusqu\u2019\u00e0 son terme. Dans notre pays, la suspension d\u2019un magistrat, mesure purement conservatoire, est per\u00e7ue par la majorit\u00e9 comme une v\u00e9ritable sanction reposant sur des faits fautifs. Si un magistrat a \u00e9t\u00e9 suspendu, c\u2019est parce qu\u2019il a commis une faute professionnelle, voil\u00e0 ce que pense le commun des mortels. Alors que seul le CSM peut juger un magistrat pour une faute professionnelle. Le ministre de la Justice n\u2019en a pas le pouvoir. Si, apr\u00e8s la suspension d\u2019un magistrat, le CSM a \u00e9t\u00e9 saisi dans le d\u00e9lai l\u00e9gal, il devrait absolument rendre une d\u00e9cision, m\u00eame si celle-ci n\u2019est pas rendue publique. Et si la saisine du CSM n\u2019est pas faite dans ce d\u00e9lai, la suspension tombe et le magistrat est cens\u00e9 pouvoir reprendre ses fonctions.<\/p>\n\n\n\n<p>Ainsi, la question qui se pose est de savoir si&nbsp;\u00bb le pardon&nbsp;\u00bb accord\u00e9 par le Garde des Sceaux peut mettre un terme \u00e0 la proc\u00e9dure disciplinaire engag\u00e9e contre un magistrat ? Sauf erreur, la r\u00e9ponse est non d\u00e8s lors que le CSM est saisi.<\/p>\n\n\n\n<p>Or, apr\u00e8s un mois de suspension, le CSM est suppos\u00e9 avoir \u00e9t\u00e9 saisi sinon on ne parlerait plus de suspension.<\/p>\n\n\n\n<p>L\u2019autre question qui se pose est de savoir si les magistrats concern\u00e9s accepteraient un pardon du Garde des Sceaux. En effet, on ne pardonne que ceux qui ont commis une faute. Celui qui demande pardon ou accepte d\u2019\u00eatre pardonn\u00e9 reconna\u00eet implicitement avoir commis une faute. Et dans cette hypoth\u00e8se, le justiciable lui-m\u00eame devrait demander que le CSM rende sa d\u00e9cision sur les faits reproch\u00e9s au magistrat. En pardonnant un magistrat \u2013 \u00e0 supposer que ce pardon ait une base l\u00e9gale \u2013 qu\u2019est-ce qui pourrait garantir la non \u2013 r\u00e9p\u00e9tition des faits pour lesquels il a \u00e9t\u00e9 suspendu et qui lui ont valu des poursuites devant l\u2019organe disciplinaire des magistrats ?<\/p>\n\n\n\n<p>En principe, m\u00eame les magistrats concern\u00e9s \u2013 du moins ceux qui ne se reprochent rien \u2013 devraient chercher \u00e0 obtenir une d\u00e9cision qui les blanchirait totalement devant l\u2019opinion publique. Surtout qu\u2019il est fait allusion \u00e0 des faits de corruption sans qu\u2019on ne puisse faire la d\u00e9marcation entre celui qui est poursuivi pour corruption et celui qui est poursuivi pour d\u2019autres faits. Et surtout que chaque cas de suspension d\u2019un magistrat a \u00e9t\u00e9 publi\u00e9 et fait l\u2019objet de moults commentaires.<\/p>\n\n\n\n<p>Mais les magistrats qui savent que les poursuites disciplinaires engag\u00e9es contre eux sont fond\u00e9es se contenteront du pardon que leur a accord\u00e9 le ministre et le b\u00e9niront d\u2019ailleurs pour cet \u00ab&nbsp;acte de grandeur&nbsp;\u00bb m\u00eame s\u2019il suscite des interrogations quant \u00e0 son fondement l\u00e9gal.<\/p>\n\n\n\n<p><strong>Me Mohamed Traor\u00e9<\/strong><\/p>\n\n\n\n<p><strong>Ancien B\u00e2tonnier<\/strong><\/p>\n","protected":false},"excerpt":{"rendered":"<p>Lorsque des magistrats sont soup\u00e7onn\u00e9s d\u2019avoir commis des fautes professionnelles et qu\u2019ils ont \u00e9t\u00e9 suspendus en pr\u00e9lude de la saisie du Conseil sup\u00e9rieur de la magistrature, il est souhaitable que la proc\u00e9dure soit men\u00e9e jusqu\u2019\u00e0 son terme. Dans notre pays, la suspension d\u2019un magistrat, mesure purement conservatoire, est per\u00e7ue par la majorit\u00e9 comme une v\u00e9ritable [&hellip;]<\/p>\n","protected":false},"author":3,"featured_media":46288,"comment_status":"open","ping_status":"open","sticky":false,"template":"","format":"standard","meta":{"footnotes":""},"categories":[2],"tags":[],"class_list":["post-48414","post","type-post","status-publish","format-standard","has-post-thumbnail","hentry","category-actualites"],"_links":{"self":[{"href":"http:\/\/www.friaguinee.net\/index.php\/wp-json\/wp\/v2\/posts\/48414","targetHints":{"allow":["GET"]}}],"collection":[{"href":"http:\/\/www.friaguinee.net\/index.php\/wp-json\/wp\/v2\/posts"}],"about":[{"href":"http:\/\/www.friaguinee.net\/index.php\/wp-json\/wp\/v2\/types\/post"}],"author":[{"embeddable":true,"href":"http:\/\/www.friaguinee.net\/index.php\/wp-json\/wp\/v2\/users\/3"}],"replies":[{"embeddable":true,"href":"http:\/\/www.friaguinee.net\/index.php\/wp-json\/wp\/v2\/comments?post=48414"}],"version-history":[{"count":1,"href":"http:\/\/www.friaguinee.net\/index.php\/wp-json\/wp\/v2\/posts\/48414\/revisions"}],"predecessor-version":[{"id":48415,"href":"http:\/\/www.friaguinee.net\/index.php\/wp-json\/wp\/v2\/posts\/48414\/revisions\/48415"}],"wp:featuredmedia":[{"embeddable":true,"href":"http:\/\/www.friaguinee.net\/index.php\/wp-json\/wp\/v2\/media\/46288"}],"wp:attachment":[{"href":"http:\/\/www.friaguinee.net\/index.php\/wp-json\/wp\/v2\/media?parent=48414"}],"wp:term":[{"taxonomy":"category","embeddable":true,"href":"http:\/\/www.friaguinee.net\/index.php\/wp-json\/wp\/v2\/categories?post=48414"},{"taxonomy":"post_tag","embeddable":true,"href":"http:\/\/www.friaguinee.net\/index.php\/wp-json\/wp\/v2\/tags?post=48414"}],"curies":[{"name":"wp","href":"https:\/\/api.w.org\/{rel}","templated":true}]}}