{"id":48398,"date":"2023-07-19T09:27:55","date_gmt":"2023-07-19T09:27:55","guid":{"rendered":"http:\/\/www.friaguinee.net\/?p=48398"},"modified":"2023-07-19T09:27:57","modified_gmt":"2023-07-19T09:27:57","slug":"omvs-la-guinee-suspend-sa-participation-au-sein-de-lorganisation-sous-regionale","status":"publish","type":"post","link":"http:\/\/www.friaguinee.net\/index.php\/2023\/07\/19\/omvs-la-guinee-suspend-sa-participation-au-sein-de-lorganisation-sous-regionale\/","title":{"rendered":"OMVS : la Guin\u00e9e suspend sa participation au sein\u00a0 de l\u2019organisation sous r\u00e9gionale"},"content":{"rendered":"\n<p> A travers un communiqu\u00e9 lu ce mardi 18 juillet 2023 \u00e0 la t\u00e9l\u00e9vision nationale, la Guin\u00e9e a annonc\u00e9 la suspension de sa participation dans les instances de l\u2019Organisation pour la Mise en Valeur du fleuve S\u00e9n\u00e9gal (OMVS).<\/p>\n\n\n\n<p>Selon ledit communiqu\u00e9,  cette d\u00e9cision prise est le fait que les pr\u00e9occupations de la Guin\u00e9e n\u2019ont jamais \u00e9t\u00e9 prises en compte par ladite organisation.<\/p>\n\n\n\n<p><strong>Ci-dessous communiqu\u00e9 :<\/strong><\/p>\n\n\n\n<figure class=\"wp-block-image size-large\"><img loading=\"lazy\" decoding=\"async\" width=\"721\" height=\"1024\" src=\"http:\/\/www.friaguinee.net\/wp-content\/uploads\/2023\/07\/OMVS-721x1024.jpg\" alt=\"\" class=\"wp-image-48399\" srcset=\"http:\/\/www.friaguinee.net\/wp-content\/uploads\/2023\/07\/OMVS-721x1024.jpg 721w, http:\/\/www.friaguinee.net\/wp-content\/uploads\/2023\/07\/OMVS-211x300.jpg 211w, http:\/\/www.friaguinee.net\/wp-content\/uploads\/2023\/07\/OMVS-696x989.jpg 696w, http:\/\/www.friaguinee.net\/wp-content\/uploads\/2023\/07\/OMVS-296x420.jpg 296w, http:\/\/www.friaguinee.net\/wp-content\/uploads\/2023\/07\/OMVS.jpg 760w\" sizes=\"auto, (max-width: 721px) 100vw, 721px\" \/><figcaption><strong>Friaguinee.net<\/strong><\/figcaption><\/figure>\n","protected":false},"excerpt":{"rendered":"<p>A travers un communiqu\u00e9 lu ce mardi 18 juillet 2023 \u00e0 la t\u00e9l\u00e9vision nationale, la Guin\u00e9e a annonc\u00e9 la suspension de sa participation dans les instances de l\u2019Organisation pour la Mise en Valeur du fleuve S\u00e9n\u00e9gal (OMVS). Selon ledit communiqu\u00e9, cette d\u00e9cision prise est le fait que les pr\u00e9occupations de la Guin\u00e9e n\u2019ont jamais \u00e9t\u00e9 [&hellip;]<\/p>\n","protected":false},"author":3,"featured_media":48400,"comment_status":"open","ping_status":"open","sticky":false,"template":"","format":"standard","meta":{"footnotes":""},"categories":[2],"tags":[],"class_list":["post-48398","post","type-post","status-publish","format-standard","has-post-thumbnail","hentry","category-actualites"],"_links":{"self":[{"href":"http:\/\/www.friaguinee.net\/index.php\/wp-json\/wp\/v2\/posts\/48398","targetHints":{"allow":["GET"]}}],"collection":[{"href":"http:\/\/www.friaguinee.net\/index.php\/wp-json\/wp\/v2\/posts"}],"about":[{"href":"http:\/\/www.friaguinee.net\/index.php\/wp-json\/wp\/v2\/types\/post"}],"author":[{"embeddable":true,"href":"http:\/\/www.friaguinee.net\/index.php\/wp-json\/wp\/v2\/users\/3"}],"replies":[{"embeddable":true,"href":"http:\/\/www.friaguinee.net\/index.php\/wp-json\/wp\/v2\/comments?post=48398"}],"version-history":[{"count":1,"href":"http:\/\/www.friaguinee.net\/index.php\/wp-json\/wp\/v2\/posts\/48398\/revisions"}],"predecessor-version":[{"id":48401,"href":"http:\/\/www.friaguinee.net\/index.php\/wp-json\/wp\/v2\/posts\/48398\/revisions\/48401"}],"wp:featuredmedia":[{"embeddable":true,"href":"http:\/\/www.friaguinee.net\/index.php\/wp-json\/wp\/v2\/media\/48400"}],"wp:attachment":[{"href":"http:\/\/www.friaguinee.net\/index.php\/wp-json\/wp\/v2\/media?parent=48398"}],"wp:term":[{"taxonomy":"category","embeddable":true,"href":"http:\/\/www.friaguinee.net\/index.php\/wp-json\/wp\/v2\/categories?post=48398"},{"taxonomy":"post_tag","embeddable":true,"href":"http:\/\/www.friaguinee.net\/index.php\/wp-json\/wp\/v2\/tags?post=48398"}],"curies":[{"name":"wp","href":"https:\/\/api.w.org\/{rel}","templated":true}]}}