{"id":48024,"date":"2023-05-22T16:36:47","date_gmt":"2023-05-22T16:36:47","guid":{"rendered":"http:\/\/www.friaguinee.net\/?p=48024"},"modified":"2023-05-22T16:38:22","modified_gmt":"2023-05-22T16:38:22","slug":"liberte-de-la-presse-en-guinee-les-organisations-professionnelles-et-le-syndicat-de-la-presse-annoncent-de-fortes-actions","status":"publish","type":"post","link":"http:\/\/www.friaguinee.net\/index.php\/2023\/05\/22\/liberte-de-la-presse-en-guinee-les-organisations-professionnelles-et-le-syndicat-de-la-presse-annoncent-de-fortes-actions\/","title":{"rendered":"Libert\u00e9 de la presse en Guin\u00e9e : les organisations professionnelles et le syndicat de la presse annoncent de fortes actions"},"content":{"rendered":"\n<p>Suite \u00e0 la r\u00e9union tenue ce lundi, 22 mai 2023 \u00e0 Conakry, les organisations professionnelles et le syndicat de la presse \u00e0 travers une d\u00e9claration,  annoncent des actions fortes visant \u00e0 barrer la route au musellement de la presse par les autorit\u00e9s de la transition.<\/p>\n\n\n\n<p><strong>D\u00e9claration des organisations professionnelles et du syndicat de la presse<\/strong><\/p>\n\n\n\n<p>Suite au d\u00e9mant\u00e8lement par effraction des \u00e9metteurs du Groupe de presse AfricVision, au brouillage des ondes des radios FIM FM et Djoma FM, la restriction des sites d\u2019informations guin\u00e9ens et des r\u00e9seaux sociaux, et en r\u00e9action aux menaces prof\u00e9r\u00e9es contre la presse par le ministre porte-parole du gouvernement, Ousmane Gaoual Diallo, les organisations professionnelles de la presse ont d\u00e9cid\u00e9 ce jour des actions suivantes&nbsp;:<\/p>\n\n\n\n<p>1-D\u00e9clarer \u00e0 partir de ce lundi 22 mai 2023, le ministre Ousmane Gaoual Diallo, ministre des postes et t\u00e9l\u00e9communications, porte-parole du Gouvernement, ennemi de la presse Guin\u00e9enne ;<\/p>\n\n\n\n<p>2- le Boycott \u00e0 partir de ce jour de toutes les activit\u00e9s du gouvernement et les autres organes de la Transition jusqu\u2019\u00e0 la lev\u00e9e de toutes les restrictions\u00a0;<\/p>\n\n\n\n<p>3-Une Journ\u00e9e sans presse le mardi 23 mai 2023 (de 5h \u00e0 00h)&nbsp;;<\/p>\n\n\n\n<p>4- le Boycott de la Semaine Nationale des M\u00e9tiers de l\u2019Information et de la Communication (SENAMIC)&nbsp;;<\/p>\n\n\n\n<p><a href=\"https:\/\/guinee114.com\/fonike-mengue-deux-mois-en-prison-plusieurs-organisations-internationales-demandent-sa-liberation\/\" target=\"_blank\" rel=\"noreferrer noopener\"><\/a>5- Informer et interpeller les Ambassades, la communaut\u00e9 internationale, les organisations de d\u00e9fense des droits de l\u2019Homme et la HAC sur les menaces qui p\u00e8sent sur la presse guin\u00e9enne\u00a0;<\/p>\n\n\n\n<p>6-Une marche de protestation le jeudi 1<sup>er<\/sup>&nbsp;juin 2023 sur toute l\u2019\u00e9tendue du territoire national.<\/p>\n\n\n\n<p>Les organisations professionnelles se r\u00e9servent le droit d\u2019entreprendre des actions plus vigoureuses si le Gouvernement ne restitue pas imm\u00e9diatement les \u00e9metteurs d\u2019AfricVision, ne cesse pas le brouillage des ondes et ne d\u00e9bloque pas les sites et les r\u00e9seaux sociaux.<\/p>\n\n\n\n<p>Ces actions seront, entre autres&nbsp;:<\/p>\n\n\n\n<ul class=\"wp-block-list\"><li>D\u2019organiser des synergies des m\u00e9dias sur la situation de la presse<\/li><li>De suspendre la participation de la presse au sein du conseil d\u2019administration du FADEM (Fonds d\u2019Appui au D\u00e9veloppement des M\u00e9dias), de la HAC et du CNT.<\/li><\/ul>\n\n\n\n<p><strong>Conakry le 22 Mai 2023<\/strong><\/p>\n\n\n\n<p><a href=\"https:\/\/guinee114.com\/fonike-mengue-deux-mois-en-prison-plusieurs-organisations-internationales-demandent-sa-liberation\/\" target=\"_blank\" rel=\"noreferrer noopener\"><\/a><\/p>\n","protected":false},"excerpt":{"rendered":"<p>Suite \u00e0 la r\u00e9union tenue ce lundi, 22 mai 2023 \u00e0 Conakry, les organisations professionnelles et le syndicat de la presse \u00e0 travers une d\u00e9claration, annoncent des actions fortes visant \u00e0 barrer la route au musellement de la presse par les autorit\u00e9s de la transition. D\u00e9claration des organisations professionnelles et du syndicat de la presse [&hellip;]<\/p>\n","protected":false},"author":3,"featured_media":48025,"comment_status":"open","ping_status":"open","sticky":false,"template":"","format":"standard","meta":{"footnotes":""},"categories":[2],"tags":[],"class_list":["post-48024","post","type-post","status-publish","format-standard","has-post-thumbnail","hentry","category-actualites"],"_links":{"self":[{"href":"http:\/\/www.friaguinee.net\/index.php\/wp-json\/wp\/v2\/posts\/48024","targetHints":{"allow":["GET"]}}],"collection":[{"href":"http:\/\/www.friaguinee.net\/index.php\/wp-json\/wp\/v2\/posts"}],"about":[{"href":"http:\/\/www.friaguinee.net\/index.php\/wp-json\/wp\/v2\/types\/post"}],"author":[{"embeddable":true,"href":"http:\/\/www.friaguinee.net\/index.php\/wp-json\/wp\/v2\/users\/3"}],"replies":[{"embeddable":true,"href":"http:\/\/www.friaguinee.net\/index.php\/wp-json\/wp\/v2\/comments?post=48024"}],"version-history":[{"count":2,"href":"http:\/\/www.friaguinee.net\/index.php\/wp-json\/wp\/v2\/posts\/48024\/revisions"}],"predecessor-version":[{"id":48028,"href":"http:\/\/www.friaguinee.net\/index.php\/wp-json\/wp\/v2\/posts\/48024\/revisions\/48028"}],"wp:featuredmedia":[{"embeddable":true,"href":"http:\/\/www.friaguinee.net\/index.php\/wp-json\/wp\/v2\/media\/48025"}],"wp:attachment":[{"href":"http:\/\/www.friaguinee.net\/index.php\/wp-json\/wp\/v2\/media?parent=48024"}],"wp:term":[{"taxonomy":"category","embeddable":true,"href":"http:\/\/www.friaguinee.net\/index.php\/wp-json\/wp\/v2\/categories?post=48024"},{"taxonomy":"post_tag","embeddable":true,"href":"http:\/\/www.friaguinee.net\/index.php\/wp-json\/wp\/v2\/tags?post=48024"}],"curies":[{"name":"wp","href":"https:\/\/api.w.org\/{rel}","templated":true}]}}