{"id":47903,"date":"2023-05-04T09:14:49","date_gmt":"2023-05-04T09:14:49","guid":{"rendered":"http:\/\/www.friaguinee.net\/?p=47903"},"modified":"2023-05-04T09:14:50","modified_gmt":"2023-05-04T09:14:50","slug":"urgent-les-forces-vives-annoncent-une-serie-de-manifestations-a-partir-du-10-mai","status":"publish","type":"post","link":"http:\/\/www.friaguinee.net\/index.php\/2023\/05\/04\/urgent-les-forces-vives-annoncent-une-serie-de-manifestations-a-partir-du-10-mai\/","title":{"rendered":"Urgent : les Forces Vives annoncent une s\u00e9rie de manifestations \u00e0 partir du 10 mai"},"content":{"rendered":"\n<p>A travers un communiqu\u00e9 publi\u00e9 ce mercredi 03 mai 2023, les Forces Vives de Guin\u00e9e annoncent une s\u00e9rie de manifestations les 10, 11, 17, 18, 24 et 25 mai 2023 dans le grand Conakry et \u00e0 l\u2019int\u00e9rieur du pays.<\/p>\n\n\n\n<p>Cette d\u00e9cision de passer \u00e0 la vitesse sup\u00e9rieure est suite \u00e0 leur retrait  des pourparlers avec le premier ministre sous l\u2019\u00e9gide des autorit\u00e9s religieuses.<\/p>\n\n\n\n<p><strong>Ci-dessous communiqu\u00e9 :<\/strong><\/p>\n\n\n\n<figure class=\"wp-block-image size-full\"><img loading=\"lazy\" decoding=\"async\" width=\"700\" height=\"906\" src=\"http:\/\/www.friaguinee.net\/wp-content\/uploads\/2023\/05\/AGENDA-FVG.jpg\" alt=\"\" class=\"wp-image-47904\" srcset=\"http:\/\/www.friaguinee.net\/wp-content\/uploads\/2023\/05\/AGENDA-FVG.jpg 700w, http:\/\/www.friaguinee.net\/wp-content\/uploads\/2023\/05\/AGENDA-FVG-232x300.jpg 232w, http:\/\/www.friaguinee.net\/wp-content\/uploads\/2023\/05\/AGENDA-FVG-696x901.jpg 696w, http:\/\/www.friaguinee.net\/wp-content\/uploads\/2023\/05\/AGENDA-FVG-325x420.jpg 325w\" sizes=\"auto, (max-width: 700px) 100vw, 700px\" \/><figcaption><strong>Friaguinee.net<\/strong><\/figcaption><\/figure>\n","protected":false},"excerpt":{"rendered":"<p>A travers un communiqu\u00e9 publi\u00e9 ce mercredi 03 mai 2023, les Forces Vives de Guin\u00e9e annoncent une s\u00e9rie de manifestations les 10, 11, 17, 18, 24 et 25 mai 2023 dans le grand Conakry et \u00e0 l\u2019int\u00e9rieur du pays. Cette d\u00e9cision de passer \u00e0 la vitesse sup\u00e9rieure est suite \u00e0 leur retrait des pourparlers avec [&hellip;]<\/p>\n","protected":false},"author":3,"featured_media":47905,"comment_status":"open","ping_status":"open","sticky":false,"template":"","format":"standard","meta":{"footnotes":""},"categories":[2],"tags":[],"class_list":["post-47903","post","type-post","status-publish","format-standard","has-post-thumbnail","hentry","category-actualites"],"_links":{"self":[{"href":"http:\/\/www.friaguinee.net\/index.php\/wp-json\/wp\/v2\/posts\/47903","targetHints":{"allow":["GET"]}}],"collection":[{"href":"http:\/\/www.friaguinee.net\/index.php\/wp-json\/wp\/v2\/posts"}],"about":[{"href":"http:\/\/www.friaguinee.net\/index.php\/wp-json\/wp\/v2\/types\/post"}],"author":[{"embeddable":true,"href":"http:\/\/www.friaguinee.net\/index.php\/wp-json\/wp\/v2\/users\/3"}],"replies":[{"embeddable":true,"href":"http:\/\/www.friaguinee.net\/index.php\/wp-json\/wp\/v2\/comments?post=47903"}],"version-history":[{"count":1,"href":"http:\/\/www.friaguinee.net\/index.php\/wp-json\/wp\/v2\/posts\/47903\/revisions"}],"predecessor-version":[{"id":47906,"href":"http:\/\/www.friaguinee.net\/index.php\/wp-json\/wp\/v2\/posts\/47903\/revisions\/47906"}],"wp:featuredmedia":[{"embeddable":true,"href":"http:\/\/www.friaguinee.net\/index.php\/wp-json\/wp\/v2\/media\/47905"}],"wp:attachment":[{"href":"http:\/\/www.friaguinee.net\/index.php\/wp-json\/wp\/v2\/media?parent=47903"}],"wp:term":[{"taxonomy":"category","embeddable":true,"href":"http:\/\/www.friaguinee.net\/index.php\/wp-json\/wp\/v2\/categories?post=47903"},{"taxonomy":"post_tag","embeddable":true,"href":"http:\/\/www.friaguinee.net\/index.php\/wp-json\/wp\/v2\/tags?post=47903"}],"curies":[{"name":"wp","href":"https:\/\/api.w.org\/{rel}","templated":true}]}}