{"id":47795,"date":"2023-04-15T15:00:37","date_gmt":"2023-04-15T15:00:37","guid":{"rendered":"http:\/\/www.friaguinee.net\/?p=47795"},"modified":"2023-04-15T15:02:14","modified_gmt":"2023-04-15T15:02:14","slug":"fria-religion-la-jeunesse-de-fria-au-coeur-du-developpement-et-dune-transition-reussie","status":"publish","type":"post","link":"http:\/\/www.friaguinee.net\/index.php\/2023\/04\/15\/fria-religion-la-jeunesse-de-fria-au-coeur-du-developpement-et-dune-transition-reussie\/","title":{"rendered":"Fria \/ R\u00e9ligion : La jeunesse de Fria au c\u0153ur du d\u00e9veloppement et d&rsquo;une transition r\u00e9ussie"},"content":{"rendered":"\n<p>Une semaine d&rsquo;activit\u00e9s citoyennes a suffit pour la jeunesse de Fria d\u2019exprimer non seulement sa volont\u00e9 de contribuer au d\u00e9veloppement de la ville industrielle qui rena\u00eet de ses cendres, mais aussi d&rsquo;accompagner les autorit\u00e9s pr\u00e9fectorales pour une transition r\u00e9ussie.<\/p>\n\n\n\n<p>L\u2019objectif de la Direction Pr\u00e9fectorale de la jeunesse initiatrice de ce projet est de f\u00e9d\u00e9rer les efforts des structures issues des 13 quartiers et des 24 districts, de r\u00e9unir les jeunes autour des actions communes pour l&rsquo;\u00e9mancipation de cette couche, pour l&rsquo;unit\u00e9 nationale, et le d\u00e9veloppement dans la pr\u00e9fecture, passant par :<\/p>\n\n\n\n<p>L&rsquo;assainissement, le d\u00e9frichage du grand cimeti\u00e8re et la peinture de la cl\u00f4ture de la cour de la grande mosqu\u00e9e et de l\u2019\u00e9glise catholique de Fria&nbsp; programm\u00e9s en collaboration avec les femmes et les religieux avec l&rsquo;accompagnement des autorit\u00e9s locales et des personnes de bonne volont\u00e9, toutes les activit\u00e9s planifi\u00e9es ont \u00e9t\u00e9 r\u00e9alis\u00e9es et ont \u00e9t\u00e9 couronn\u00e9es par la lecture du saint coran.<\/p>\n\n\n\n<figure class=\"wp-block-image size-large\"><img loading=\"lazy\" decoding=\"async\" width=\"1024\" height=\"768\" src=\"http:\/\/www.friaguinee.net\/wp-content\/uploads\/2023\/04\/341070402_895799618380716_6332415437990595821_n-1-1-1024x768.jpg\" alt=\"\" class=\"wp-image-47801\" srcset=\"http:\/\/www.friaguinee.net\/wp-content\/uploads\/2023\/04\/341070402_895799618380716_6332415437990595821_n-1-1-1024x768.jpg 1024w, http:\/\/www.friaguinee.net\/wp-content\/uploads\/2023\/04\/341070402_895799618380716_6332415437990595821_n-1-1-300x225.jpg 300w, http:\/\/www.friaguinee.net\/wp-content\/uploads\/2023\/04\/341070402_895799618380716_6332415437990595821_n-1-1-768x576.jpg 768w, http:\/\/www.friaguinee.net\/wp-content\/uploads\/2023\/04\/341070402_895799618380716_6332415437990595821_n-1-1-1536x1152.jpg 1536w, http:\/\/www.friaguinee.net\/wp-content\/uploads\/2023\/04\/341070402_895799618380716_6332415437990595821_n-1-1-80x60.jpg 80w, http:\/\/www.friaguinee.net\/wp-content\/uploads\/2023\/04\/341070402_895799618380716_6332415437990595821_n-1-1-265x198.jpg 265w, http:\/\/www.friaguinee.net\/wp-content\/uploads\/2023\/04\/341070402_895799618380716_6332415437990595821_n-1-1-696x522.jpg 696w, http:\/\/www.friaguinee.net\/wp-content\/uploads\/2023\/04\/341070402_895799618380716_6332415437990595821_n-1-1-1068x801.jpg 1068w, http:\/\/www.friaguinee.net\/wp-content\/uploads\/2023\/04\/341070402_895799618380716_6332415437990595821_n-1-1-560x420.jpg 560w, http:\/\/www.friaguinee.net\/wp-content\/uploads\/2023\/04\/341070402_895799618380716_6332415437990595821_n-1-1.jpg 2048w\" sizes=\"auto, (max-width: 1024px) 100vw, 1024px\" \/><\/figure>\n\n\n\n<p>Pr\u00e9sent \u00e0 cette c\u00e9r\u00e9monie de lecture du saint coran qui a regroup\u00e9 le 1er vice maire de Fria Mamadou Batco DIALLO, des cadres pr\u00e9fectoraux et communaux, du 1er imams de la mosqu\u00e9e centrale et des autres imams des mosqu\u00e9es de la commune urbaine, le Colonel Alpha Oumar CISSE Pr\u00e9fet de Fria s\u2019est dit satisfait de l\u2019initiative prise par sa jeunesse en ce mois saint du ramadan \u00e0 organiser ce genre d\u2019activit\u00e9<\/p>\n\n\n\n<figure class=\"wp-block-image size-full is-resized\"><img loading=\"lazy\" decoding=\"async\" src=\"http:\/\/www.friaguinee.net\/wp-content\/uploads\/2023\/04\/341024072_1233357714052244_4255458720790829799_n.jpg\" alt=\"\" class=\"wp-image-47797\" width=\"651\" height=\"981\" srcset=\"http:\/\/www.friaguinee.net\/wp-content\/uploads\/2023\/04\/341024072_1233357714052244_4255458720790829799_n.jpg 328w, http:\/\/www.friaguinee.net\/wp-content\/uploads\/2023\/04\/341024072_1233357714052244_4255458720790829799_n-199x300.jpg 199w, http:\/\/www.friaguinee.net\/wp-content\/uploads\/2023\/04\/341024072_1233357714052244_4255458720790829799_n-279x420.jpg 279w\" sizes=\"auto, (max-width: 651px) 100vw, 651px\" \/><figcaption>                                                <strong> Colonel Alpha Oumar CISSE<\/strong><\/figcaption><\/figure>\n\n\n\n<p>                                                               <strong>Pr\u00e9fet de Fria<\/strong><\/p>\n\n\n\n<p>\u201c Je suis tr\u00e8s tr\u00e8s satisfait de cette initiative des jeunes. Je suis content parce que des jeunes qui se retrouvent autour de la religion (coran) n&rsquo;ont pas besoin de descendre dans la rue. Au nom du chef de l&rsquo;Etat Colonel Mamadi DOUMBOUYA, Chef supr\u00eame des arm\u00e9es, je f\u00e9licite et encourage les initiateurs (jeunes) pour cette grande et noble action en faveur de la Paix, gage de tout d\u00e9veloppement et pour la r\u00e9ussite de la transition \u201c a-t-il d\u00e9clar\u00e9<\/p>\n\n\n\n<p>Pour sa part Mohamed Aboubacar Camara&nbsp; directeur pr\u00e9fectoral de la jeunesse a saisi cette occasion pour implorer Dieu et remercier les autorit\u00e9s pr\u00e9fectorales et communales pour leur accompagnement et leur pr\u00e9sence aupr\u00e8s des jeunes<\/p>\n\n\n\n<figure class=\"wp-block-image size-full\"><img loading=\"lazy\" decoding=\"async\" width=\"719\" height=\"939\" src=\"http:\/\/www.friaguinee.net\/wp-content\/uploads\/2023\/04\/328969016_175328518333024_9096545754097793210_n.jpg\" alt=\"\" class=\"wp-image-47798\" srcset=\"http:\/\/www.friaguinee.net\/wp-content\/uploads\/2023\/04\/328969016_175328518333024_9096545754097793210_n.jpg 719w, http:\/\/www.friaguinee.net\/wp-content\/uploads\/2023\/04\/328969016_175328518333024_9096545754097793210_n-230x300.jpg 230w, http:\/\/www.friaguinee.net\/wp-content\/uploads\/2023\/04\/328969016_175328518333024_9096545754097793210_n-696x909.jpg 696w, http:\/\/www.friaguinee.net\/wp-content\/uploads\/2023\/04\/328969016_175328518333024_9096545754097793210_n-322x420.jpg 322w\" sizes=\"auto, (max-width: 719px) 100vw, 719px\" \/><figcaption>                                                   <strong>Mohamed  Aboubacar  Camara<\/strong><\/figcaption><\/figure>\n\n\n\n<p>                                         <strong>Directeur Pr\u00e9fectoral de la Jeunesse de Fria<\/strong><\/p>\n\n\n\n<p>\u201c&nbsp; Nous avons voulu profiter de ce mois saint de ramadan pour implorer sa gr\u00e2ce en faveur des jeunes de Fria qui, majorit\u00e9 ch\u00f4me. Mais aussi accompagner de notre mani\u00e8re les autorit\u00e9s de la transition. Pour se faire, nous avons initi\u00e9 d&rsquo;abord les activit\u00e9s citoyennes avant de cl\u00f4turer ce vendredi par ce grand sacrifice comme vous le voyez. Nous vous remercions sinc\u00e8rement les autorit\u00e9s pr\u00e9fectorales et communales et les personnes de bonnes volont\u00e9s pour l&rsquo;accompagnement. A la suite de toutes ses activit\u00e9s, nous envisageons de mettre en place une structure fa\u00eeti\u00e8re pour la jeunesse les jours et mois \u00e0 venir ce, avec l&rsquo;appui de toutes les filles et fils de Fria \u201c a implor\u00e9 le DPJ<\/p>\n\n\n\n<p>&nbsp;Quant au premier Imam El Hadj Salifou Fofana, il remercie le tout puissant Allah d\u2019avoir toucher le coeur des jeunes \u00e0 mener ce genre d\u2019action au b\u00e9n\u00e9fice de l\u2019islam<\/p>\n\n\n\n<figure class=\"wp-block-image size-full\"><img loading=\"lazy\" decoding=\"async\" width=\"676\" height=\"731\" src=\"http:\/\/www.friaguinee.net\/wp-content\/uploads\/2023\/04\/341294880_956464399120140_8250328548773963623_n.jpg\" alt=\"\" class=\"wp-image-47796\" srcset=\"http:\/\/www.friaguinee.net\/wp-content\/uploads\/2023\/04\/341294880_956464399120140_8250328548773963623_n.jpg 676w, http:\/\/www.friaguinee.net\/wp-content\/uploads\/2023\/04\/341294880_956464399120140_8250328548773963623_n-277x300.jpg 277w, http:\/\/www.friaguinee.net\/wp-content\/uploads\/2023\/04\/341294880_956464399120140_8250328548773963623_n-388x420.jpg 388w\" sizes=\"auto, (max-width: 676px) 100vw, 676px\" \/><figcaption>                                                     <strong> El Hadj Salifou Fofana<\/strong><\/figcaption><\/figure>\n\n\n\n<p><strong>                                       1er Imam de la mosqu\u00e9e centrale de Fria<\/strong><\/p>\n\n\n\n<p>&nbsp;Nous, on peut que remercier cette jeunesse pour cette initiation. Nous disons tout simplement DIEU merci. Et nous implorons Allah pour qu&rsquo;il \u00e9coute et accompagne les enfants de Fria partout o\u00f9 ils sont dans le monde. Nous prions aussi pour les autorit\u00e9s du pays et pour notre jeune pr\u00e9fet qui, depuis qu&rsquo;il est l\u00e0, il est toujours aux c\u00f4t\u00e9s et \u00e0 l&rsquo;\u00e9coute de sa population \u201c a-t-il souhait\u00e9<\/p>\n\n\n\n<p>A en croire les initiateurs, des actions de nettoyage se poursuivront jusqu&rsquo;au jour de la f\u00eate de ramadan et dans tous les lieux de cultes.<\/p>\n\n\n\n<p><strong>Alhassane Mayenie Camara<\/strong><\/p>\n\n\n\n<p><\/p>\n","protected":false},"excerpt":{"rendered":"<p>Une semaine d&rsquo;activit\u00e9s citoyennes a suffit pour la jeunesse de Fria d\u2019exprimer non seulement sa volont\u00e9 de contribuer au d\u00e9veloppement de la ville industrielle qui rena\u00eet de ses cendres, mais aussi d&rsquo;accompagner les autorit\u00e9s pr\u00e9fectorales pour une transition r\u00e9ussie. L\u2019objectif de la Direction Pr\u00e9fectorale de la jeunesse initiatrice de ce projet est de f\u00e9d\u00e9rer les [&hellip;]<\/p>\n","protected":false},"author":3,"featured_media":47800,"comment_status":"open","ping_status":"open","sticky":false,"template":"","format":"standard","meta":{"footnotes":""},"categories":[2],"tags":[],"class_list":["post-47795","post","type-post","status-publish","format-standard","has-post-thumbnail","hentry","category-actualites"],"_links":{"self":[{"href":"http:\/\/www.friaguinee.net\/index.php\/wp-json\/wp\/v2\/posts\/47795","targetHints":{"allow":["GET"]}}],"collection":[{"href":"http:\/\/www.friaguinee.net\/index.php\/wp-json\/wp\/v2\/posts"}],"about":[{"href":"http:\/\/www.friaguinee.net\/index.php\/wp-json\/wp\/v2\/types\/post"}],"author":[{"embeddable":true,"href":"http:\/\/www.friaguinee.net\/index.php\/wp-json\/wp\/v2\/users\/3"}],"replies":[{"embeddable":true,"href":"http:\/\/www.friaguinee.net\/index.php\/wp-json\/wp\/v2\/comments?post=47795"}],"version-history":[{"count":2,"href":"http:\/\/www.friaguinee.net\/index.php\/wp-json\/wp\/v2\/posts\/47795\/revisions"}],"predecessor-version":[{"id":47803,"href":"http:\/\/www.friaguinee.net\/index.php\/wp-json\/wp\/v2\/posts\/47795\/revisions\/47803"}],"wp:featuredmedia":[{"embeddable":true,"href":"http:\/\/www.friaguinee.net\/index.php\/wp-json\/wp\/v2\/media\/47800"}],"wp:attachment":[{"href":"http:\/\/www.friaguinee.net\/index.php\/wp-json\/wp\/v2\/media?parent=47795"}],"wp:term":[{"taxonomy":"category","embeddable":true,"href":"http:\/\/www.friaguinee.net\/index.php\/wp-json\/wp\/v2\/categories?post=47795"},{"taxonomy":"post_tag","embeddable":true,"href":"http:\/\/www.friaguinee.net\/index.php\/wp-json\/wp\/v2\/tags?post=47795"}],"curies":[{"name":"wp","href":"https:\/\/api.w.org\/{rel}","templated":true}]}}