{"id":47574,"date":"2023-03-28T12:21:50","date_gmt":"2023-03-28T12:21:50","guid":{"rendered":"http:\/\/www.friaguinee.net\/?p=47574"},"modified":"2023-03-28T12:21:52","modified_gmt":"2023-03-28T12:21:52","slug":"proces-du-28-septembre-je-ne-suis-pas-la-pour-disculper-une-personne-ni-pour-accuser-lounceny-fall","status":"publish","type":"post","link":"http:\/\/www.friaguinee.net\/index.php\/2023\/03\/28\/proces-du-28-septembre-je-ne-suis-pas-la-pour-disculper-une-personne-ni-pour-accuser-lounceny-fall\/","title":{"rendered":"Proc\u00e8s du 28 septembre : \u00ab je ne suis pas l\u00e0 pour disculper une personne, ni pour accuser \u00bb (Lounc\u00e9ny Fall)"},"content":{"rendered":"\n<p>\u00a0L&rsquo;ancien Premier ministre, Fran\u00e7ois Lounc\u00e9ny Fall compara\u00eet ce mardi 18 mars 2023, devant le tribunal criminel de Dixinn d\u00e9localis\u00e9 dans l\u2019enceinte de la Cour d\u2019appel de Conakry pour donner sa version des faits des \u00e9v\u00e9nements malheureux du 28 septembre 2009.<\/p>\n\n\n\n<p>A la barre, l&rsquo;ancien Premier ministre d\u00e9clare qu\u2019il n\u2019est pas venu pour accuser ni pour disculper une personne.<\/p>\n\n\n\n<p><em>\u00ab\u00a0Je me tiens devant vous Monsieur le pr\u00e9sident, non pour accuser une personne, je tiens \u00e0 le pr\u00e9ciser, je viens ici pour t\u00e9moigner, je ne suis pas l\u00e0 non plus pour disculper une personne ni pour accuser ni pour disculper, je tiens \u00e0 insister sur ces deux termes. Je viens ici aujourd\u2019hui pour plusieurs raisons M. le pr\u00e9sident. D\u2019abord par devoir, devoir envers toutes les victimes de ce drame, de centaines de femmes qui ont \u00e9t\u00e9 viol\u00e9es et violent\u00e9es, des centaines des personnes qui ont \u00e9t\u00e9 assassin\u00e9es, des milliers des personnes qui ont \u00e9t\u00e9 bless\u00e9es au cours de ce drame. C\u2019est pour cela que\u00a0je\u00a0suis\u00a0venu ici\u00a0\u00bb<\/em>, a-t-il\u00a0pr\u00e9cis\u00e9<\/p>\n\n\n\n<p><strong>Laouratou Soumah<\/strong><\/p>\n","protected":false},"excerpt":{"rendered":"<p>\u00a0L&rsquo;ancien Premier ministre, Fran\u00e7ois Lounc\u00e9ny Fall compara\u00eet ce mardi 18 mars 2023, devant le tribunal criminel de Dixinn d\u00e9localis\u00e9 dans l\u2019enceinte de la Cour d\u2019appel de Conakry pour donner sa version des faits des \u00e9v\u00e9nements malheureux du 28 septembre 2009. A la barre, l&rsquo;ancien Premier ministre d\u00e9clare qu\u2019il n\u2019est pas venu pour accuser ni pour [&hellip;]<\/p>\n","protected":false},"author":2,"featured_media":47575,"comment_status":"open","ping_status":"open","sticky":false,"template":"","format":"standard","meta":{"footnotes":""},"categories":[2],"tags":[],"class_list":["post-47574","post","type-post","status-publish","format-standard","has-post-thumbnail","hentry","category-actualites"],"_links":{"self":[{"href":"http:\/\/www.friaguinee.net\/index.php\/wp-json\/wp\/v2\/posts\/47574","targetHints":{"allow":["GET"]}}],"collection":[{"href":"http:\/\/www.friaguinee.net\/index.php\/wp-json\/wp\/v2\/posts"}],"about":[{"href":"http:\/\/www.friaguinee.net\/index.php\/wp-json\/wp\/v2\/types\/post"}],"author":[{"embeddable":true,"href":"http:\/\/www.friaguinee.net\/index.php\/wp-json\/wp\/v2\/users\/2"}],"replies":[{"embeddable":true,"href":"http:\/\/www.friaguinee.net\/index.php\/wp-json\/wp\/v2\/comments?post=47574"}],"version-history":[{"count":1,"href":"http:\/\/www.friaguinee.net\/index.php\/wp-json\/wp\/v2\/posts\/47574\/revisions"}],"predecessor-version":[{"id":47576,"href":"http:\/\/www.friaguinee.net\/index.php\/wp-json\/wp\/v2\/posts\/47574\/revisions\/47576"}],"wp:featuredmedia":[{"embeddable":true,"href":"http:\/\/www.friaguinee.net\/index.php\/wp-json\/wp\/v2\/media\/47575"}],"wp:attachment":[{"href":"http:\/\/www.friaguinee.net\/index.php\/wp-json\/wp\/v2\/media?parent=47574"}],"wp:term":[{"taxonomy":"category","embeddable":true,"href":"http:\/\/www.friaguinee.net\/index.php\/wp-json\/wp\/v2\/categories?post=47574"},{"taxonomy":"post_tag","embeddable":true,"href":"http:\/\/www.friaguinee.net\/index.php\/wp-json\/wp\/v2\/tags?post=47574"}],"curies":[{"name":"wp","href":"https:\/\/api.w.org\/{rel}","templated":true}]}}