{"id":47326,"date":"2023-03-04T07:09:08","date_gmt":"2023-03-04T07:09:08","guid":{"rendered":"http:\/\/www.friaguinee.net\/?p=47326"},"modified":"2023-03-04T07:09:10","modified_gmt":"2023-03-04T07:09:10","slug":"ministere-des-transports-le-colonel-mamadi-doumbouya-nomme-plusieurs-cadres","status":"publish","type":"post","link":"http:\/\/www.friaguinee.net\/index.php\/2023\/03\/04\/ministere-des-transports-le-colonel-mamadi-doumbouya-nomme-plusieurs-cadres\/","title":{"rendered":"Minist\u00e8re des Transports : le Colonel Mamadi Doumbouya nomme plusieurs cadres"},"content":{"rendered":"\n<p>A travers une s\u00e9rie de d\u00e9crets publi\u00e9s ce vendredi 3 mars 2023 \u00e0 la t\u00e9l\u00e9vision nationale, le pr\u00e9sident de la transition, le colonel Mamadi Doumbouya a proc\u00e9d\u00e9 \u00e0 la nomination de plusieurs hauts cadres au d\u00e9partement en charge des Transports. Il s&rsquo;agit de\u00a0:<\/p>\n\n\n\n<p><strong>1-Conseiller principal&nbsp;:<\/strong>&nbsp;Alexis Colle, pr\u00e9c\u00e9demment directeur g\u00e9n\u00e9ral adjoint du service national de l\u2019ordonnateur du Fonds Europ\u00e9en de D\u00e9veloppement (FED) de R\u00e9publique de Guin\u00e9e<\/p>\n\n\n\n<p><strong>2- Conseiller juridique&nbsp;:&nbsp;<\/strong>Aissatou Barr, pr\u00e9c\u00e9demment assistante juridique et administrative \u00e0 l\u2019Universit\u00e9 de Rouen Normandie<\/p>\n\n\n\n<p><strong>3- Conseiller charg\u00e9 de l\u2019analyse \u00e9conomique&nbsp;:<\/strong>&nbsp;Julien Dramou, pr\u00e9c\u00e9demment consultant auditeur financier<\/p>\n\n\n\n<p><strong>4- Conseiller charg\u00e9 des questions de transport terrestre et maritime&nbsp;:<\/strong>&nbsp;Marie Mansour, pr\u00e9c\u00e9demment conseill\u00e8re charg\u00e9e des transports a\u00e9riens et de la m\u00e9t\u00e9o<\/p>\n\n\n\n<p><strong>5-Conseiller charg\u00e9 des questions a\u00e9rien et de m\u00e9t\u00e9o&nbsp;:&nbsp;<\/strong>S\u00e9kou Oumar Thiam, pr\u00e9c\u00e9demment directeur des transports a\u00e9riens \u00e0 l\u2019Autorit\u00e9 Guin\u00e9enne de l\u2019Aviation Civile<\/p>\n\n\n\n<p><strong>Dans un autre d\u00e9cret, il a nomm\u00e9 des hauts cadres ci-dessous<\/strong><\/p>\n\n\n\n<p><strong>1-Directeur g\u00e9n\u00e9ral du Bureau de Strat\u00e9gie et de D\u00e9veloppement&nbsp;:<\/strong>&nbsp;Dr Mama Karifa Camara, pr\u00e9c\u00e9demment directeur g\u00e9n\u00e9ral du Bureau de Strat\u00e9gie et de D\u00e9veloppement du Minist\u00e8re des Infrastructures et des Transports<\/p>\n\n\n\n<p><strong>2-Directrice g\u00e9n\u00e9rale adjointe du Bureau de Strat\u00e9gie et de D\u00e9veloppement&nbsp;:&nbsp;<\/strong>Fatoumata Sayon Camara, cheffe de section charg\u00e9e de la r\u00e9gion administrative de Mamou, \u00e0 la direction nationale du Plan<\/p>\n\n\n\n<p><strong>3- Directeur national des transports terrestres&nbsp;:<\/strong>&nbsp;Mamoudou Keita, pr\u00e9c\u00e9demment directeur g\u00e9n\u00e9ral adjoint de l\u2019agence guin\u00e9enne de la s\u00e9curit\u00e9 routi\u00e8re (AGUISER)<\/p>\n\n\n\n<p><strong>4- Directrice nationale adjointe des transports terrestres&nbsp;:<\/strong>&nbsp;Madina Diawara, pr\u00e9c\u00e9demment cheffe de division suivi-\u00e9valuation et statistique au BSD du Minist\u00e8re des Infrastructures et des Transports<\/p>\n\n\n\n<p><strong>Dans le troisi\u00e8me d\u00e9cret, ces hauts cadres ont \u00e9t\u00e9 \u00e9galement nomm\u00e9s \u00e0 des postes suivants&nbsp;:<\/strong><\/p>\n\n\n\n<p><strong>1-Inspecteur g\u00e9n\u00e9ral&nbsp;:<\/strong>&nbsp;N\u2019Faly Diakit\u00e9, pr\u00e9c\u00e9demment juriste fiscaliste au cabinet d\u2019audit d\u2019assistance et conseil CAAC<\/p>\n\n\n\n<p><strong>2- Inspecteur g\u00e9n\u00e9ral adjoint\u00a0:<\/strong>\u00a0Mohamed Keita, pr\u00e9c\u00e9demment assistant administratif du secr\u00e9taire g\u00e9n\u00e9ral et responsable informatique du Minist\u00e8re des Transports.<\/p>\n\n\n\n<p><strong>Friaguinee.net<\/strong><\/p>\n","protected":false},"excerpt":{"rendered":"<p>A travers une s\u00e9rie de d\u00e9crets publi\u00e9s ce vendredi 3 mars 2023 \u00e0 la t\u00e9l\u00e9vision nationale, le pr\u00e9sident de la transition, le colonel Mamadi Doumbouya a proc\u00e9d\u00e9 \u00e0 la nomination de plusieurs hauts cadres au d\u00e9partement en charge des Transports. Il s&rsquo;agit de\u00a0: 1-Conseiller principal&nbsp;:&nbsp;Alexis Colle, pr\u00e9c\u00e9demment directeur g\u00e9n\u00e9ral adjoint du service national de l\u2019ordonnateur [&hellip;]<\/p>\n","protected":false},"author":3,"featured_media":47061,"comment_status":"open","ping_status":"open","sticky":false,"template":"","format":"standard","meta":{"footnotes":""},"categories":[2,208],"tags":[],"class_list":["post-47326","post","type-post","status-publish","format-standard","has-post-thumbnail","hentry","category-actualites","category-faits-divers"],"_links":{"self":[{"href":"http:\/\/www.friaguinee.net\/index.php\/wp-json\/wp\/v2\/posts\/47326","targetHints":{"allow":["GET"]}}],"collection":[{"href":"http:\/\/www.friaguinee.net\/index.php\/wp-json\/wp\/v2\/posts"}],"about":[{"href":"http:\/\/www.friaguinee.net\/index.php\/wp-json\/wp\/v2\/types\/post"}],"author":[{"embeddable":true,"href":"http:\/\/www.friaguinee.net\/index.php\/wp-json\/wp\/v2\/users\/3"}],"replies":[{"embeddable":true,"href":"http:\/\/www.friaguinee.net\/index.php\/wp-json\/wp\/v2\/comments?post=47326"}],"version-history":[{"count":1,"href":"http:\/\/www.friaguinee.net\/index.php\/wp-json\/wp\/v2\/posts\/47326\/revisions"}],"predecessor-version":[{"id":47327,"href":"http:\/\/www.friaguinee.net\/index.php\/wp-json\/wp\/v2\/posts\/47326\/revisions\/47327"}],"wp:featuredmedia":[{"embeddable":true,"href":"http:\/\/www.friaguinee.net\/index.php\/wp-json\/wp\/v2\/media\/47061"}],"wp:attachment":[{"href":"http:\/\/www.friaguinee.net\/index.php\/wp-json\/wp\/v2\/media?parent=47326"}],"wp:term":[{"taxonomy":"category","embeddable":true,"href":"http:\/\/www.friaguinee.net\/index.php\/wp-json\/wp\/v2\/categories?post=47326"},{"taxonomy":"post_tag","embeddable":true,"href":"http:\/\/www.friaguinee.net\/index.php\/wp-json\/wp\/v2\/tags?post=47326"}],"curies":[{"name":"wp","href":"https:\/\/api.w.org\/{rel}","templated":true}]}}