{"id":46854,"date":"2023-01-15T14:37:01","date_gmt":"2023-01-15T14:37:01","guid":{"rendered":"http:\/\/www.friaguinee.net\/?p=46854"},"modified":"2023-01-15T14:37:03","modified_gmt":"2023-01-15T14:37:03","slug":"2-secretaires-generaux-de-departement-et-un-chef-de-cabinet-nommes-par-le-colonel-doumbouya-decret","status":"publish","type":"post","link":"http:\/\/www.friaguinee.net\/index.php\/2023\/01\/15\/2-secretaires-generaux-de-departement-et-un-chef-de-cabinet-nommes-par-le-colonel-doumbouya-decret\/","title":{"rendered":"2 secr\u00e9taires g\u00e9n\u00e9raux de d\u00e9partement et un chef de cabinet nomm\u00e9s par le Colonel Doumbouya (d\u00e9cret)"},"content":{"rendered":"\n<p><br>A travers une s\u00e9rie de d\u00e9crets publi\u00e9s ce samedi 14 janvier 2023 \u00e0 la t\u00e9l\u00e9vision nationale, le pr\u00e9sident de la transition guin\u00e9enne, le colonel Mamadi Doumbouya a proc\u00e9d\u00e9 \u00e0 la nomination des secr\u00e9taires g\u00e9n\u00e9raux de deux (2) d\u00e9partements minist\u00e9riels et le chef de cabinet du Minist\u00e8re de l\u2019Environnement et du D\u00e9veloppement Durable. Il s\u2019agit de\u00a0:<\/p>\n\n\n\n<p>1-Sexr\u00e9taire g\u00e9n\u00e9ral du Minist\u00e8re des Infrastructures et des Travaux Publics&nbsp;: M. Ibrahima Camara, pr\u00e9c\u00e9demment conseiller principal au Minist\u00e8re de l\u2019Urbanisme, de l\u2019Habitat et de l\u2019Am\u00e9nagement du Territoire<\/p>\n\n\n\n<p>2- Secr\u00e9taire g\u00e9n\u00e9ral du Minist\u00e8re du Budget&nbsp;: M. Thierno Amadou Bah, pr\u00e9c\u00e9demment sp\u00e9cialiste des finances publiques au bureau de l\u2019UNICEF<\/p>\n\n\n\n<p>3- Aly Traor\u00e9, juriste, pr\u00e9c\u00e9demment en service \u00e0 la Pr\u00e9sidence de la R\u00e9publique, est nomm\u00e9 chef de cabinet au Minist\u00e8re de l\u2019Environnement et du D\u00e9veloppement Durable.<\/p>\n\n\n\n<p><strong>Friaguinee.net<\/strong><\/p>\n","protected":false},"excerpt":{"rendered":"<p>A travers une s\u00e9rie de d\u00e9crets publi\u00e9s ce samedi 14 janvier 2023 \u00e0 la t\u00e9l\u00e9vision nationale, le pr\u00e9sident de la transition guin\u00e9enne, le colonel Mamadi Doumbouya a proc\u00e9d\u00e9 \u00e0 la nomination des secr\u00e9taires g\u00e9n\u00e9raux de deux (2) d\u00e9partements minist\u00e9riels et le chef de cabinet du Minist\u00e8re de l\u2019Environnement et du D\u00e9veloppement Durable. Il s\u2019agit de\u00a0: [&hellip;]<\/p>\n","protected":false},"author":2,"featured_media":42246,"comment_status":"open","ping_status":"open","sticky":false,"template":"","format":"standard","meta":{"footnotes":""},"categories":[2],"tags":[],"class_list":["post-46854","post","type-post","status-publish","format-standard","has-post-thumbnail","hentry","category-actualites"],"_links":{"self":[{"href":"http:\/\/www.friaguinee.net\/index.php\/wp-json\/wp\/v2\/posts\/46854","targetHints":{"allow":["GET"]}}],"collection":[{"href":"http:\/\/www.friaguinee.net\/index.php\/wp-json\/wp\/v2\/posts"}],"about":[{"href":"http:\/\/www.friaguinee.net\/index.php\/wp-json\/wp\/v2\/types\/post"}],"author":[{"embeddable":true,"href":"http:\/\/www.friaguinee.net\/index.php\/wp-json\/wp\/v2\/users\/2"}],"replies":[{"embeddable":true,"href":"http:\/\/www.friaguinee.net\/index.php\/wp-json\/wp\/v2\/comments?post=46854"}],"version-history":[{"count":1,"href":"http:\/\/www.friaguinee.net\/index.php\/wp-json\/wp\/v2\/posts\/46854\/revisions"}],"predecessor-version":[{"id":46855,"href":"http:\/\/www.friaguinee.net\/index.php\/wp-json\/wp\/v2\/posts\/46854\/revisions\/46855"}],"wp:featuredmedia":[{"embeddable":true,"href":"http:\/\/www.friaguinee.net\/index.php\/wp-json\/wp\/v2\/media\/42246"}],"wp:attachment":[{"href":"http:\/\/www.friaguinee.net\/index.php\/wp-json\/wp\/v2\/media?parent=46854"}],"wp:term":[{"taxonomy":"category","embeddable":true,"href":"http:\/\/www.friaguinee.net\/index.php\/wp-json\/wp\/v2\/categories?post=46854"},{"taxonomy":"post_tag","embeddable":true,"href":"http:\/\/www.friaguinee.net\/index.php\/wp-json\/wp\/v2\/tags?post=46854"}],"curies":[{"name":"wp","href":"https:\/\/api.w.org\/{rel}","templated":true}]}}