{"id":4621,"date":"2018-08-06T16:47:31","date_gmt":"2018-08-06T16:47:31","guid":{"rendered":"http:\/\/www.friaguinee.net\/?p=4621"},"modified":"2018-08-06T16:47:31","modified_gmt":"2018-08-06T16:47:31","slug":"guinee-logdh-deplore-et-condamne-linterdiction-du-droit-de-manifester-declaration","status":"publish","type":"post","link":"http:\/\/www.friaguinee.net\/index.php\/2018\/08\/06\/guinee-logdh-deplore-et-condamne-linterdiction-du-droit-de-manifester-declaration\/","title":{"rendered":"Guin\u00e9e\u00a0: l\u2019OGDH d\u00e9plore et condamne l\u2019interdiction du droit de manifester (d\u00e9claration)"},"content":{"rendered":"<p>Fid\u00e8le \u00e0 sa mission de veille sur le respect des droits fondamentaux des citoyens, l\u2019Organisation Guin\u00e9enne de D\u00e9fense des Droits de l\u2019Homme et du Citoyen se dit pr\u00e9occup\u00e9e de l\u2019\u00e9volution ces derniers\u00a0 de la situation sociale en Guin\u00e9e. Une situation marqu\u00e9e parv l\u2019interdiction par le gouvernement des manifestations sur toute l\u2019\u00e9tendue du territoire national.<\/p>\n<p>Ci- dessous la d\u00e9claration publi\u00e9e \u00e0 cet effet<\/p>\n<p><img loading=\"lazy\" decoding=\"async\" class=\"aligncenter  wp-image-4622\" src=\"http:\/\/www.friaguinee.net\/wp-content\/uploads\/2018\/08\/38658526_627344470984173_4631037667889381376_n-223x300.jpg\" alt=\"\" width=\"652\" height=\"877\" srcset=\"http:\/\/www.friaguinee.net\/wp-content\/uploads\/2018\/08\/38658526_627344470984173_4631037667889381376_n-223x300.jpg 223w, http:\/\/www.friaguinee.net\/wp-content\/uploads\/2018\/08\/38658526_627344470984173_4631037667889381376_n-696x936.jpg 696w, http:\/\/www.friaguinee.net\/wp-content\/uploads\/2018\/08\/38658526_627344470984173_4631037667889381376_n-312x420.jpg 312w, http:\/\/www.friaguinee.net\/wp-content\/uploads\/2018\/08\/38658526_627344470984173_4631037667889381376_n.jpg 714w\" sizes=\"auto, (max-width: 652px) 100vw, 652px\" \/><\/p>\n","protected":false},"excerpt":{"rendered":"<p>Fid\u00e8le \u00e0 sa mission de veille sur le respect des droits fondamentaux des citoyens, l\u2019Organisation Guin\u00e9enne de D\u00e9fense des Droits de l\u2019Homme et du Citoyen se dit pr\u00e9occup\u00e9e de l\u2019\u00e9volution ces derniers\u00a0 de la situation sociale en Guin\u00e9e. Une situation marqu\u00e9e parv l\u2019interdiction par le gouvernement des manifestations sur toute l\u2019\u00e9tendue du territoire national. Ci- [&hellip;]<\/p>\n","protected":false},"author":2,"featured_media":4623,"comment_status":"open","ping_status":"open","sticky":false,"template":"","format":"standard","meta":{"footnotes":""},"categories":[2],"tags":[],"class_list":["post-4621","post","type-post","status-publish","format-standard","has-post-thumbnail","hentry","category-actualites"],"_links":{"self":[{"href":"http:\/\/www.friaguinee.net\/index.php\/wp-json\/wp\/v2\/posts\/4621","targetHints":{"allow":["GET"]}}],"collection":[{"href":"http:\/\/www.friaguinee.net\/index.php\/wp-json\/wp\/v2\/posts"}],"about":[{"href":"http:\/\/www.friaguinee.net\/index.php\/wp-json\/wp\/v2\/types\/post"}],"author":[{"embeddable":true,"href":"http:\/\/www.friaguinee.net\/index.php\/wp-json\/wp\/v2\/users\/2"}],"replies":[{"embeddable":true,"href":"http:\/\/www.friaguinee.net\/index.php\/wp-json\/wp\/v2\/comments?post=4621"}],"version-history":[{"count":1,"href":"http:\/\/www.friaguinee.net\/index.php\/wp-json\/wp\/v2\/posts\/4621\/revisions"}],"predecessor-version":[{"id":4624,"href":"http:\/\/www.friaguinee.net\/index.php\/wp-json\/wp\/v2\/posts\/4621\/revisions\/4624"}],"wp:featuredmedia":[{"embeddable":true,"href":"http:\/\/www.friaguinee.net\/index.php\/wp-json\/wp\/v2\/media\/4623"}],"wp:attachment":[{"href":"http:\/\/www.friaguinee.net\/index.php\/wp-json\/wp\/v2\/media?parent=4621"}],"wp:term":[{"taxonomy":"category","embeddable":true,"href":"http:\/\/www.friaguinee.net\/index.php\/wp-json\/wp\/v2\/categories?post=4621"},{"taxonomy":"post_tag","embeddable":true,"href":"http:\/\/www.friaguinee.net\/index.php\/wp-json\/wp\/v2\/tags?post=4621"}],"curies":[{"name":"wp","href":"https:\/\/api.w.org\/{rel}","templated":true}]}}