{"id":4612,"date":"2018-08-06T13:55:44","date_gmt":"2018-08-06T13:55:44","guid":{"rendered":"http:\/\/www.friaguinee.net\/?p=4612"},"modified":"2018-08-06T13:55:44","modified_gmt":"2018-08-06T13:55:44","slug":"presidentielle-au-mali-ibk-vs-soumaila-cisse-le-match-retour-cinq-ans-apres","status":"publish","type":"post","link":"http:\/\/www.friaguinee.net\/index.php\/2018\/08\/06\/presidentielle-au-mali-ibk-vs-soumaila-cisse-le-match-retour-cinq-ans-apres\/","title":{"rendered":"Pr\u00e9sidentielle au Mali : IBK Vs Souma\u00efla Ciss\u00e9, le match retour, cinq ans apr\u00e8s"},"content":{"rendered":"<p>Le match retour tant attendu aura donc lieu. Comme en 2013, Ibrahim Boubacar Ke\u00efta et Souma\u00efla Ciss\u00e9 se retrouveront au deuxi\u00e8me tour de l\u2019\u00e9lection pr\u00e9sidentielle, pr\u00e9vu le 12 ao\u00fbt.<\/p>\n<p>Et, comme en 2013, le premier disposera d\u2019une confortable avance sur le second. Selon les r\u00e9sultats provisoires communiqu\u00e9s par le minist\u00e8re de l\u2019Administration territoriale, IBK a recueilli 41,42 % des voix au premier tour, contre 17,8 % pour son rival. Malgr\u00e9 les apparences, la comparaison avec 2013 s\u2019arr\u00eate l\u00e0.\u00a0<a href=\"http:\/\/www.jeuneafrique.com\/609688\/politique\/presidentielle-au-mali-ibk-et-soumaila-cisse-saffronteront-au-second-tour\/\">Ce nouveau duel entre ces deux \u00e9l\u00e9phants de la politique malienne<\/a>\u00a0ne ressemble gu\u00e8re au pr\u00e9c\u00e9dent.<\/p>\n<p>Le contexte politique a chang\u00e9, et leurs statuts respectifs ne sont plus les m\u00eames\u2009: IBK, 73 ans, est pr\u00e9sident sortant d\u2019un pays qui peine \u00e0 se relever de la crise la plus grave de son histoire r\u00e9cente et \u00ab\u00a0Soumi\u00a0\u00bb est devenu son principal opposant depuis cinq ans. Cela suffira-t-il pour inverser les r\u00e9sultats de leur derni\u00e8re joute, qui s\u2019\u00e9tait sold\u00e9e par une large victoire du chef de l\u2019\u00c9tat\u00a0(77,6 % contre 22,4\u00a0%)\u2009? Ce nouveau round semble en tout cas plus ouvert.<\/p>\n<p>Sympt\u00f4me de l\u2019incertitude qui r\u00e8gne quant \u00e0 l\u2019issue du scrutin,\u00a0<a href=\"http:\/\/www.jeuneafrique.com\/610906\/politique\/presidentielle-au-mali-au-qg-soumaila-cisse-des-opposants-partages-entre-soulagement-et-amertume\/\">la tension est nettement mont\u00e9e entre les deux camps<\/a>. Oubli\u00e9 le semblant d\u2019unit\u00e9 nationale qui pr\u00e9valait lors de la derni\u00e8re pr\u00e9sidentielle, \u00e0 l\u2019issue de laquelle Ciss\u00e9 s\u2019\u00e9tait d\u00e9plac\u00e9 en famille chez son adversaire pour le f\u00e9liciter de sa victoire. Ces derniers mois, l\u2019opposition n\u2019a cess\u00e9 de d\u00e9noncer la volont\u00e9 du r\u00e9gime de frauder pour se maintenir au pouvoir, rendant le climat pr\u00e9\u00e9lectoral aussi lourd que l\u2019atmosph\u00e8re qui pr\u00e9c\u00e8de l\u2019orage \u00e0 Bamako.<\/p>\n<p><strong>Jeune Afrique<\/strong><\/p>\n","protected":false},"excerpt":{"rendered":"<p>Le match retour tant attendu aura donc lieu. Comme en 2013, Ibrahim Boubacar Ke\u00efta et Souma\u00efla Ciss\u00e9 se retrouveront au deuxi\u00e8me tour de l\u2019\u00e9lection pr\u00e9sidentielle, pr\u00e9vu le 12 ao\u00fbt. Et, comme en 2013, le premier disposera d\u2019une confortable avance sur le second. Selon les r\u00e9sultats provisoires communiqu\u00e9s par le minist\u00e8re de l\u2019Administration territoriale, IBK a [&hellip;]<\/p>\n","protected":false},"author":2,"featured_media":4614,"comment_status":"open","ping_status":"open","sticky":false,"template":"","format":"standard","meta":{"footnotes":""},"categories":[42],"tags":[],"class_list":["post-4612","post","type-post","status-publish","format-standard","has-post-thumbnail","hentry","category-afrique"],"_links":{"self":[{"href":"http:\/\/www.friaguinee.net\/index.php\/wp-json\/wp\/v2\/posts\/4612","targetHints":{"allow":["GET"]}}],"collection":[{"href":"http:\/\/www.friaguinee.net\/index.php\/wp-json\/wp\/v2\/posts"}],"about":[{"href":"http:\/\/www.friaguinee.net\/index.php\/wp-json\/wp\/v2\/types\/post"}],"author":[{"embeddable":true,"href":"http:\/\/www.friaguinee.net\/index.php\/wp-json\/wp\/v2\/users\/2"}],"replies":[{"embeddable":true,"href":"http:\/\/www.friaguinee.net\/index.php\/wp-json\/wp\/v2\/comments?post=4612"}],"version-history":[{"count":1,"href":"http:\/\/www.friaguinee.net\/index.php\/wp-json\/wp\/v2\/posts\/4612\/revisions"}],"predecessor-version":[{"id":4615,"href":"http:\/\/www.friaguinee.net\/index.php\/wp-json\/wp\/v2\/posts\/4612\/revisions\/4615"}],"wp:featuredmedia":[{"embeddable":true,"href":"http:\/\/www.friaguinee.net\/index.php\/wp-json\/wp\/v2\/media\/4614"}],"wp:attachment":[{"href":"http:\/\/www.friaguinee.net\/index.php\/wp-json\/wp\/v2\/media?parent=4612"}],"wp:term":[{"taxonomy":"category","embeddable":true,"href":"http:\/\/www.friaguinee.net\/index.php\/wp-json\/wp\/v2\/categories?post=4612"},{"taxonomy":"post_tag","embeddable":true,"href":"http:\/\/www.friaguinee.net\/index.php\/wp-json\/wp\/v2\/tags?post=4612"}],"curies":[{"name":"wp","href":"https:\/\/api.w.org\/{rel}","templated":true}]}}