{"id":45717,"date":"2022-10-01T07:55:03","date_gmt":"2022-10-01T07:55:03","guid":{"rendered":"http:\/\/www.friaguinee.net\/?p=45717"},"modified":"2022-10-01T07:55:04","modified_gmt":"2022-10-01T07:55:04","slug":"cadre-de-dialogue-inclusif-dr-makale-traore-aicha-bah-et-guilao-josephine-leno-nommees-facilitatrices","status":"publish","type":"post","link":"http:\/\/www.friaguinee.net\/index.php\/2022\/10\/01\/cadre-de-dialogue-inclusif-dr-makale-traore-aicha-bah-et-guilao-josephine-leno-nommees-facilitatrices\/","title":{"rendered":"Cadre de dialogue inclusif : Dr Makal\u00e9 Traor\u00e9, Aicha Bah et Guilao Jos\u00e9phine L\u00e9no nomm\u00e9es facilitatrices"},"content":{"rendered":"\n<p>A travers un second arr\u00eat\u00e9 pris ce vendredi 30 septembre 2022,  le Premier Ministre Dr Bernard Goumou a nomm\u00e9 trois anciennes ministres&nbsp; notamment  Dr Makal\u00e9 Traor\u00e9, Hadja Aicha Bah et Mme Guilao Jos\u00e9phine L\u00e9no comme facilitatrices pour la bonne conduite des travaux du&nbsp;dialogue inclusif.<\/p>\n\n\n\n<figure class=\"wp-block-image size-full\"><img loading=\"lazy\" decoding=\"async\" width=\"720\" height=\"1018\" src=\"http:\/\/www.friaguinee.net\/wp-content\/uploads\/2022\/10\/Arrete-du-PM1.jpg\" alt=\"\" class=\"wp-image-45718\" srcset=\"http:\/\/www.friaguinee.net\/wp-content\/uploads\/2022\/10\/Arrete-du-PM1.jpg 720w, http:\/\/www.friaguinee.net\/wp-content\/uploads\/2022\/10\/Arrete-du-PM1-212x300.jpg 212w, http:\/\/www.friaguinee.net\/wp-content\/uploads\/2022\/10\/Arrete-du-PM1-696x984.jpg 696w, http:\/\/www.friaguinee.net\/wp-content\/uploads\/2022\/10\/Arrete-du-PM1-297x420.jpg 297w\" sizes=\"auto, (max-width: 720px) 100vw, 720px\" \/><\/figure>\n\n\n\n<figure class=\"wp-block-image size-full\"><img loading=\"lazy\" decoding=\"async\" width=\"720\" height=\"1018\" src=\"http:\/\/www.friaguinee.net\/wp-content\/uploads\/2022\/10\/Arrete-du-PM-2.jpg\" alt=\"\" class=\"wp-image-45719\" srcset=\"http:\/\/www.friaguinee.net\/wp-content\/uploads\/2022\/10\/Arrete-du-PM-2.jpg 720w, http:\/\/www.friaguinee.net\/wp-content\/uploads\/2022\/10\/Arrete-du-PM-2-212x300.jpg 212w, http:\/\/www.friaguinee.net\/wp-content\/uploads\/2022\/10\/Arrete-du-PM-2-696x984.jpg 696w, http:\/\/www.friaguinee.net\/wp-content\/uploads\/2022\/10\/Arrete-du-PM-2-297x420.jpg 297w\" sizes=\"auto, (max-width: 720px) 100vw, 720px\" \/><\/figure>\n\n\n\n<figure class=\"wp-block-image size-full\"><img loading=\"lazy\" decoding=\"async\" width=\"720\" height=\"1018\" src=\"http:\/\/www.friaguinee.net\/wp-content\/uploads\/2022\/10\/Arrete-du-PM-1.jpg\" alt=\"\" class=\"wp-image-45720\" srcset=\"http:\/\/www.friaguinee.net\/wp-content\/uploads\/2022\/10\/Arrete-du-PM-1.jpg 720w, http:\/\/www.friaguinee.net\/wp-content\/uploads\/2022\/10\/Arrete-du-PM-1-212x300.jpg 212w, http:\/\/www.friaguinee.net\/wp-content\/uploads\/2022\/10\/Arrete-du-PM-1-696x984.jpg 696w, http:\/\/www.friaguinee.net\/wp-content\/uploads\/2022\/10\/Arrete-du-PM-1-297x420.jpg 297w\" sizes=\"auto, (max-width: 720px) 100vw, 720px\" \/><figcaption><strong>Friaguin\u00e9e.net<\/strong><\/figcaption><\/figure>\n\n\n\n<p><\/p>\n","protected":false},"excerpt":{"rendered":"<p>A travers un second arr\u00eat\u00e9 pris ce vendredi 30 septembre 2022, le Premier Ministre Dr Bernard Goumou a nomm\u00e9 trois anciennes ministres&nbsp; notamment Dr Makal\u00e9 Traor\u00e9, Hadja Aicha Bah et Mme Guilao Jos\u00e9phine L\u00e9no comme facilitatrices pour la bonne conduite des travaux du&nbsp;dialogue inclusif.<\/p>\n","protected":false},"author":3,"featured_media":45723,"comment_status":"open","ping_status":"open","sticky":false,"template":"","format":"standard","meta":{"footnotes":""},"categories":[2],"tags":[],"class_list":["post-45717","post","type-post","status-publish","format-standard","has-post-thumbnail","hentry","category-actualites"],"_links":{"self":[{"href":"http:\/\/www.friaguinee.net\/index.php\/wp-json\/wp\/v2\/posts\/45717","targetHints":{"allow":["GET"]}}],"collection":[{"href":"http:\/\/www.friaguinee.net\/index.php\/wp-json\/wp\/v2\/posts"}],"about":[{"href":"http:\/\/www.friaguinee.net\/index.php\/wp-json\/wp\/v2\/types\/post"}],"author":[{"embeddable":true,"href":"http:\/\/www.friaguinee.net\/index.php\/wp-json\/wp\/v2\/users\/3"}],"replies":[{"embeddable":true,"href":"http:\/\/www.friaguinee.net\/index.php\/wp-json\/wp\/v2\/comments?post=45717"}],"version-history":[{"count":2,"href":"http:\/\/www.friaguinee.net\/index.php\/wp-json\/wp\/v2\/posts\/45717\/revisions"}],"predecessor-version":[{"id":45724,"href":"http:\/\/www.friaguinee.net\/index.php\/wp-json\/wp\/v2\/posts\/45717\/revisions\/45724"}],"wp:featuredmedia":[{"embeddable":true,"href":"http:\/\/www.friaguinee.net\/index.php\/wp-json\/wp\/v2\/media\/45723"}],"wp:attachment":[{"href":"http:\/\/www.friaguinee.net\/index.php\/wp-json\/wp\/v2\/media?parent=45717"}],"wp:term":[{"taxonomy":"category","embeddable":true,"href":"http:\/\/www.friaguinee.net\/index.php\/wp-json\/wp\/v2\/categories?post=45717"},{"taxonomy":"post_tag","embeddable":true,"href":"http:\/\/www.friaguinee.net\/index.php\/wp-json\/wp\/v2\/tags?post=45717"}],"curies":[{"name":"wp","href":"https:\/\/api.w.org\/{rel}","templated":true}]}}