{"id":45517,"date":"2022-09-19T17:01:25","date_gmt":"2022-09-19T17:01:25","guid":{"rendered":"http:\/\/www.friaguinee.net\/?p=45517"},"modified":"2022-09-19T17:01:28","modified_gmt":"2022-09-19T17:01:28","slug":"dansa-kourouma-ou-la-bete-noire-des-antiprogressistes-permanents-aux-agendas-caches-par-aboubacar-camara-cnt","status":"publish","type":"post","link":"http:\/\/www.friaguinee.net\/index.php\/2022\/09\/19\/dansa-kourouma-ou-la-bete-noire-des-antiprogressistes-permanents-aux-agendas-caches-par-aboubacar-camara-cnt\/","title":{"rendered":"Dansa Kourouma ou la b\u00eate noire des antiprogressistes permanents aux agendas cach\u00e9s (Par Aboubacar Camara, CNT)"},"content":{"rendered":"\n<p>Dans sa gr\u00e2ce infinie, depuis que le plan irr\u00e9versible du bon Dieu a atteint des tournants d\u00e9cisifs dans sa mise en \u0153uvre, concernant le destin exceptionnellement atypique et radieux de l\u2019homme, plus de calme, plus de s\u00e9r\u00e9nit\u00e9, plus le moindre flegme chez les d\u00e9tracteurs en perte de rep\u00e8re.<\/p>\n\n\n\n<p>Pourquoi \u00e0 chaque phase ultime de notre histoire r\u00e9cente, subitement, toutes les attentions, aussi bien \u00e0 l\u2019interne qu\u2019\u00e0 l\u2019international sont focalis\u00e9es sur ce que va dire un seul homme, sur la position qu\u2019il va adopter, sur ce qu\u2019il pense de telle ou de telle situation ou personne? Cela n\u2019est certainement pas un fait du hasard. Ce ph\u00e9nom\u00e8ne est l\u2019expression d\u2019une reconnaissance \u00e0 la fois tacite et expresse, du poids et de la dimension que le Dr Dansa Kourouma incarne depuis un certain temps dans notre vie publique. L\u2019accusation \u00e0 tort d\u2019un soutien au troisi\u00e8me mandat est pass\u00e9e par l\u00e0 et bien d\u2019autres formes de calomnie, d\u00e9lations et ragots colport\u00e9s, rien que pour \u00e9teindre cette \u00e9tincelle vive que les esprits phosphorescents ont vite per\u00e7u en cet homme.<\/p>\n\n\n\n<p>Quand c\u2019est comme cela, la solution est toute indiqu\u00e9e, il faut mettre de cot\u00e9, les partisaneries st\u00e9riles et inf\u00e9condes, les subjectivit\u00e9s qui n\u2019auront comme unique m\u00e9rite que de nous bloquer ou de encha\u00eener dans le carcan de la jalousie et de la haine. Il convient plut\u00f4t en pareille circonstance, se conformer au temps pr\u00e9sent, car \u00e0 chaque chose son temps.<\/p>\n\n\n\n<p>Allure svelte, posture implacable, intellectuelle aguerri, vision sociopolitique claire et coh\u00e9rente, partout o\u00f9 ce self made man est pass\u00e9, de la t\u00eate des mouvements estudiantins \u00e0 la prestigieuse pr\u00e9sidence du CNT, en passant par les \u00e9tapes p\u00e9rilleuses et glorieuses du mouvement social guin\u00e9en, il a su marquer de son sceau singulier, les consciences individuelles et collectives qu\u2019il a c\u00f4toy\u00e9es au point de ne les laisser autre choix que de l\u2019admirer et de l\u2019avoir pour mod\u00e8le.<\/p>\n\n\n\n<p>Symbole d\u2019audace pour la nouvelle g\u00e9n\u00e9ration, sa passion de la Guin\u00e9e, sa dense exp\u00e9rience en tant qu\u2019orf\u00e8vre du landerneau social guin\u00e9en, sa haute connaissance du fonctionnement de l\u2019Etat pour l\u2019avoir servi en partie et pour l\u2019avoir observ\u00e9 longtemps de l\u2019ext\u00e9rieur, le tout doubl\u00e9 de son talent d\u2019orateur hors pair, ach\u00e8ve de dresser le profil id\u00e9al du guin\u00e9en providentiel dont on serait \u00e0 la qu\u00eate pour la panac\u00e9e de nos probl\u00e8mes.<\/p>\n\n\n\n<p>Ce n\u2019est pas donc par la diffamation, les discr\u00e9ditions et les complots m\u00e9diatiques permanents qu\u2019on peut pr\u00e9tendre faire tituber un homme dont le leadership, toute la vie durant, a \u00e9t\u00e9 mis \u00e0 rudes \u00e9preuves. C\u2019est ce qu\u2019il sait faire, tenir bon face aux adversit\u00e9s les plus coriaces.<\/p>\n\n\n\n<p>Est-il besoin de rappeler Idrissa Seck ex Premier ministre du S\u00e9n\u00e9gal qui dans une vivace r\u00e9partie contre un agent z\u00e9l\u00e9 de la police, entonnait v\u00e9h\u00e9mentement ceci: ne m\u2019arrivera que ce que la volont\u00e9 de Dieu aura d\u00e9cid\u00e9. J\u2019aimerais dire \u00e0 mon tour, que n\u2019arrivera au pr\u00e9sident du CNT, que ce qu\u2019aura d\u00e9cid\u00e9 le Bon Dieu, mais pas un homme mortel.<\/p>\n\n\n\n<p>C\u2019est la raison pour laquelle, je voudrais, comme le fait tr\u00e8s souvent le pr\u00e9sident du CNT, lancer un appel \u00e0 tous dans le sens de l\u2019unit\u00e9, du travail et de la paix pour r\u00e9ussir notre transition. Voil\u00e0 la pr\u00e9occupation fondamentale du Dr Dansa Kourouma dont les portes et fen\u00eatres demeurent largement ouvertes \u00e0 toutes les guin\u00e9ennes et \u00e0 tous les Guin\u00e9ens qui veulent apporter leurs contributions pour une transition apais\u00e9e inclusive et r\u00e9ussie.<\/p>\n\n\n\n<p>Que Dieu pr\u00e9serve la Guin\u00e9e et pr\u00e9serve le pr\u00e9sident Dansa Kourouma .<\/p>\n\n\n\n<p><strong>Aboubacar Camara<\/strong><\/p>\n\n\n\n<p><strong>Directeur des affaires juridiques et de la l\u00e9gistique du CNT<\/strong><\/p>\n","protected":false},"excerpt":{"rendered":"<p>Dans sa gr\u00e2ce infinie, depuis que le plan irr\u00e9versible du bon Dieu a atteint des tournants d\u00e9cisifs dans sa mise en \u0153uvre, concernant le destin exceptionnellement atypique et radieux de l\u2019homme, plus de calme, plus de s\u00e9r\u00e9nit\u00e9, plus le moindre flegme chez les d\u00e9tracteurs en perte de rep\u00e8re. Pourquoi \u00e0 chaque phase ultime de notre [&hellip;]<\/p>\n","protected":false},"author":3,"featured_media":42135,"comment_status":"open","ping_status":"open","sticky":false,"template":"","format":"standard","meta":{"footnotes":""},"categories":[1270],"tags":[],"class_list":["post-45517","post","type-post","status-publish","format-standard","has-post-thumbnail","hentry","category-tribune"],"_links":{"self":[{"href":"http:\/\/www.friaguinee.net\/index.php\/wp-json\/wp\/v2\/posts\/45517","targetHints":{"allow":["GET"]}}],"collection":[{"href":"http:\/\/www.friaguinee.net\/index.php\/wp-json\/wp\/v2\/posts"}],"about":[{"href":"http:\/\/www.friaguinee.net\/index.php\/wp-json\/wp\/v2\/types\/post"}],"author":[{"embeddable":true,"href":"http:\/\/www.friaguinee.net\/index.php\/wp-json\/wp\/v2\/users\/3"}],"replies":[{"embeddable":true,"href":"http:\/\/www.friaguinee.net\/index.php\/wp-json\/wp\/v2\/comments?post=45517"}],"version-history":[{"count":1,"href":"http:\/\/www.friaguinee.net\/index.php\/wp-json\/wp\/v2\/posts\/45517\/revisions"}],"predecessor-version":[{"id":45518,"href":"http:\/\/www.friaguinee.net\/index.php\/wp-json\/wp\/v2\/posts\/45517\/revisions\/45518"}],"wp:featuredmedia":[{"embeddable":true,"href":"http:\/\/www.friaguinee.net\/index.php\/wp-json\/wp\/v2\/media\/42135"}],"wp:attachment":[{"href":"http:\/\/www.friaguinee.net\/index.php\/wp-json\/wp\/v2\/media?parent=45517"}],"wp:term":[{"taxonomy":"category","embeddable":true,"href":"http:\/\/www.friaguinee.net\/index.php\/wp-json\/wp\/v2\/categories?post=45517"},{"taxonomy":"post_tag","embeddable":true,"href":"http:\/\/www.friaguinee.net\/index.php\/wp-json\/wp\/v2\/tags?post=45517"}],"curies":[{"name":"wp","href":"https:\/\/api.w.org\/{rel}","templated":true}]}}