{"id":45499,"date":"2022-09-17T07:41:57","date_gmt":"2022-09-17T07:41:57","guid":{"rendered":"http:\/\/www.friaguinee.net\/?p=45499"},"modified":"2022-09-17T07:41:59","modified_gmt":"2022-09-17T07:41:59","slug":"guinee-justice-charles-wright-annonce-les-couleurs-du-proces-des-massacres-du-28-septembre-2009","status":"publish","type":"post","link":"http:\/\/www.friaguinee.net\/index.php\/2022\/09\/17\/guinee-justice-charles-wright-annonce-les-couleurs-du-proces-des-massacres-du-28-septembre-2009\/","title":{"rendered":"Guin\u00e9e\/ Justice : Charles Wright annonce les couleurs du proc\u00e8s des massacres du 28 septembre 2009"},"content":{"rendered":"\n<p>Ce vendredi 16 septembre 2022 \u00e0 Conakry, le garde des sceaux, ministre de la justice et des droits de l&rsquo;homme, a annonc\u00e9 \u00e0 travers une r\u00e9union du comit\u00e9 de pilotage ( COPIL ) des massacres du 28 septembre 2009 la date de la tenue du proc\u00e8s tant attendu. Avec beaucoup de diligence dans cette affaire, le 28 septembre 2022 sera la date d&rsquo;ouverture du proc\u00e8s. Le ministre et les membres du COPIL ont d\u00e9di\u00e9 la premi\u00e8re journ\u00e9e pour l&rsquo;ouverture des audiences.<\/p>\n\n\n\n<p>Au menu de cette r\u00e9union du COPIL, la validation de la strat\u00e9gie de communication, du plan de s\u00e9curisation et du budget pr\u00e9visionnel du proc\u00e8s ont \u00e9t\u00e9 d\u00e9battu lors de cette rencontre.<\/p>\n\n\n\n<p>Ce proc\u00e8s attendu apr\u00e8s 12 ann\u00e9es des incidents survenu au stade du 28 septembre, qui avaient fait un bilan de 150 morts plusieurs bless\u00e9s, des femmes viol\u00e9es selon les statistiques de l&rsquo;ONU.<br>\u00c0 la treizi\u00e8me ann\u00e9e de ces tragiques \u00e9v\u00e9nements, l&rsquo;association des victimes des \u00e9v\u00e9nements du 28 septembre 2009, pourrait conna\u00eetre la lumi\u00e8re sur cette affaire. Cette association a d&rsquo;ailleurs \u00e9t\u00e9 re\u00e7ue par le ministre de la justice \u00e0 la fin de cette r\u00e9union.<\/p>\n\n\n\n<p>Au cours de cette m\u00eame rencontre, le ministre de la justice a accept\u00e9 la demande du procureur de la CPI. Donc M. Karim Khan le Procureur de la Cour P\u00e9nale Internationale (CPI), est attendu en Guin\u00e9e \u00e0 l&rsquo;ouverture de ce proc\u00e8s le 28 septembre 2022.<\/p>\n\n\n\n<p>Dans sa mission de rendre justice dans cette affaire, le ministre de la justice et des droits de l&rsquo;homme, a promis de faire compara\u00eetre les 13 personnes inculp\u00e9s dans les massacres de 2009. Dans cette liste on retrouve notamment l\u2019ancien chef de la junte Moussa Dadis Camara, S\u00e9kouba Konat\u00e9, Moussa Ti\u00e9gboro Camara, Toumba Diakit\u00e9 et scie.<\/p>\n\n\n\n<p>Affaire \u00e0 suivre\u2026<\/p>\n\n\n\n<p><strong>Mansa Moussa Mara pour Friaguinee.net <\/strong><\/p>\n","protected":false},"excerpt":{"rendered":"<p>Ce vendredi 16 septembre 2022 \u00e0 Conakry, le garde des sceaux, ministre de la justice et des droits de l&rsquo;homme, a annonc\u00e9 \u00e0 travers une r\u00e9union du comit\u00e9 de pilotage ( COPIL ) des massacres du 28 septembre 2009 la date de la tenue du proc\u00e8s tant attendu. Avec beaucoup de diligence dans cette affaire, [&hellip;]<\/p>\n","protected":false},"author":3,"featured_media":45500,"comment_status":"open","ping_status":"open","sticky":false,"template":"","format":"standard","meta":{"footnotes":""},"categories":[2],"tags":[],"class_list":["post-45499","post","type-post","status-publish","format-standard","has-post-thumbnail","hentry","category-actualites"],"_links":{"self":[{"href":"http:\/\/www.friaguinee.net\/index.php\/wp-json\/wp\/v2\/posts\/45499","targetHints":{"allow":["GET"]}}],"collection":[{"href":"http:\/\/www.friaguinee.net\/index.php\/wp-json\/wp\/v2\/posts"}],"about":[{"href":"http:\/\/www.friaguinee.net\/index.php\/wp-json\/wp\/v2\/types\/post"}],"author":[{"embeddable":true,"href":"http:\/\/www.friaguinee.net\/index.php\/wp-json\/wp\/v2\/users\/3"}],"replies":[{"embeddable":true,"href":"http:\/\/www.friaguinee.net\/index.php\/wp-json\/wp\/v2\/comments?post=45499"}],"version-history":[{"count":1,"href":"http:\/\/www.friaguinee.net\/index.php\/wp-json\/wp\/v2\/posts\/45499\/revisions"}],"predecessor-version":[{"id":45501,"href":"http:\/\/www.friaguinee.net\/index.php\/wp-json\/wp\/v2\/posts\/45499\/revisions\/45501"}],"wp:featuredmedia":[{"embeddable":true,"href":"http:\/\/www.friaguinee.net\/index.php\/wp-json\/wp\/v2\/media\/45500"}],"wp:attachment":[{"href":"http:\/\/www.friaguinee.net\/index.php\/wp-json\/wp\/v2\/media?parent=45499"}],"wp:term":[{"taxonomy":"category","embeddable":true,"href":"http:\/\/www.friaguinee.net\/index.php\/wp-json\/wp\/v2\/categories?post=45499"},{"taxonomy":"post_tag","embeddable":true,"href":"http:\/\/www.friaguinee.net\/index.php\/wp-json\/wp\/v2\/tags?post=45499"}],"curies":[{"name":"wp","href":"https:\/\/api.w.org\/{rel}","templated":true}]}}