{"id":45485,"date":"2022-09-16T09:26:02","date_gmt":"2022-09-16T09:26:02","guid":{"rendered":"http:\/\/www.friaguinee.net\/?p=45485"},"modified":"2022-09-16T09:26:04","modified_gmt":"2022-09-16T09:26:04","slug":"crief-si-ces-personnes-sont-poursuivies-cest-pour-ne-pas-que-ces-personnes-utilisent-le-terrain-pour-se-soustraire-des-poursuites-dixit-aly-toure-sur-la-situation-des-anciens-dignit","status":"publish","type":"post","link":"http:\/\/www.friaguinee.net\/index.php\/2022\/09\/16\/crief-si-ces-personnes-sont-poursuivies-cest-pour-ne-pas-que-ces-personnes-utilisent-le-terrain-pour-se-soustraire-des-poursuites-dixit-aly-toure-sur-la-situation-des-anciens-dignit\/","title":{"rendered":"CRIEF : \u00ab si ces personnes sont poursuivies, c&rsquo;est pour ne pas que ces personnes utilisent le terrain pour se soustraire des poursuites \u00bb dixit Aly Tour\u00e9 sur la situation des anciens dignitaires du r\u00e9gime Cond\u00e9"},"content":{"rendered":"\n<p>Ce jeudi, le procureur sp\u00e9cial pr\u00e8s la Cour de R\u00e9pression des Infractions \u00c9conomiques et Financi\u00e8re( CRIEF) est pass\u00e9 dans l&rsquo;\u00e9mission \u201cComprendre l\u2019Actualit\u00e9\u201d de la Radio Sabari fm. Aly Tour\u00e9 est revenu sur la question des d\u00e9tenus, notamment ceux du r\u00e9gime d\u00e9chu.<\/p>\n\n\n\n<p>Le procureur pr\u00e8s la cour de r\u00e9pression et d&rsquo;infractions financi\u00e8res, a soulign\u00e9 le cas sp\u00e9cial de Kassory Fofana, Dr Mohamed Dian\u00e9, Oy\u00e9 Guilavogui, un cas qu&rsquo;il n&rsquo;a pas promis d&rsquo;abandonner, malgr\u00e9 qu&rsquo;ils ne sont pas encore jug\u00e9s pour les d\u00e9lits qu&rsquo;ils ont commis.<\/p>\n\n\n\n<p>Cette situation qui a l&rsquo;air d&rsquo;une atmosph\u00e8re morose entre les diff\u00e9rentes parties,&nbsp;Aly Tour\u00e9 se donne le pouvoir d&rsquo;user de son statut pour faire appliquer la loi.<\/p>\n\n\n\n<p>\ufeff\u00ab Je suis parquetier, je soigne les int\u00e9r\u00eats de la soci\u00e9t\u00e9. Lorsque les magistrats instructeurs prennent une d\u00e9cision, c\u2019est la loi qui dit, qu\u2019en tant que procureur, j\u2019ai un droit de recours devant les instances sup\u00e9rieures de toutes les d\u00e9cisions que les magistrats du si\u00e8ge entreprennent. \u00bb a fait savoir le procureur.<\/p>\n\n\n\n<p>Sur cette m\u00eame lanc\u00e9e, il n&rsquo;est pas pr\u00eat \u00e0 abdiquer, sur la lib\u00e9ration de ces personnes inculp\u00e9s pour des fins de d\u00e9tournement.<\/p>\n\n\n\n<p>\u00ab Moi, je pense que des gens qui ont commis suffisamment d\u2019infractions \u00e0 caract\u00e8re \u00e9conomique et financier dans notre pays, qui ont conduit les destin\u00e9es de ce pays pendant un moment et qu\u2019on se retrouve \u00e0 ce niveau de d\u00e9veloppement tr\u00e8s bas. Je pense que si ces personnes sont poursuivies, c&rsquo;est pour ne pas que ces personnes utilisent le terrain pour se soustraire des poursuites, pour ne pas que ces personnes utilisent le terrain\u00a0 pour effacer les \u00e9preuves qui sont en train d\u2019\u00eatre colmat\u00e9es par-ci, par-l\u00e0. Pour ne pas que ces personnes fassent des pressions sur des \u00e9ventuels t\u00e9moins qui sont en libert\u00e9.\u00bb indique le patron de la CRIEF.<\/p>\n\n\n\n<p>Poursuivant, \u00ab Moi, j\u2019estime que les magistrats doivent d\u00e9tenir ces personnes jusqu\u2019\u00e0 ce que la proc\u00e9dure recommande qu\u2019elles soient lib\u00e9r\u00e9es. Donc, je ne m\u2019occupe pas parce que je veux m\u2019opposer. Je m\u2019oppose pour le bien de la proc\u00e9dure, je m\u2019oppose dans l\u2019int\u00e9r\u00eat de la loi\u00bb, a t-il martel\u00e9.<\/p>\n\n\n\n<p>\u00a0Pour rappel les anciens dignitaires du r\u00e9gime d&rsquo;Alpha Cond\u00e9 ont \u00e9t\u00e9 les premi\u00e8res victimes de la cour de r\u00e9pression et d&rsquo;infractions financi\u00e8res. Ils ont pass\u00e9 plusieurs mois \u00e0 la maison centrale depuis la prise du pouvoir par le CNRD. Pour l&rsquo;instant les preuves retenues contre eux sont peu poignantes pour les condamner des d\u00e9lits qu&rsquo;ils ont commis.<\/p>\n\n\n\n<p><strong>Mansa Moussa Mara pour friaguinee.net<\/strong><\/p>\n","protected":false},"excerpt":{"rendered":"<p>Ce jeudi, le procureur sp\u00e9cial pr\u00e8s la Cour de R\u00e9pression des Infractions \u00c9conomiques et Financi\u00e8re( CRIEF) est pass\u00e9 dans l&rsquo;\u00e9mission \u201cComprendre l\u2019Actualit\u00e9\u201d de la Radio Sabari fm. Aly Tour\u00e9 est revenu sur la question des d\u00e9tenus, notamment ceux du r\u00e9gime d\u00e9chu. Le procureur pr\u00e8s la cour de r\u00e9pression et d&rsquo;infractions financi\u00e8res, a soulign\u00e9 le cas [&hellip;]<\/p>\n","protected":false},"author":3,"featured_media":45478,"comment_status":"open","ping_status":"open","sticky":false,"template":"","format":"standard","meta":{"footnotes":""},"categories":[2],"tags":[],"class_list":["post-45485","post","type-post","status-publish","format-standard","has-post-thumbnail","hentry","category-actualites"],"_links":{"self":[{"href":"http:\/\/www.friaguinee.net\/index.php\/wp-json\/wp\/v2\/posts\/45485","targetHints":{"allow":["GET"]}}],"collection":[{"href":"http:\/\/www.friaguinee.net\/index.php\/wp-json\/wp\/v2\/posts"}],"about":[{"href":"http:\/\/www.friaguinee.net\/index.php\/wp-json\/wp\/v2\/types\/post"}],"author":[{"embeddable":true,"href":"http:\/\/www.friaguinee.net\/index.php\/wp-json\/wp\/v2\/users\/3"}],"replies":[{"embeddable":true,"href":"http:\/\/www.friaguinee.net\/index.php\/wp-json\/wp\/v2\/comments?post=45485"}],"version-history":[{"count":2,"href":"http:\/\/www.friaguinee.net\/index.php\/wp-json\/wp\/v2\/posts\/45485\/revisions"}],"predecessor-version":[{"id":45487,"href":"http:\/\/www.friaguinee.net\/index.php\/wp-json\/wp\/v2\/posts\/45485\/revisions\/45487"}],"wp:featuredmedia":[{"embeddable":true,"href":"http:\/\/www.friaguinee.net\/index.php\/wp-json\/wp\/v2\/media\/45478"}],"wp:attachment":[{"href":"http:\/\/www.friaguinee.net\/index.php\/wp-json\/wp\/v2\/media?parent=45485"}],"wp:term":[{"taxonomy":"category","embeddable":true,"href":"http:\/\/www.friaguinee.net\/index.php\/wp-json\/wp\/v2\/categories?post=45485"},{"taxonomy":"post_tag","embeddable":true,"href":"http:\/\/www.friaguinee.net\/index.php\/wp-json\/wp\/v2\/tags?post=45485"}],"curies":[{"name":"wp","href":"https:\/\/api.w.org\/{rel}","templated":true}]}}