{"id":45067,"date":"2022-08-17T10:53:52","date_gmt":"2022-08-17T10:53:52","guid":{"rendered":"http:\/\/www.friaguinee.net\/?p=45067"},"modified":"2022-08-17T10:53:54","modified_gmt":"2022-08-17T10:53:54","slug":"cedeao-boni-yayi-attendu-dans-les-prochains-jours-a-conakry","status":"publish","type":"post","link":"http:\/\/www.friaguinee.net\/index.php\/2022\/08\/17\/cedeao-boni-yayi-attendu-dans-les-prochains-jours-a-conakry\/","title":{"rendered":"C\u00c9DEAO : Boni Yayi attendu dans les prochains jours \u00e0 Conakry !"},"content":{"rendered":"\n<p>CEDEAO : Boni Yayi attendu dans les prochains jours \u00e0 Conakry !<\/p>\n\n\n\n<p>Dans un communiqu\u00e9 de la C\u00e9deao, publi\u00e9 ce mercredi 17 ao\u00fbt 2022, le m\u00e9diateur de la C\u00e9deao sera pr\u00e9sent \u00e0 Conakry le dimanche 21 ao\u00fbt. Dans le cadre de cette mission il pr\u00e9voit un dialogue inclusif, avec les membres du gouvernement, les acteurs politiques, les partenaires et la soci\u00e9t\u00e9 civile guin\u00e9enne.<\/p>\n\n\n\n<p>Apr\u00e8s sa premi\u00e8re visite courant juillet \u00e0 Conakry, lors de laquelle il a rencontr\u00e9 les membres du gouvernement et s\u2019est entretenu avec des diplomates \u00e9trangers en poste \u00e0 Conakry et une forte d\u00e9l\u00e9gation du CNRD (comit\u00e9 national du rassemblement pour le d\u00e9veloppement) dans un complexe h\u00f4telier de la capitale. Boni Yayi retourne \u00e0 Conakry, pour la suite de cette m\u00e9diation.<\/p>\n\n\n\n<p>Dans une situation socio politique tr\u00e8s tendue, avec l&rsquo;appel \u00e0 manifester du FNDC, ce 17 ao\u00fbt et plusieurs autres \u00e9v\u00e9nements qui paralyse les activit\u00e9s \u00e9conomiques du pays. Le m\u00e9diateur de la C\u00e9deao tentera de rencontrer les diff\u00e9rentes parties, pour trouver une issue favorable aux manifestations du FNDC, qui demande un retour tr\u00e8s rapide \u00e0 l&rsquo;ordre constitutionnel et en suite d\u00e9voil\u00e9 un chronogramme de la transition.<\/p>\n\n\n\n<p>Le Pr\u00e9sident de la commission Dr Omar Alieu Touray, profite de cette occasion, pour appeller les autorit\u00e9s de la transition, la classe politique et la soci\u00e9t\u00e9 civile guin\u00e9enne d&rsquo;\u0153uvrer pour le maintien de la paix, pour la r\u00e9ussite de la mission du m\u00e9diateur.<\/p>\n\n\n\n<figure class=\"wp-block-image size-full is-resized\"><img loading=\"lazy\" decoding=\"async\" src=\"http:\/\/www.friaguinee.net\/wp-content\/uploads\/2022\/08\/Screenshot_20220817-103417_WhatsApp-1.jpg\" alt=\"\" class=\"wp-image-45069\" width=\"469\" height=\"529\" srcset=\"http:\/\/www.friaguinee.net\/wp-content\/uploads\/2022\/08\/Screenshot_20220817-103417_WhatsApp-1.jpg 706w, http:\/\/www.friaguinee.net\/wp-content\/uploads\/2022\/08\/Screenshot_20220817-103417_WhatsApp-1-265x300.jpg 265w, http:\/\/www.friaguinee.net\/wp-content\/uploads\/2022\/08\/Screenshot_20220817-103417_WhatsApp-1-696x787.jpg 696w, http:\/\/www.friaguinee.net\/wp-content\/uploads\/2022\/08\/Screenshot_20220817-103417_WhatsApp-1-372x420.jpg 372w\" sizes=\"auto, (max-width: 469px) 100vw, 469px\" \/><\/figure>\n\n\n\n<p><strong>Mansa Moussa Mara pour Friaguinee.net <\/strong><\/p>\n","protected":false},"excerpt":{"rendered":"<p>CEDEAO : Boni Yayi attendu dans les prochains jours \u00e0 Conakry ! Dans un communiqu\u00e9 de la C\u00e9deao, publi\u00e9 ce mercredi 17 ao\u00fbt 2022, le m\u00e9diateur de la C\u00e9deao sera pr\u00e9sent \u00e0 Conakry le dimanche 21 ao\u00fbt. Dans le cadre de cette mission il pr\u00e9voit un dialogue inclusif, avec les membres du gouvernement, les acteurs [&hellip;]<\/p>\n","protected":false},"author":3,"featured_media":45068,"comment_status":"open","ping_status":"open","sticky":false,"template":"","format":"standard","meta":{"footnotes":""},"categories":[2],"tags":[],"class_list":["post-45067","post","type-post","status-publish","format-standard","has-post-thumbnail","hentry","category-actualites"],"_links":{"self":[{"href":"http:\/\/www.friaguinee.net\/index.php\/wp-json\/wp\/v2\/posts\/45067","targetHints":{"allow":["GET"]}}],"collection":[{"href":"http:\/\/www.friaguinee.net\/index.php\/wp-json\/wp\/v2\/posts"}],"about":[{"href":"http:\/\/www.friaguinee.net\/index.php\/wp-json\/wp\/v2\/types\/post"}],"author":[{"embeddable":true,"href":"http:\/\/www.friaguinee.net\/index.php\/wp-json\/wp\/v2\/users\/3"}],"replies":[{"embeddable":true,"href":"http:\/\/www.friaguinee.net\/index.php\/wp-json\/wp\/v2\/comments?post=45067"}],"version-history":[{"count":1,"href":"http:\/\/www.friaguinee.net\/index.php\/wp-json\/wp\/v2\/posts\/45067\/revisions"}],"predecessor-version":[{"id":45070,"href":"http:\/\/www.friaguinee.net\/index.php\/wp-json\/wp\/v2\/posts\/45067\/revisions\/45070"}],"wp:featuredmedia":[{"embeddable":true,"href":"http:\/\/www.friaguinee.net\/index.php\/wp-json\/wp\/v2\/media\/45068"}],"wp:attachment":[{"href":"http:\/\/www.friaguinee.net\/index.php\/wp-json\/wp\/v2\/media?parent=45067"}],"wp:term":[{"taxonomy":"category","embeddable":true,"href":"http:\/\/www.friaguinee.net\/index.php\/wp-json\/wp\/v2\/categories?post=45067"},{"taxonomy":"post_tag","embeddable":true,"href":"http:\/\/www.friaguinee.net\/index.php\/wp-json\/wp\/v2\/tags?post=45067"}],"curies":[{"name":"wp","href":"https:\/\/api.w.org\/{rel}","templated":true}]}}