{"id":44664,"date":"2022-07-27T10:01:29","date_gmt":"2022-07-27T10:01:29","guid":{"rendered":"http:\/\/www.friaguinee.net\/?p=44664"},"modified":"2022-07-27T10:01:31","modified_gmt":"2022-07-27T10:01:31","slug":"manif-du-28-juillet-le-fndc-alerte-sur-un-plan-de-repression-orchestre-par-la-junte-communique","status":"publish","type":"post","link":"http:\/\/www.friaguinee.net\/index.php\/2022\/07\/27\/manif-du-28-juillet-le-fndc-alerte-sur-un-plan-de-repression-orchestre-par-la-junte-communique\/","title":{"rendered":"Manif du 28 juillet: le FNDC alerte sur un plan \u00ab de r\u00e9pression orchestr\u00e9 par la junte \u00bb (communiqu\u00e9)"},"content":{"rendered":"\n<p>Le comit\u00e9 d\u2019organisation de la marche citoyenne et pacifique du 28 juillet a \u00e9t\u00e9 inform\u00e9 de la d\u00e9cision d\u2019interdiction de ladite manifestation pacifique par le pr\u00e9sident de la transition, au nom du CNRD, transmise au Ministre de l\u2019Administration du Territoire et de la D\u00e9centralisation pour ex\u00e9cution.<\/p>\n\n\n\n<p>Le Ministre de l\u2019Administration du Territoire et de la D\u00e9centralisation Mory Cond\u00e9, a, \u00e0 son tour, instruit \u00e0 Madame le Gouverneur de la ville de Conakry de convoquer une r\u00e9union des maires au Gouvernorat ce mardi 26 juillet 2022 pour leur notifier la d\u00e9cision d\u2019interdiction de la manifestation du FNDC. Ce qui fut fait.<\/p>\n\n\n\n<p>Les Ministres de la S\u00e9curit\u00e9, de l\u2019Administration du Territoire et celui de la D\u00e9fense sont charg\u00e9s de coordonner, en collaboration avec les colonels Balla Samoura et Amara Camara, les op\u00e9rations de r\u00e9pression de la marche Pacifique et Citoyenne du 28 juillet 2022 conform\u00e9ment aux directives du CNRD.<ins><\/ins><\/p>\n\n\n\n<p>Le comit\u00e9 d\u2019organisation rassure les citoyens pro-d\u00e9mocratie et les invite \u00e0 manifester pacifiquement dans le strict respect du guide du manifestant, partout o\u00f9 ils sont pour exiger le Dialogue, le retour rapide \u00e0 l\u2019ordre constitutionnel, le respect des libert\u00e9s et contre l\u2019instrumentalisation de la justice et la restriction de l\u2019espace<br>civique.<\/p>\n\n\n\n<p><strong>LE COMIT\u00c9 D\u2019ORGANISATION<\/strong><\/p>\n\n\n\n<p><strong>Conakry, 26 Juillet 2022<\/strong><\/p>\n\n\n\n<p><\/p>\n","protected":false},"excerpt":{"rendered":"<p>Le comit\u00e9 d\u2019organisation de la marche citoyenne et pacifique du 28 juillet a \u00e9t\u00e9 inform\u00e9 de la d\u00e9cision d\u2019interdiction de ladite manifestation pacifique par le pr\u00e9sident de la transition, au nom du CNRD, transmise au Ministre de l\u2019Administration du Territoire et de la D\u00e9centralisation pour ex\u00e9cution. Le Ministre de l\u2019Administration du Territoire et de la [&hellip;]<\/p>\n","protected":false},"author":3,"featured_media":44130,"comment_status":"open","ping_status":"open","sticky":false,"template":"","format":"standard","meta":{"footnotes":""},"categories":[2],"tags":[],"class_list":["post-44664","post","type-post","status-publish","format-standard","has-post-thumbnail","hentry","category-actualites"],"_links":{"self":[{"href":"http:\/\/www.friaguinee.net\/index.php\/wp-json\/wp\/v2\/posts\/44664","targetHints":{"allow":["GET"]}}],"collection":[{"href":"http:\/\/www.friaguinee.net\/index.php\/wp-json\/wp\/v2\/posts"}],"about":[{"href":"http:\/\/www.friaguinee.net\/index.php\/wp-json\/wp\/v2\/types\/post"}],"author":[{"embeddable":true,"href":"http:\/\/www.friaguinee.net\/index.php\/wp-json\/wp\/v2\/users\/3"}],"replies":[{"embeddable":true,"href":"http:\/\/www.friaguinee.net\/index.php\/wp-json\/wp\/v2\/comments?post=44664"}],"version-history":[{"count":1,"href":"http:\/\/www.friaguinee.net\/index.php\/wp-json\/wp\/v2\/posts\/44664\/revisions"}],"predecessor-version":[{"id":44665,"href":"http:\/\/www.friaguinee.net\/index.php\/wp-json\/wp\/v2\/posts\/44664\/revisions\/44665"}],"wp:featuredmedia":[{"embeddable":true,"href":"http:\/\/www.friaguinee.net\/index.php\/wp-json\/wp\/v2\/media\/44130"}],"wp:attachment":[{"href":"http:\/\/www.friaguinee.net\/index.php\/wp-json\/wp\/v2\/media?parent=44664"}],"wp:term":[{"taxonomy":"category","embeddable":true,"href":"http:\/\/www.friaguinee.net\/index.php\/wp-json\/wp\/v2\/categories?post=44664"},{"taxonomy":"post_tag","embeddable":true,"href":"http:\/\/www.friaguinee.net\/index.php\/wp-json\/wp\/v2\/tags?post=44664"}],"curies":[{"name":"wp","href":"https:\/\/api.w.org\/{rel}","templated":true}]}}