{"id":4456,"date":"2018-07-28T19:40:30","date_gmt":"2018-07-28T19:40:30","guid":{"rendered":"http:\/\/www.friaguinee.net\/?p=4456"},"modified":"2018-07-28T20:19:21","modified_gmt":"2018-07-28T20:19:21","slug":"fria-le-capf-lance-une-vaste-operation-dassainissement","status":"publish","type":"post","link":"http:\/\/www.friaguinee.net\/index.php\/2018\/07\/28\/fria-le-capf-lance-une-vaste-operation-dassainissement\/","title":{"rendered":"Fria : le CAPF lance une vaste op\u00e9ration d\u2019assainissement"},"content":{"rendered":"<p>A l&rsquo;instar de la capitale guin\u00e9enne qui depuis le mois dernier b\u00e9n\u00e9ficie d\u2019une journ\u00e9e d\u2019assainissement par mois, le centre d&rsquo;autonomisation et de promotion des femmes et filles de Fria a lanc\u00e9 ce samedi 28 juillet 2018, une s\u00e9rie d&rsquo;assainissement des \u00a0quartiers de la commune urbaine de Fria.<\/p>\n<p>Cette initiative du CAPF appuy\u00e9 par <strong>l\u2019ONG Childfund Guin\u00e9e<\/strong>, s\u2019inscrit dans le cadre de la participation des apprenantes aux actions des communaut\u00e9s, un des axes\u00a0 du projet d\u2019am\u00e9lioration des conditions d\u2019apprentissage des filles du CAPF-Fria, qui ont d\u2019ailleurs massivement particip\u00e9 \u00e0 cette op\u00e9ration.<img loading=\"lazy\" decoding=\"async\" class=\"size-full wp-image-4460 alignright\" src=\"http:\/\/www.friaguinee.net\/wp-content\/uploads\/2018\/07\/38008024_2098528107078165_3044789680064167936_n.jpg\" alt=\"\" width=\"280\" height=\"280\" srcset=\"http:\/\/www.friaguinee.net\/wp-content\/uploads\/2018\/07\/38008024_2098528107078165_3044789680064167936_n.jpg 280w, http:\/\/www.friaguinee.net\/wp-content\/uploads\/2018\/07\/38008024_2098528107078165_3044789680064167936_n-150x150.jpg 150w\" sizes=\"auto, (max-width: 280px) 100vw, 280px\" \/><\/p>\n<p>Parlant de cette premi\u00e8re journ\u00e9e de participation citoyenne, le Directeur du CAPF estime que toutes les pr\u00e9fectures du pays sont concern\u00e9es par l\u2019assainissement.<\/p>\n<p>\u00ab\u00a0Nous avons pris cette initiative d\u2019assainir Fria \u00e0 l&rsquo;instar de la capitale Conakry. Nous savons tous qu&rsquo;aujourd&rsquo;hui de 6 heures \u00e0 11 heures les populations de Conakry sont \u00e0 pied d&rsquo;\u0153uvre pour assainir la ville, mais la Guin\u00e9e ne se limite pas seulement qu\u2019\u00e0 Conakry qui ne fait que donner l&rsquo;exemple, cela doit se passer dans toutes les villes du pays\u00a0\u00bb pr\u00e9cise Doubany Camara.<\/p>\n<p>C\u2019est le secr\u00e9taire g\u00e9n\u00e9ral charg\u00e9 des collectivit\u00e9s d\u00e9centralis\u00e9es qui a repr\u00e9sent\u00e9 Madame le pr\u00e9fet \u00e0 ce lancement.<\/p>\n<p>Naby Camara ne cache pas sa joie, il salue l\u2019initiative et d\u00e9gage quelques importances de cet acte.<img loading=\"lazy\" decoding=\"async\" class=\"size-full wp-image-4458 alignleft\" src=\"http:\/\/www.friaguinee.net\/wp-content\/uploads\/2018\/07\/37982963_2098528163744826_7397163062265905152_n.jpg\" alt=\"\" width=\"280\" height=\"280\" srcset=\"http:\/\/www.friaguinee.net\/wp-content\/uploads\/2018\/07\/37982963_2098528163744826_7397163062265905152_n.jpg 280w, http:\/\/www.friaguinee.net\/wp-content\/uploads\/2018\/07\/37982963_2098528163744826_7397163062265905152_n-150x150.jpg 150w\" sizes=\"auto, (max-width: 280px) 100vw, 280px\" \/><\/p>\n<p>\u00ab\u00a0Je remercie tr\u00e8s sinc\u00e8rement le gouvernement Kassory pour cette initiative d\u2019assainissement qui est une de ses priorit\u00e9s. \u00a0A l&rsquo;heure o\u00f9 nous sommes, les ministres sont r\u00e9partis dans les cinq communes de la capitale pour l&rsquo;assainissement, donc si le CAPF de Fria aussi a pris cette d\u00e9cision en main, vraiment au nom de Madame le pr\u00e9fet, je ne peux que m\u2019en r\u00e9jouir. Cela va nous \u00e9pargner toutes sortes de maladies diarrh\u00e9iques et du paludisme\u00a0\u00bb souligne-t-il.<\/p>\n<p>Le quartier Katourou 1 Ecole a \u00e9t\u00e9 le point de d\u00e9part de ces travaux qui s\u2019effectueront dans les 13 quartiers de la commune urbaine.\u00a0 Pour le pr\u00e9sident des chefs de quartiers, c\u2019est un sentiment de bien-\u00eatre.<\/p>\n<p>\u00ab\u00a0C&rsquo;est une satisfaction pour nous les chefs de quartiers, on ne peut que les remercier, vraiment les mots me manquent pour les remercier\u00a0\u00bb se r\u00e9jouit Dian Path\u00e9 Bah chef du quartier Katourou 2.<img loading=\"lazy\" decoding=\"async\" class=\"aligncenter size-full wp-image-4457\" src=\"http:\/\/www.friaguinee.net\/wp-content\/uploads\/2018\/07\/37912417_2098528133744829_387217281991573504_n.jpg\" alt=\"\" width=\"280\" height=\"280\" srcset=\"http:\/\/www.friaguinee.net\/wp-content\/uploads\/2018\/07\/37912417_2098528133744829_387217281991573504_n.jpg 280w, http:\/\/www.friaguinee.net\/wp-content\/uploads\/2018\/07\/37912417_2098528133744829_387217281991573504_n-150x150.jpg 150w\" sizes=\"auto, (max-width: 280px) 100vw, 280px\" \/><\/p>\n<p>&nbsp;<\/p>\n<p>L\u2019op\u00e9ration du jour a permis de collecter une importante quantit\u00e9 d\u2019ordures et de d\u00e9chets m\u00e9nagers. Le CAPF s\u2019engage \u00e0 poursuivre cette activit\u00e9 au moins deux fois par mois.<\/p>\n<p><strong>Mohamed Kolya Bangoura pour friaguinee.net<\/strong><\/p>\n<p><strong>Tel\u00a0: 620 05 05 47<\/strong><\/p>\n","protected":false},"excerpt":{"rendered":"<p>A l&rsquo;instar de la capitale guin\u00e9enne qui depuis le mois dernier b\u00e9n\u00e9ficie d\u2019une journ\u00e9e d\u2019assainissement par mois, le centre d&rsquo;autonomisation et de promotion des femmes et filles de Fria a lanc\u00e9 ce samedi 28 juillet 2018, une s\u00e9rie d&rsquo;assainissement des \u00a0quartiers de la commune urbaine de Fria. Cette initiative du CAPF appuy\u00e9 par l\u2019ONG Childfund [&hellip;]<\/p>\n","protected":false},"author":2,"featured_media":4459,"comment_status":"open","ping_status":"open","sticky":false,"template":"","format":"standard","meta":{"footnotes":""},"categories":[9],"tags":[198,378,49,411,413,412],"class_list":["post-4456","post","type-post","status-publish","format-standard","has-post-thumbnail","hentry","category-publireportage","tag-assainissement","tag-capf","tag-fria","tag-lance","tag-operation","tag-vaste"],"_links":{"self":[{"href":"http:\/\/www.friaguinee.net\/index.php\/wp-json\/wp\/v2\/posts\/4456","targetHints":{"allow":["GET"]}}],"collection":[{"href":"http:\/\/www.friaguinee.net\/index.php\/wp-json\/wp\/v2\/posts"}],"about":[{"href":"http:\/\/www.friaguinee.net\/index.php\/wp-json\/wp\/v2\/types\/post"}],"author":[{"embeddable":true,"href":"http:\/\/www.friaguinee.net\/index.php\/wp-json\/wp\/v2\/users\/2"}],"replies":[{"embeddable":true,"href":"http:\/\/www.friaguinee.net\/index.php\/wp-json\/wp\/v2\/comments?post=4456"}],"version-history":[{"count":5,"href":"http:\/\/www.friaguinee.net\/index.php\/wp-json\/wp\/v2\/posts\/4456\/revisions"}],"predecessor-version":[{"id":4467,"href":"http:\/\/www.friaguinee.net\/index.php\/wp-json\/wp\/v2\/posts\/4456\/revisions\/4467"}],"wp:featuredmedia":[{"embeddable":true,"href":"http:\/\/www.friaguinee.net\/index.php\/wp-json\/wp\/v2\/media\/4459"}],"wp:attachment":[{"href":"http:\/\/www.friaguinee.net\/index.php\/wp-json\/wp\/v2\/media?parent=4456"}],"wp:term":[{"taxonomy":"category","embeddable":true,"href":"http:\/\/www.friaguinee.net\/index.php\/wp-json\/wp\/v2\/categories?post=4456"},{"taxonomy":"post_tag","embeddable":true,"href":"http:\/\/www.friaguinee.net\/index.php\/wp-json\/wp\/v2\/tags?post=4456"}],"curies":[{"name":"wp","href":"https:\/\/api.w.org\/{rel}","templated":true}]}}