{"id":43070,"date":"2022-03-29T06:57:26","date_gmt":"2022-03-29T06:57:26","guid":{"rendered":"http:\/\/www.friaguinee.net\/?p=43070"},"modified":"2022-03-29T06:57:41","modified_gmt":"2022-03-29T06:57:41","slug":"mamadi-doumbouya-nomme-plusieurs-cadres-au-secretariat-general-du-gouvernement-decret","status":"publish","type":"post","link":"http:\/\/www.friaguinee.net\/index.php\/2022\/03\/29\/mamadi-doumbouya-nomme-plusieurs-cadres-au-secretariat-general-du-gouvernement-decret\/","title":{"rendered":"Mamadi Doumbouya nomme plusieurs  cadres  au secr\u00e9tariat g\u00e9n\u00e9ral du gouvernement (d\u00e9cret)"},"content":{"rendered":"\n<p>A travers un d\u00e9cret publi\u00e9 ce lundi 28 mars 2022 \u00e0 la t\u00e9l\u00e9vision nationale, le pr\u00e9sident de la transition, Colonel Mamadi Doumbouya a proc\u00e9d\u00e9 \u00e0 la nomination de hauts cadres au secr\u00e9tariat g\u00e9n\u00e9ral du gouvernement. Il s\u2019agit de :<\/p>\n\n\n\n<p><strong>1-Conseiller juridique\u00a0:<\/strong>\u00a0M. Dian\u00e9 Moustapha<\/p>\n\n\n\n<p><strong>2-Conseiller \u00e9conomique et social&nbsp;:&nbsp;<\/strong>M. Bald\u00e9 Mamadou Moro<\/p>\n\n\n\n<p><strong>3-Directeur de la l\u00e9gislation et de la r\u00e9glementation&nbsp;:<\/strong>&nbsp;Dr Kaba Ousmane<\/p>\n\n\n\n<p><strong>4-Directeur adjoint de la l\u00e9gislation et de la r\u00e9glementation&nbsp;:<\/strong>&nbsp;M. L\u00e9no Alexis Majest\u00e9<\/p>\n\n\n\n<p><strong>5-Directeur du journal officiel de la R\u00e9publique&nbsp;:<\/strong>&nbsp;M. Kourouma Mohamed<\/p>\n\n\n\n<p><strong>6-Directeur adjoint du journal officiel de la R\u00e9publique&nbsp;:<\/strong>&nbsp;M. Cond\u00e9 Moussa Assagb\u00e8<\/p>\n\n\n\n<p><strong>7-Directrice de la gestion des hauts fonctionnaires&nbsp;:<\/strong>&nbsp;Mme Sanoh Moussokoro<\/p>\n\n\n\n<p><strong>8-Directeur adjoint de la gestion des hauts fonctionnaires&nbsp;:<\/strong>&nbsp;Will Jonshon Tomas Noel<\/p>\n\n\n\n<p><strong>9-Directeur de la modernisation du travail gouvernemental&nbsp;:<\/strong>&nbsp;M. Keita Mamoudou<\/p>\n\n\n\n<p><strong>10-Directeur adjoint de la modernisation du travail gouvernemental\u00a0:<\/strong>\u00a0M. Bogu\u00e9 Eric Sylao<\/p>\n\n\n\n<p><strong>Friaguinee.net <\/strong><\/p>\n","protected":false},"excerpt":{"rendered":"<p>A travers un d\u00e9cret publi\u00e9 ce lundi 28 mars 2022 \u00e0 la t\u00e9l\u00e9vision nationale, le pr\u00e9sident de la transition, Colonel Mamadi Doumbouya a proc\u00e9d\u00e9 \u00e0 la nomination de hauts cadres au secr\u00e9tariat g\u00e9n\u00e9ral du gouvernement. Il s\u2019agit de : 1-Conseiller juridique\u00a0:\u00a0M. Dian\u00e9 Moustapha 2-Conseiller \u00e9conomique et social&nbsp;:&nbsp;M. Bald\u00e9 Mamadou Moro 3-Directeur de la l\u00e9gislation et [&hellip;]<\/p>\n","protected":false},"author":3,"featured_media":42972,"comment_status":"open","ping_status":"open","sticky":false,"template":"","format":"standard","meta":{"footnotes":""},"categories":[2],"tags":[],"class_list":["post-43070","post","type-post","status-publish","format-standard","has-post-thumbnail","hentry","category-actualites"],"_links":{"self":[{"href":"http:\/\/www.friaguinee.net\/index.php\/wp-json\/wp\/v2\/posts\/43070","targetHints":{"allow":["GET"]}}],"collection":[{"href":"http:\/\/www.friaguinee.net\/index.php\/wp-json\/wp\/v2\/posts"}],"about":[{"href":"http:\/\/www.friaguinee.net\/index.php\/wp-json\/wp\/v2\/types\/post"}],"author":[{"embeddable":true,"href":"http:\/\/www.friaguinee.net\/index.php\/wp-json\/wp\/v2\/users\/3"}],"replies":[{"embeddable":true,"href":"http:\/\/www.friaguinee.net\/index.php\/wp-json\/wp\/v2\/comments?post=43070"}],"version-history":[{"count":3,"href":"http:\/\/www.friaguinee.net\/index.php\/wp-json\/wp\/v2\/posts\/43070\/revisions"}],"predecessor-version":[{"id":43073,"href":"http:\/\/www.friaguinee.net\/index.php\/wp-json\/wp\/v2\/posts\/43070\/revisions\/43073"}],"wp:featuredmedia":[{"embeddable":true,"href":"http:\/\/www.friaguinee.net\/index.php\/wp-json\/wp\/v2\/media\/42972"}],"wp:attachment":[{"href":"http:\/\/www.friaguinee.net\/index.php\/wp-json\/wp\/v2\/media?parent=43070"}],"wp:term":[{"taxonomy":"category","embeddable":true,"href":"http:\/\/www.friaguinee.net\/index.php\/wp-json\/wp\/v2\/categories?post=43070"},{"taxonomy":"post_tag","embeddable":true,"href":"http:\/\/www.friaguinee.net\/index.php\/wp-json\/wp\/v2\/tags?post=43070"}],"curies":[{"name":"wp","href":"https:\/\/api.w.org\/{rel}","templated":true}]}}