{"id":43017,"date":"2022-03-25T06:37:36","date_gmt":"2022-03-25T06:37:36","guid":{"rendered":"http:\/\/www.friaguinee.net\/?p=43017"},"modified":"2022-03-25T06:39:44","modified_gmt":"2022-03-25T06:39:44","slug":"carmee-plusieurs-officiers-nommes-a-des-postes-de-commandement","status":"publish","type":"post","link":"http:\/\/www.friaguinee.net\/index.php\/2022\/03\/25\/carmee-plusieurs-officiers-nommes-a-des-postes-de-commandement\/","title":{"rendered":"Arm\u00e9e : plusieurs officiers nomm\u00e9s \u00e0 des postes de commandement"},"content":{"rendered":"\n<p>A travers un d\u00e9cret lu ce jeudi, 24 mars 2022 \u00e0 la t\u00e9l\u00e9vision nationale, le pr\u00e9sident de la transition colonel Mamadi Doumbouya a proc\u00e9d\u00e9 \u00e0 la nomination de plusieurs officiers de l\u2019arm\u00e9e \u00e0 des postes de commandement <\/p>\n\n\n\n<p><strong>Il s&rsquo;agit de:<\/strong><\/p>\n\n\n\n<p>Commandant&nbsp;:<strong>Colonel Mamadi Cond\u00e9,&nbsp;<\/strong>matricule 19420 G, pr\u00e9c\u00e9demment commandant du bataillon d\u2019infanterie de Macenta en remplacement du <strong>Colonel Bangaly Camara,<\/strong><\/p>\n\n\n\n<p><strong>Bataillon d\u2019infanterie de Macenta<\/strong><\/p>\n\n\n\n<p>Commandant&nbsp;:<strong>Colonel Hamidou Soumah,&nbsp;<\/strong>matricule 27299 G pr\u00e9c\u00e9demment commandant adjoint du bataillon autonome de Gu\u00e9ck\u00e9dou en remplacement du <strong>Colonel Mamadi Cond\u00e9<\/strong><\/p>\n\n\n\n<p><strong>Bataillon autonome de Faranah<\/strong><\/p>\n\n\n\n<p>Commandant&nbsp;:<strong>Colonel Boubacar Barry,<\/strong>matricule 26708 G rentrant de mission \u00e0 la Minusma en remplacement du <strong>Colonel P\u00e9v\u00e9 Zoumanigui<\/strong><\/p>\n\n\n\n<p><strong>Conseiller \u00e0 l\u2019\u00c9tat-major g\u00e9n\u00e9ral des arm\u00e9es :<\/strong><\/p>\n\n\n\n<p><strong>Colonel P\u00e9v\u00e9 Zoumanigui,<\/strong> matricule 18230 G pr\u00e9c\u00e9demment commandant du bataillon autonome de Faranah<\/p>\n\n\n\n<p><strong>Friaguinee.net <\/strong><\/p>\n\n\n\n<p><\/p>\n","protected":false},"excerpt":{"rendered":"<p>A travers un d\u00e9cret lu ce jeudi, 24 mars 2022 \u00e0 la t\u00e9l\u00e9vision nationale, le pr\u00e9sident de la transition colonel Mamadi Doumbouya a proc\u00e9d\u00e9 \u00e0 la nomination de plusieurs officiers de l\u2019arm\u00e9e \u00e0 des postes de commandement Il s&rsquo;agit de: Commandant&nbsp;:Colonel Mamadi Cond\u00e9,&nbsp;matricule 19420 G, pr\u00e9c\u00e9demment commandant du bataillon d\u2019infanterie de Macenta en remplacement du [&hellip;]<\/p>\n","protected":false},"author":3,"featured_media":42972,"comment_status":"open","ping_status":"open","sticky":false,"template":"","format":"standard","meta":{"footnotes":""},"categories":[2],"tags":[500,7119],"class_list":["post-43017","post","type-post","status-publish","format-standard","has-post-thumbnail","hentry","category-actualites","tag-armee","tag-commandement"],"_links":{"self":[{"href":"http:\/\/www.friaguinee.net\/index.php\/wp-json\/wp\/v2\/posts\/43017","targetHints":{"allow":["GET"]}}],"collection":[{"href":"http:\/\/www.friaguinee.net\/index.php\/wp-json\/wp\/v2\/posts"}],"about":[{"href":"http:\/\/www.friaguinee.net\/index.php\/wp-json\/wp\/v2\/types\/post"}],"author":[{"embeddable":true,"href":"http:\/\/www.friaguinee.net\/index.php\/wp-json\/wp\/v2\/users\/3"}],"replies":[{"embeddable":true,"href":"http:\/\/www.friaguinee.net\/index.php\/wp-json\/wp\/v2\/comments?post=43017"}],"version-history":[{"count":4,"href":"http:\/\/www.friaguinee.net\/index.php\/wp-json\/wp\/v2\/posts\/43017\/revisions"}],"predecessor-version":[{"id":43021,"href":"http:\/\/www.friaguinee.net\/index.php\/wp-json\/wp\/v2\/posts\/43017\/revisions\/43021"}],"wp:featuredmedia":[{"embeddable":true,"href":"http:\/\/www.friaguinee.net\/index.php\/wp-json\/wp\/v2\/media\/42972"}],"wp:attachment":[{"href":"http:\/\/www.friaguinee.net\/index.php\/wp-json\/wp\/v2\/media?parent=43017"}],"wp:term":[{"taxonomy":"category","embeddable":true,"href":"http:\/\/www.friaguinee.net\/index.php\/wp-json\/wp\/v2\/categories?post=43017"},{"taxonomy":"post_tag","embeddable":true,"href":"http:\/\/www.friaguinee.net\/index.php\/wp-json\/wp\/v2\/tags?post=43017"}],"curies":[{"name":"wp","href":"https:\/\/api.w.org\/{rel}","templated":true}]}}