{"id":42245,"date":"2022-02-11T08:07:34","date_gmt":"2022-02-11T08:07:34","guid":{"rendered":"http:\/\/www.friaguinee.net\/?p=42245"},"modified":"2022-02-11T08:07:35","modified_gmt":"2022-02-11T08:07:35","slug":"enseignement-superieur-des-cadres-nommes-dans-les-universites-et-instituts","status":"publish","type":"post","link":"http:\/\/www.friaguinee.net\/index.php\/2022\/02\/11\/enseignement-superieur-des-cadres-nommes-dans-les-universites-et-instituts\/","title":{"rendered":"Enseignement sup\u00e9rieur : des cadres nomm\u00e9s dans les universit\u00e9s et instituts"},"content":{"rendered":"\n<p>Dans une s\u00e9rie de d\u00e9crets diffus\u00e9s ce jeudi 10 f\u00e9vrier 2022 \u00e0 la t\u00e9l\u00e9vision nationale, le pr\u00e9sident de la transition, Colonel Mamadi Doumbouya a proc\u00e9d\u00e9 \u00e0 la nomination de plusieurs hauts cadres aux Minist\u00e8res de l\u2019Enseignement Sup\u00e9rieur, de la Recherche Scientifique et de l\u2019Innovation et celui de la Promotion F\u00e9minine, de l\u2019Enfance et des Personnes Vuln\u00e9rables. Ce sont&nbsp;:<\/p>\n\n\n\n<p><strong>Minist\u00e8re de la Promotion F\u00e9minine, de l\u2019Enfance et des Personnes Vuln\u00e9rables<\/strong><\/p>\n\n\n\n<p><a href=\"https:\/\/mediaguinee.org\/plusieurs-cadres-nommes-aux-ministeres-de-lenseignement-superieur-et-de-la-promotion-feminine\/#\"><br><\/a><\/p>\n\n\n\n<p>Dans une s\u00e9rie de d\u00e9crets diffus\u00e9s ce jeudi 10 f\u00e9vrier 2022 \u00e0 la t\u00e9l\u00e9vision nationale, le pr\u00e9sident de la transition, Colonel Mamadi Doumbouya a nomm\u00e9  plusieurs hauts cadres aux Minist\u00e8res de l\u2019Enseignement Sup\u00e9rieur, de la Recherche Scientifique et de l\u2019Innovation et celui de la Promotion F\u00e9minine, de l\u2019Enfance et des Personnes Vuln\u00e9rables. Ce sont\u00a0:<\/p>\n\n\n\n<p><strong>Minist\u00e8re de la Promotion F\u00e9minine, de l\u2019Enfance et des Personnes Vuln\u00e9rables<\/strong><ins><\/ins><\/p>\n\n\n\n<p>1 Mme Mawa Gu\u00e8ye, pr\u00e9c\u00e9demment directrice g\u00e9n\u00e9rale adjointe des centres d\u2019autonomisation des Femmes au Minist\u00e8re de l\u2019Action Sociale et de l\u2019Enfance, est nomm\u00e9e conseill\u00e8re charg\u00e9e de la promotion f\u00e9minine et de l\u2019enfance<\/p>\n\n\n\n<p>2 Mme Oumou Hawa Camara, pr\u00e9c\u00e9demment inspectrice g\u00e9n\u00e9rale adjointe du Minist\u00e8re de l\u2019Action Sociale et de l\u2019Enfance, est nomm\u00e9e Directrice nationale adjointe de l\u2019enfance au Minist\u00e8re de la Promotion F\u00e9minine, de l\u2019Enfance et des Personnes Vuln\u00e9rables<\/p>\n\n\n\n<p><strong>Minist\u00e8re de l\u2019Enseignement Sup\u00e9rieur, de la Recherche Scientifique et de l\u2019innovation<\/strong><\/p>\n\n\n\n<p><strong>1- Conseiller principal&nbsp;:&nbsp;<\/strong>Pr Mamadou Saliou Diallo, enseignant chercheur, matricule&nbsp;: 196138K, pr\u00e9c\u00e9demment directeur g\u00e9n\u00e9ral de l\u2019institut sup\u00e9rieur de formation \u00e0 distance<\/p>\n\n\n\n<p><strong>2- Conseill\u00e8re juridique&nbsp;:<\/strong>&nbsp;Mme Koumba Madeleine Millimono, juriste, pr\u00e9c\u00e9demment charg\u00e9e de la promotion des travaux d\u2019int\u00e9r\u00eat g\u00e9n\u00e9ral et des alternatives \u00e0 la d\u00e9tection pour les mineurs (Terre des Hommes)<\/p>\n\n\n\n<p><strong>3- Inspecteur g\u00e9n\u00e9ral&nbsp;:&nbsp;<\/strong>Pr Abdoul Karim Diallo, enseignant chercheur, matricule&nbsp;: 110001V, pr\u00e9c\u00e9demment directeur du bureau de strat\u00e9gie et de d\u00e9veloppement au Minist\u00e8re de l\u2019Enseignement Sup\u00e9rieur, de la Recherche Scientifique et de l\u2019Innovation<\/p>\n\n\n\n<p><strong>4- Inspectrice g\u00e9n\u00e9rale adjointe&nbsp;:<\/strong>&nbsp;Mme Fatoumata Labo Bald\u00e9, \u00e9conomiste, matricule&nbsp;: 256081X, pr\u00e9c\u00e9demment cheffe de section relation \u00e9conomique et ext\u00e9rieur \u00e0 la direction nationale des \u00e9tudes \u00e9conomiques et de la pr\u00e9vision au Minist\u00e8re de l\u2019Economie, des Finances et du Plan<\/p>\n\n\n\n<p><strong>5- Directeur g\u00e9n\u00e9ral de l\u2019Enseignement Sup\u00e9rieur&nbsp;:<\/strong>&nbsp;Dr Oumar Doumbouya, enseignant chercheur, matricule&nbsp;: 265081K, universit\u00e9 G\u00e9n\u00e9ral Lansana Cont\u00e9 de Sonfonia<\/p>\n\n\n\n<p><strong>6- Directrice g\u00e9n\u00e9rale adjointe de l\u2019Enseignement Sup\u00e9rieur&nbsp;:&nbsp;<\/strong>Dr Fanta Tour\u00e9, enseignante chercheur, matricule&nbsp;: 191217P, pr\u00e9c\u00e9demment directrice g\u00e9n\u00e9rale de l\u2019\u00e9cole sup\u00e9rieur du Tourisme et de l\u2019H\u00f4tellerie<\/p>\n\n\n\n<p><strong>7- Directrice g\u00e9n\u00e9rale de la recherche scientifique&nbsp;:&nbsp;<\/strong>&nbsp;Dr Mafory Bangoura, enseignant chercheur, matricule&nbsp;: 199214Z, confirm\u00e9e<\/p>\n\n\n\n<p><strong>8- &nbsp;Directeur g\u00e9n\u00e9ral adjoint de la recherche scientifique&nbsp;:&nbsp;<\/strong>Dr Ramadan Diallo, enseignant chercheur, pr\u00e9c\u00e9demment directeur ex\u00e9cutif du centre international de recherche et de documentation<\/p>\n\n\n\n<p><strong>9- Directrice g\u00e9n\u00e9rale de l\u2019Innovation&nbsp;:&nbsp;<\/strong>Mme Aminata Deen Tour\u00e9, consultante, sp\u00e9cialiste de la transformation digitale<\/p>\n\n\n\n<p><strong>10- Directeur g\u00e9n\u00e9ral adjoint de l\u2019Innovation&nbsp;:&nbsp;<\/strong>Dr Mamadou Saidou Bah, enseignant chercheur, matricule&nbsp;: 311962R, Universit\u00e9 Gamal Nasser de Conalry<\/p>\n\n\n\n<p><strong>11- Directeur g\u00e9n\u00e9ral du Bureau de Strat\u00e9gie et de D\u00e9veloppement&nbsp;:<\/strong>&nbsp;Dr Mamoudou Mataga, enseignant chercheur, matricule 310566L, universit\u00e9 G\u00e9n\u00e9ral Lansana Cont\u00e9 de Sonfonia<\/p>\n\n\n\n<p><strong>12- Directeur g\u00e9n\u00e9ral adjoint du Bureau de Strat\u00e9gie et de D\u00e9veloppement&nbsp;:&nbsp;<\/strong>M. Mohamed Traor\u00e9, enseignant chercheur, matricule&nbsp;: 312012A, universit\u00e9 G\u00e9n\u00e9ral Lansana Cont\u00e9 de Sonfonia.<\/p>\n\n\n\n<p><strong>Friaguinee.net<\/strong><\/p>\n","protected":false},"excerpt":{"rendered":"<p>Dans une s\u00e9rie de d\u00e9crets diffus\u00e9s ce jeudi 10 f\u00e9vrier 2022 \u00e0 la t\u00e9l\u00e9vision nationale, le pr\u00e9sident de la transition, Colonel Mamadi Doumbouya a proc\u00e9d\u00e9 \u00e0 la nomination de plusieurs hauts cadres aux Minist\u00e8res de l\u2019Enseignement Sup\u00e9rieur, de la Recherche Scientifique et de l\u2019Innovation et celui de la Promotion F\u00e9minine, de l\u2019Enfance et des Personnes [&hellip;]<\/p>\n","protected":false},"author":3,"featured_media":42246,"comment_status":"open","ping_status":"open","sticky":false,"template":"","format":"standard","meta":{"footnotes":""},"categories":[2],"tags":[1649],"class_list":["post-42245","post","type-post","status-publish","format-standard","has-post-thumbnail","hentry","category-actualites","tag-decret"],"_links":{"self":[{"href":"http:\/\/www.friaguinee.net\/index.php\/wp-json\/wp\/v2\/posts\/42245","targetHints":{"allow":["GET"]}}],"collection":[{"href":"http:\/\/www.friaguinee.net\/index.php\/wp-json\/wp\/v2\/posts"}],"about":[{"href":"http:\/\/www.friaguinee.net\/index.php\/wp-json\/wp\/v2\/types\/post"}],"author":[{"embeddable":true,"href":"http:\/\/www.friaguinee.net\/index.php\/wp-json\/wp\/v2\/users\/3"}],"replies":[{"embeddable":true,"href":"http:\/\/www.friaguinee.net\/index.php\/wp-json\/wp\/v2\/comments?post=42245"}],"version-history":[{"count":1,"href":"http:\/\/www.friaguinee.net\/index.php\/wp-json\/wp\/v2\/posts\/42245\/revisions"}],"predecessor-version":[{"id":42247,"href":"http:\/\/www.friaguinee.net\/index.php\/wp-json\/wp\/v2\/posts\/42245\/revisions\/42247"}],"wp:featuredmedia":[{"embeddable":true,"href":"http:\/\/www.friaguinee.net\/index.php\/wp-json\/wp\/v2\/media\/42246"}],"wp:attachment":[{"href":"http:\/\/www.friaguinee.net\/index.php\/wp-json\/wp\/v2\/media?parent=42245"}],"wp:term":[{"taxonomy":"category","embeddable":true,"href":"http:\/\/www.friaguinee.net\/index.php\/wp-json\/wp\/v2\/categories?post=42245"},{"taxonomy":"post_tag","embeddable":true,"href":"http:\/\/www.friaguinee.net\/index.php\/wp-json\/wp\/v2\/tags?post=42245"}],"curies":[{"name":"wp","href":"https:\/\/api.w.org\/{rel}","templated":true}]}}