{"id":41882,"date":"2022-01-28T07:02:28","date_gmt":"2022-01-28T07:02:28","guid":{"rendered":"http:\/\/www.friaguinee.net\/?p=41882"},"modified":"2022-01-28T07:02:29","modified_gmt":"2022-01-28T07:02:29","slug":"decret-mamadi-doumbouya-nomme-plusieurs-cadres-des-ministeres","status":"publish","type":"post","link":"http:\/\/www.friaguinee.net\/index.php\/2022\/01\/28\/decret-mamadi-doumbouya-nomme-plusieurs-cadres-des-ministeres\/","title":{"rendered":"D\u00e9cret : Mamadi  Doumbouya nomme plusieurs cadres  des minist\u00e8res"},"content":{"rendered":"\n<p>A travers une s\u00e9rie de d\u00e9crets publi\u00e9s ce jeudi 27 janvier 2022 \u00e0 la t\u00e9l\u00e9vision nationale, le pr\u00e9sident de la transition, Colonel Mamadi Doumbouya a nomm\u00e9 plusieurs cadres aux Minist\u00e8res du Travail et de la Fonction publique, de l\u2019Economie, des Finances et du Plan. Ce sont&nbsp;:<\/p>\n\n\n\n<p><strong>Minist\u00e8re du Travail et de la Fonction Publique<\/strong><ins><\/ins><\/p>\n\n\n\n<p><strong>1- Conseiller principal&nbsp;:<\/strong>&nbsp;M. Naby Camara, matricule&nbsp;: 5831275A, pr\u00e9c\u00e9demment en service au Minist\u00e8re des Infrastructures et des Transports<\/p>\n\n\n\n<p><strong>2- Conseill\u00e8re juridique&nbsp;:<\/strong>&nbsp;Mme Aissatou Sow, juriste, matricule&nbsp;: 245179T, pr\u00e9c\u00e9demment directrice g\u00e9n\u00e9rale adjointe du bureau de strat\u00e9gie et de d\u00e9veloppement au Minist\u00e8re du Travail et de la Fonction Publique<\/p>\n\n\n\n<p><strong>3- Conseiller charg\u00e9 des questions de fonction publique et de la modernisation de l\u2019administration&nbsp;:&nbsp;<\/strong>M. Als\u00e9ny S\u00e9kou Camara, matricule&nbsp;: 591465T, pr\u00e9c\u00e9demment conseiller charg\u00e9 des questions de reforme de l\u2019Etat et de modernisation de l\u2019administration<\/p>\n\n\n\n<p><strong>4- Conseill\u00e8re charg\u00e9e des questions de Travail, de l\u2019Emploi et des Lois Sociales&nbsp;:<\/strong>&nbsp;Mme Nansira Sanguiana Camara, matricule&nbsp;: 322900H, pr\u00e9c\u00e9demment conseill\u00e8re charg\u00e9e de l\u2019Emploi au Minist\u00e8re de l\u2019Enseignement technique et de la formation professionnelle<\/p>\n\n\n\n<p><strong>5- Directeur national de la Fonction publique&nbsp;:<\/strong>&nbsp;M. Yamoussa Mama Camara, juriste, matricule 209724C, pr\u00e9c\u00e9demment directeur national de l\u2019organisation administrative et de la gestion pr\u00e9visionnelle des agents de l\u2019Etat<\/p>\n\n\n\n<p><strong>6- Directeur national adjoint de la Fonction publique&nbsp;:<\/strong>&nbsp;M. Morcir\u00e9 Diakit\u00e9, administrateur civil, matricule 199232M, confirm\u00e9<\/p>\n\n\n\n<p><strong>7- Directeur national des Syst\u00e8mes d\u2019Information de la Fonction publique&nbsp;:<\/strong>&nbsp;M. Salim Souar\u00e9, ing\u00e9nieur informaticien, pr\u00e9c\u00e9demment responsable informatique de Global Alumina Corporation (GAC)<\/p>\n\n\n\n<p><strong>8- Directeur national adjoint des Syst\u00e8mes d\u2019Information de la Fonction publique&nbsp;:&nbsp;<\/strong>M. Mamadou Djould\u00e9 Barry, ing\u00e9nieur d\u00e9veloppeur, Matricule&nbsp;: 223640<sup>E<\/sup>, pr\u00e9c\u00e9demment chef de service modernisation des syst\u00e8mes d\u2019information au Minist\u00e8re du Travail et de la Fonction publique<\/p>\n\n\n\n<p><strong>9- Directeur du service national des concours, examens professionnels et contrats&nbsp;:<\/strong>&nbsp;M. Jean Gnouma Sayon Dounoh, professeur, Matricule&nbsp;: 194867S, pr\u00e9c\u00e9demment chef de section alphab\u00e9tisation de base et post-alphab\u00e9tisation au Minist\u00e8re de l\u2019Education Nationale et de l\u2019Alphab\u00e9tisation<\/p>\n\n\n\n<p><strong>10- Directeur adjoint du service national des concours, examens professionnels et contrats&nbsp;:<\/strong>&nbsp;M. Foromo Camara, administrateur civil, Matricule&nbsp;: 245171F, pr\u00e9c\u00e9demment chef de d\u00e9partement concours et examens professionnels au Minist\u00e8re du Travail et de la Fonction publique<\/p>\n\n\n\n<p><strong>Minist\u00e8re de l\u2019Economie, des Finances et du Plan<\/strong><\/p>\n\n\n\n<p><strong>1- Inspecteur g\u00e9n\u00e9ral des Finances&nbsp;:<\/strong>&nbsp;M. Jean Joseph Gomes, pr\u00e9c\u00e9demment associ\u00e9 g\u00e9rant au cabinet Pacific Ficucieur<\/p>\n\n\n\n<p><strong>2- Inspecteur g\u00e9n\u00e9ral adjoint des Finances&nbsp;:<\/strong>&nbsp;M. Mamadou Bald\u00e9<\/p>\n\n\n\n<p><strong>3- Directeur national des investissements publics&nbsp;:<\/strong>&nbsp;M. Oumar Barry, pr\u00e9c\u00e9demment assistant technique en charge du suivi et l\u2019\u00e9valuation du cabinet du Ministre des Mines et de la G\u00e9ologie<\/p>\n\n\n\n<p><strong>4- Directrice adjointe du Contr\u00f4le financier&nbsp;:<\/strong>&nbsp;Mme Binedelphine Dor\u00e9<\/p>\n\n\n\n<p><strong>5- Directrice adjointe du portefeuille de l\u2019Etat et des investissements priv\u00e9s\u00a0:<\/strong>\u00a0Mme Aissata Soumah, pr\u00e9c\u00e9demment Directrice g\u00e9n\u00e9rale adjointe du Patrimoine de l\u2019Etat et des investissements priv\u00e9s.<\/p>\n\n\n\n<p><strong>Friaguinee.net <\/strong><\/p>\n","protected":false},"excerpt":{"rendered":"<p>A travers une s\u00e9rie de d\u00e9crets publi\u00e9s ce jeudi 27 janvier 2022 \u00e0 la t\u00e9l\u00e9vision nationale, le pr\u00e9sident de la transition, Colonel Mamadi Doumbouya a nomm\u00e9 plusieurs cadres aux Minist\u00e8res du Travail et de la Fonction publique, de l\u2019Economie, des Finances et du Plan. Ce sont&nbsp;: Minist\u00e8re du Travail et de la Fonction Publique 1- [&hellip;]<\/p>\n","protected":false},"author":3,"featured_media":40714,"comment_status":"open","ping_status":"open","sticky":false,"template":"","format":"standard","meta":{"footnotes":""},"categories":[2],"tags":[],"class_list":["post-41882","post","type-post","status-publish","format-standard","has-post-thumbnail","hentry","category-actualites"],"_links":{"self":[{"href":"http:\/\/www.friaguinee.net\/index.php\/wp-json\/wp\/v2\/posts\/41882","targetHints":{"allow":["GET"]}}],"collection":[{"href":"http:\/\/www.friaguinee.net\/index.php\/wp-json\/wp\/v2\/posts"}],"about":[{"href":"http:\/\/www.friaguinee.net\/index.php\/wp-json\/wp\/v2\/types\/post"}],"author":[{"embeddable":true,"href":"http:\/\/www.friaguinee.net\/index.php\/wp-json\/wp\/v2\/users\/3"}],"replies":[{"embeddable":true,"href":"http:\/\/www.friaguinee.net\/index.php\/wp-json\/wp\/v2\/comments?post=41882"}],"version-history":[{"count":4,"href":"http:\/\/www.friaguinee.net\/index.php\/wp-json\/wp\/v2\/posts\/41882\/revisions"}],"predecessor-version":[{"id":41886,"href":"http:\/\/www.friaguinee.net\/index.php\/wp-json\/wp\/v2\/posts\/41882\/revisions\/41886"}],"wp:featuredmedia":[{"embeddable":true,"href":"http:\/\/www.friaguinee.net\/index.php\/wp-json\/wp\/v2\/media\/40714"}],"wp:attachment":[{"href":"http:\/\/www.friaguinee.net\/index.php\/wp-json\/wp\/v2\/media?parent=41882"}],"wp:term":[{"taxonomy":"category","embeddable":true,"href":"http:\/\/www.friaguinee.net\/index.php\/wp-json\/wp\/v2\/categories?post=41882"},{"taxonomy":"post_tag","embeddable":true,"href":"http:\/\/www.friaguinee.net\/index.php\/wp-json\/wp\/v2\/tags?post=41882"}],"curies":[{"name":"wp","href":"https:\/\/api.w.org\/{rel}","templated":true}]}}