{"id":40589,"date":"2021-12-03T10:00:34","date_gmt":"2021-12-03T10:00:34","guid":{"rendered":"http:\/\/www.friaguinee.net\/?p=40589"},"modified":"2021-12-03T10:00:36","modified_gmt":"2021-12-03T10:00:36","slug":"omicron-lafrique-du-sud-frappee-par-un-apartheid-sanitaire-selon-le-president-ramaphosa","status":"publish","type":"post","link":"http:\/\/www.friaguinee.net\/index.php\/2021\/12\/03\/omicron-lafrique-du-sud-frappee-par-un-apartheid-sanitaire-selon-le-president-ramaphosa\/","title":{"rendered":"Omicron : l\u2019Afrique du Sud frapp\u00e9e par un \u00abapartheid sanitaire\u00bb, selon le pr\u00e9sident Ramaphosa"},"content":{"rendered":"\n<p>Cette quatri\u00e8me vague qui frappe le pays est port\u00e9e par le nouveau variant Omicron, d\u00e9tect\u00e9 dans trois quarts des \u00e9chantillons positifs analys\u00e9s au mois de novembre. La grande majorit\u00e9 des nouveaux cas sont d\u00e9tect\u00e9s dans la r\u00e9gion de Johannesburg et Pretoria. S\u2019il est encore trop t\u00f4t pour savoir quel sera l\u2019impact d\u2019Omicron sur les services de sant\u00e9 sud-africains, la flamb\u00e9e soudaine des cas prend de court l\u2019Afrique du Sud, qui se retrouve \u00ab<em>injustement<\/em>\u00bb isol\u00e9e.<\/p>\n\n\n\n<p>En 48 heures, deux importants festivals ont \u00e9t\u00e9 annul\u00e9s en Afrique du Sud. La multiplication des cas de Covid parmi les organisateurs et les participants a scell\u00e9 le sort de ces festivit\u00e9s. L\u2019ann\u00e9e derni\u00e8re, l\u2019un de ces festivals s\u2019\u00e9tait transform\u00e9 en super-propagateur, rappelle notre correspondant \u00e0 Johannesbourg,<strong>Romain Chanson<\/strong>.<\/p>\n\n\n\n<p>Pas question de commettre les m\u00eames erreurs avec le variant Omicron. Le virus, d\u00e9tect\u00e9 en Afrique australe fin novembre,&nbsp;se propage plus vite qu\u2019avec le variant Delta et domine les nouvelles contaminations. Omicron a \u00e9t\u00e9 d\u00e9tect\u00e9 dans trois quarts des \u00e9chantillons analys\u00e9s au mois de novembre.&nbsp;Plus de 11&nbsp;000 nouveaux cas ont \u00e9t\u00e9 recens\u00e9s dans le pays ce jeudi 2 d\u00e9cembre contre 8&nbsp;000 la veille.<ins><\/ins>Un million de vaccin\u00e9s en une semaine<\/p>\n\n\n\n<p>Dimanche, face \u00e0 un fr\u00e9missement de vague \u00e9pid\u00e9mique, le pr\u00e9sident Ramaphosa avait fait le choix de ne pas imposer de nouvelles restrictions. Mais depuis son discours, les nouvelles contaminations sont pass\u00e9es de 2&nbsp;000 \u00e0 11&nbsp;000. Cyril Ramaphosa pourrait r\u00e9\u00e9valuer la situation d\u2019ici la fin de la semaine.<\/p>\n\n\n\n<p>En attendant, le gouvernement fait campagne pour la vaccination et lance une semaine sp\u00e9ciale \u00e0 partir d\u2019aujourd\u2019hui. Bons d\u2019achats&nbsp;et tombola int\u00e9resseront les primo-inject\u00e9s. Objectif : un million&nbsp;de nouveaux vaccin\u00e9s en une semaine. La course contre le variant Omicron est lanc\u00e9e.<\/p>\n\n\n\n<p>En attendant, depuis&nbsp;l\u2019apparition du nouveau variant Omicron, l\u2019Afrique subit-elle un \u00ab<em>apartheid sanitaire<\/em>\u00bb&nbsp;dans la lutte contre la pand\u00e9mie de Covid-19&nbsp;? C\u2019est le terme qu\u2019a employ\u00e9 Cyril Ramaphosa, en visite en C\u00f4te d\u2019Ivoire. Il a estim\u00e9 \u00ab<em>regrettables, injustes et contraires \u00e0 la science<\/em>\u00bb&nbsp;les interdictions de voyager avec les pays d\u2019Afrique australe ou le Nigeria, d\u00e9cid\u00e9es par d\u2019autres \u00c9tats.<\/p>\n\n\n\n<p>\u00ab<em>Ces interdictions causeront des dommages incalculables,<\/em>a d\u00e9clar\u00e9 le pr\u00e9sident sud-africain.<em>Je profite de cette occasion pour appeler une nouvelle fois les pays qui ont impos\u00e9 ces restrictions de voyage \u00e0 reconsid\u00e9rer de toute urgence leur d\u00e9cision et \u00e0 lever ces interdictions et permettre aux gens de voyager.&nbsp;Si nous respectons le droit de chaque pays \u00e0 prot\u00e9ger sa population, la coop\u00e9ration mondiale soutenue dont nous avons besoin pour vaincre la pand\u00e9mie n\u00e9cessite que nous soyons guid\u00e9s par la science et pas par l\u2019\u00e9motion, et pas par des consid\u00e9rations politiques. En tant qu\u2019Afrique du Sud, nous nous opposons fermement \u00e0 toute forme d\u2019apartheid sanitaire dans la lutte contre cette pand\u00e9mie.<\/em>\u00bb<\/p>\n\n\n\n<p>Une attitude protectionniste d\u00e9j\u00e0 condamn\u00e9e&nbsp;mercredi 1er d\u00e9cembre par le secr\u00e9taire g\u00e9n\u00e9ral de l\u2019ONU Antonio Guterres \u2013 qui a parl\u00e9 d\u2019\u00ab<em>apartheid du voyage<\/em>\u00bb \u2013&nbsp;et par le pr\u00e9sident de la commission de l\u2019Union africaine Moussa Faki Mahamat.M\u00eame position chez le responsable de la r\u00e9ponse au Covid-19 pour le bureau r\u00e9gional de l\u2019OMS Afrique. Pour le docteur Thierno Bald\u00e9, la fermeture des fronti\u00e8res n\u2019est pas une solution face au nouveau variant Omicron.<\/p>\n\n\n\n<blockquote class=\"wp-block-quote is-layout-flow wp-block-quote-is-layout-flow\"><p>C\u2019est vrai que l\u2019Afrique du Sud et le Botswana ont \u00e9t\u00e9 les premiers pays \u00e0 rapporter ces cas de Omicron mais on n\u2019est pas encore certain que l\u2019origine vient de l\u00e0, des investigations sont en cours [\u2026] Il y a des impacts lorsque l\u2019on d\u00e9cide de fermer ces fronti\u00e8res ou d\u2019arr\u00eater les vols \u00e0 destination ou en provenance de ces pays [qui recensent des cas du variant Omicron, NDLR], des impacts sociaux, \u00e9conomiques\u2026 Il nous faut encore du temps pour comprendre son degr\u00e9 de transmissibilit\u00e9, de s\u00e9v\u00e9rit\u00e9, l\u2019impact qu\u2019il a sur les tests et les vaccins. Il faut avoir une approche concert\u00e9e, graduelle, et probablement que les gens reviendront \u00e0 une meilleure raison pour pouvoir lever certaines de ces restrictions qu\u2019ils ont impos\u00e9. Parce qu\u2019on sait clairement que les virus n\u2019ont pas de fronti\u00e8res.<\/p><\/blockquote>\n\n\n\n<p>Dr Thierno Bald\u00e9 (OMS Afrique): \u00ables virus n\u2019ont pas de fronti\u00e8res\u00bb<\/p>\n\n\n\n<p>Un virus sans fronti\u00e8re encore malconnu<\/p>\n\n\n\n<p>Virus sans fronti\u00e8re donc, selon ce sp\u00e9cialiste. Entre-temps en effet,&nbsp;Omicron a \u00e9t\u00e9 d\u00e9tect\u00e9 aux Pays-Bas sur un \u00e9chantillon pr\u00e9lev\u00e9s d\u00e8s le 19 novembre. On ne sait pas r\u00e9ellement o\u00f9 ce variant est n\u00e9. Il est d\u00e9sormais pr\u00e9sent dans une trentaine de pays&nbsp;sur tous les continents, et jusqu\u2019en Inde, o\u00f9 deux cas ont \u00e9t\u00e9 signal\u00e9s, chez des personnes du sud du pays, qui n\u2019avaient pas voyag\u00e9.&nbsp;Les fermetures de fronti\u00e8res paraissent illusoires.<\/p>\n\n\n\n<p>Le pr\u00e9sident sud-africain a \u00e9galement&nbsp;remerci\u00e9 son homologue ivoirien d\u2019avoir fait preuve de \u00ab<em>solidarit\u00e9<\/em>\u00bb&nbsp;en permettant sa visite en C\u00f4te d\u2019ivoire, alors que les interdictions de voyager se multiplient de la part du Maroc, du Canada, du Japon, ou que des restrictions s\u00e9v\u00e8res sont instaur\u00e9es comme en France, qui n\u2019accueille plus que les ressortissants europ\u00e9ens en provenance d\u2019Afrique australe.<\/p>\n\n\n\n<p>Cyril Ramaphosa estime que l\u2019Afrique du Sud paie sa transparence et ses comp\u00e9tences sur le nouveau variant. Isoler son pays est, juge-t-il, \u00ab<em>une gifle \u00e0 l\u2019expertise et \u00e0 l\u2019excellence africaines&nbsp;\u00bb,<\/em>puisque&nbsp;ce sont<em>\u00ab&nbsp;nos propres scientifiques&nbsp;qui ont les premiers d\u00e9tect\u00e9 le variant Omicron<\/em>\u00bb.<\/p>\n\n\n\n<p>Ce nouveau variant a fait souffler un vent de panique \u00e0 travers le monde, mais il est trop t\u00f4t pour dire quel impact il aura sur la pand\u00e9mie, s\u2019accordent \u00e0 dire les experts.&nbsp;Sur le papier, le nombre in\u00e9dit de mutations qu\u2019il comporte laisse craindre qu\u2019il soit plus transmissible et plus r\u00e9sistant aux vaccins. Mais cela reste \u00e0 confirmer et on ne sait pas s\u2019il est en mesure de remplacer le variant Delta.<\/p>\n\n\n\n<p><strong>Source : rfi.fr<\/strong><br><\/p>\n","protected":false},"excerpt":{"rendered":"<p>Cette quatri\u00e8me vague qui frappe le pays est port\u00e9e par le nouveau variant Omicron, d\u00e9tect\u00e9 dans trois quarts des \u00e9chantillons positifs analys\u00e9s au mois de novembre. La grande majorit\u00e9 des nouveaux cas sont d\u00e9tect\u00e9s dans la r\u00e9gion de Johannesburg et Pretoria. S\u2019il est encore trop t\u00f4t pour savoir quel sera l\u2019impact d\u2019Omicron sur les services [&hellip;]<\/p>\n","protected":false},"author":3,"featured_media":40590,"comment_status":"open","ping_status":"open","sticky":false,"template":"","format":"standard","meta":{"footnotes":""},"categories":[42],"tags":[4197,8487],"class_list":["post-40589","post","type-post","status-publish","format-standard","has-post-thumbnail","hentry","category-afrique","tag-afrique-du-sud","tag-apartheid-sanitaire"],"_links":{"self":[{"href":"http:\/\/www.friaguinee.net\/index.php\/wp-json\/wp\/v2\/posts\/40589","targetHints":{"allow":["GET"]}}],"collection":[{"href":"http:\/\/www.friaguinee.net\/index.php\/wp-json\/wp\/v2\/posts"}],"about":[{"href":"http:\/\/www.friaguinee.net\/index.php\/wp-json\/wp\/v2\/types\/post"}],"author":[{"embeddable":true,"href":"http:\/\/www.friaguinee.net\/index.php\/wp-json\/wp\/v2\/users\/3"}],"replies":[{"embeddable":true,"href":"http:\/\/www.friaguinee.net\/index.php\/wp-json\/wp\/v2\/comments?post=40589"}],"version-history":[{"count":1,"href":"http:\/\/www.friaguinee.net\/index.php\/wp-json\/wp\/v2\/posts\/40589\/revisions"}],"predecessor-version":[{"id":40591,"href":"http:\/\/www.friaguinee.net\/index.php\/wp-json\/wp\/v2\/posts\/40589\/revisions\/40591"}],"wp:featuredmedia":[{"embeddable":true,"href":"http:\/\/www.friaguinee.net\/index.php\/wp-json\/wp\/v2\/media\/40590"}],"wp:attachment":[{"href":"http:\/\/www.friaguinee.net\/index.php\/wp-json\/wp\/v2\/media?parent=40589"}],"wp:term":[{"taxonomy":"category","embeddable":true,"href":"http:\/\/www.friaguinee.net\/index.php\/wp-json\/wp\/v2\/categories?post=40589"},{"taxonomy":"post_tag","embeddable":true,"href":"http:\/\/www.friaguinee.net\/index.php\/wp-json\/wp\/v2\/tags?post=40589"}],"curies":[{"name":"wp","href":"https:\/\/api.w.org\/{rel}","templated":true}]}}