{"id":4050,"date":"2018-07-05T19:50:26","date_gmt":"2018-07-05T19:50:26","guid":{"rendered":"http:\/\/www.friaguinee.net\/?p=4050"},"modified":"2018-07-05T19:54:37","modified_gmt":"2018-07-05T19:54:37","slug":"4050","status":"publish","type":"post","link":"http:\/\/www.friaguinee.net\/index.php\/2018\/07\/05\/4050\/","title":{"rendered":"Mali: voici la liste des 24 candidats \u00e0 la pr\u00e9sidentielle"},"content":{"rendered":"<h2><em>La Cour constitutionnelle a proclam\u00e9, au cours d\u2019une audience publique le mercredi 4 juillet, la liste d\u00e9finitive des candidats \u00e0 l\u2019\u00e9lection pr\u00e9sidentielle du 29 juillet.<\/em><\/h2>\n<p>C\u2019est d\u00e9sormais officiel. Ils sont 24 candidats \u00e0 pouvoir briguer la magistrature supr\u00eame du Mali.\u00a0 En effet, la Cour constitutionnelle a valid\u00e9, apr\u00e8s recours, les candidatures de Cheick Modibo Diarra, Mountaga Tall, Choguel Kokalla Ma\u00efga, Mamadou Traor\u00e9, Niankoro Y\u00e9ah Samak\u00e9, Harouna Sankar\u00e9 et Hamadoun Tour\u00e9. En effet, dans son arr\u00eat du samedi 30 juin, l\u2019instance juridictionnelle avait rejet\u00e9 leurs candidatures, au motif que la liste de soutiens produite, notamment dans le cadre du parrainage, comportait le nom de pr\u00e9tendus conseillers communaux ne figurant pas sur la liste officielle produite par le minist\u00e8re de l\u2019Administration Territoriale et de la D\u00e9centralisation. Ces sept candidats viennent donc s\u2019ajouter aux 17 autres dont la candidature \u00e9tait d\u00e9j\u00e0 valid\u00e9e par la Cour constitutionnelle dans son arr\u00eat pr\u00e9cit\u00e9.<\/p>\n<p>Les candidatures de Ain\u00e9a Ibrahim Camara, Boubacar N\u2019tio Traor\u00e9, Aboubacar Abdou Tour\u00e9, Marcelin Guenguer\u00e9, Missa Kon\u00e9, Madame Rakia Alphadi \u00e9pouse Ganfoud sont d\u00e9finitivement rejet\u00e9es.<\/p>\n<p>A l\u2019issue de l\u2019audience d\u2019hier, mercredi 04 juillet 2018, la pr\u00e9sidente de la Cour constitutionnelle, Mme Manassa Danioko, a d\u00e9clar\u00e9 que l\u2019\u00e9lection pr\u00e9sidentielle est l\u2019extension fondamentale dans un pays. C\u2019est la fonction sup\u00e9rieure de l\u2019Etat, a-t-elle comment\u00e9. C\u2019est pourquoi, poursuit-elle, on ne peut pas y int\u00e9grer sans qu\u2019il y ait toutes les v\u00e9rifications, m\u00eame avec les mesquineries de la Cour constitutionnelle. L\u2019instance juridictionnelle est neutre et n\u2019a aucun choix, a-t-elle rappel\u00e9. De l\u2019avis de Mme Danioko, la Cour constitutionnelle du Mali est la seule en Afrique qui pr\u00eate serment devant le pr\u00e9sident de la R\u00e9publique, le pr\u00e9sident de l\u2019Assembl\u00e9e nationale et le pr\u00e9sident de la Cour supr\u00eame. La l\u00e9galit\u00e9 et la l\u00e9gitimit\u00e9 sont l\u00e0, a-t-elle conclu.<\/p>\n<p><strong style=\"font-style: inherit;\">La liste d\u00e9finitive des candidats retenus par ordre d\u2019arriv\u00e9e de dossiers<\/strong><\/p>\n<p>1-Ibrahim Boubacar KEITA,<\/p>\n<p>2-Aliou DIALLO,<\/p>\n<p>3-Choguel Kokalla MAIGA,<\/p>\n<p>4-Harouna SANKARE,<\/p>\n<p>5-Housseini Amion GUINDO,<\/p>\n<p>6-Mamadou Oumar SIDIBE,<\/p>\n<p>7-Souma\u00efla CISSE,<\/p>\n<p>8-Dramane DEMBELE,<\/p>\n<p>9-Moussa Sinko COULIBALY,<\/p>\n<p>10-Cheick Mohamed Abdoulaye Souad dit Modibo DIARRA,<\/p>\n<p>11-Niankoro Yeah SAMAKE,<\/p>\n<p>12-Modibo KONE,<\/p>\n<p>13-Daba DIAWARA,<\/p>\n<p>14-Mamadou DIARRA,<\/p>\n<p>15-Mohamed Ali BATHILY,<\/p>\n<p>16- Mamadou TRAORE,<\/p>\n<p>17-Modibo SIDIBE,<\/p>\n<p>18-Hamadoun TOURE,<\/p>\n<p>19- Modibo KADJOKE,<\/p>\n<p>20-Adama KANE,<\/p>\n<p>21- Kalfa SANOGO,<\/p>\n<p>22-Madame Dj\u00e9n\u00e9ba N\u2019DIAYE,<\/p>\n<p>23- Oumar MARIKO<\/p>\n<p>24-Mountaga TALL<\/p>\n<p><strong style=\"font-style: inherit;\">Pour rappel, la campagne commence le 7\u00a0 juillet \u00e0 minuit pour prendre fin le 27 juillet \u00e0 minuit.<\/strong><\/p>\n<p>&nbsp;<\/p>\n<p>Source : Le Pays<\/p>\n<p>&nbsp;<\/p>\n","protected":false},"excerpt":{"rendered":"<p>La Cour constitutionnelle a proclam\u00e9, au cours d\u2019une audience publique le mercredi 4 juillet, la liste d\u00e9finitive des candidats \u00e0 l\u2019\u00e9lection pr\u00e9sidentielle du 29 juillet. C\u2019est d\u00e9sormais officiel. Ils sont 24 candidats \u00e0 pouvoir briguer la magistrature supr\u00eame du Mali.\u00a0 En effet, la Cour constitutionnelle a valid\u00e9, apr\u00e8s recours, les candidatures de Cheick Modibo Diarra, [&hellip;]<\/p>\n","protected":false},"author":2,"featured_media":4051,"comment_status":"open","ping_status":"open","sticky":false,"template":"","format":"standard","meta":{"footnotes":""},"categories":[42],"tags":[],"class_list":["post-4050","post","type-post","status-publish","format-standard","has-post-thumbnail","hentry","category-afrique"],"_links":{"self":[{"href":"http:\/\/www.friaguinee.net\/index.php\/wp-json\/wp\/v2\/posts\/4050","targetHints":{"allow":["GET"]}}],"collection":[{"href":"http:\/\/www.friaguinee.net\/index.php\/wp-json\/wp\/v2\/posts"}],"about":[{"href":"http:\/\/www.friaguinee.net\/index.php\/wp-json\/wp\/v2\/types\/post"}],"author":[{"embeddable":true,"href":"http:\/\/www.friaguinee.net\/index.php\/wp-json\/wp\/v2\/users\/2"}],"replies":[{"embeddable":true,"href":"http:\/\/www.friaguinee.net\/index.php\/wp-json\/wp\/v2\/comments?post=4050"}],"version-history":[{"count":3,"href":"http:\/\/www.friaguinee.net\/index.php\/wp-json\/wp\/v2\/posts\/4050\/revisions"}],"predecessor-version":[{"id":4054,"href":"http:\/\/www.friaguinee.net\/index.php\/wp-json\/wp\/v2\/posts\/4050\/revisions\/4054"}],"wp:featuredmedia":[{"embeddable":true,"href":"http:\/\/www.friaguinee.net\/index.php\/wp-json\/wp\/v2\/media\/4051"}],"wp:attachment":[{"href":"http:\/\/www.friaguinee.net\/index.php\/wp-json\/wp\/v2\/media?parent=4050"}],"wp:term":[{"taxonomy":"category","embeddable":true,"href":"http:\/\/www.friaguinee.net\/index.php\/wp-json\/wp\/v2\/categories?post=4050"},{"taxonomy":"post_tag","embeddable":true,"href":"http:\/\/www.friaguinee.net\/index.php\/wp-json\/wp\/v2\/tags?post=4050"}],"curies":[{"name":"wp","href":"https:\/\/api.w.org\/{rel}","templated":true}]}}