{"id":4047,"date":"2018-07-05T19:35:30","date_gmt":"2018-07-05T19:35:30","guid":{"rendered":"http:\/\/www.friaguinee.net\/?p=4047"},"modified":"2018-07-05T19:35:30","modified_gmt":"2018-07-05T19:35:30","slug":"france-qui-etait-aboubacar-fofana-le-jeune-tue-a-nantes","status":"publish","type":"post","link":"http:\/\/www.friaguinee.net\/index.php\/2018\/07\/05\/france-qui-etait-aboubacar-fofana-le-jeune-tue-a-nantes\/","title":{"rendered":"France: qui \u00e9tait Aboubacar Fofana, le jeune tu\u00e9 \u00e0 Nantes ?"},"content":{"rendered":"<p>&nbsp;<\/p>\n<p>Le jeune homme mort mardi soir \u00e0 Nantes lors d&rsquo;un contr\u00f4le de police faisait l&rsquo;objet d&rsquo;un mandat d&rsquo;arr\u00eat pour vol en bande organis\u00e9. Il \u00e9tait \u00e2g\u00e9 de 22 ans et originaire de la r\u00e9gion parisienne. Sa voiture \u00e9tait surveill\u00e9e en raison de soup\u00e7ons de trafics de stup\u00e9fiants, selon une source syndicale.<\/p>\n<p>La mort d&rsquo;un jeune homme de 22 ans mardi soir \u00e0 Nantes\u00a0<a href=\"https:\/\/www.francebleu.fr\/infos\/faits-divers-justice\/emeutes-urbaines-a-nantes-apres-la-mort-d-un-jeune-lors-d-un-controle-policier-1530662808\">a embras\u00e9 plusieurs quartiers de la ville<\/a>. Touch\u00e9 par balle par un policier lors d&rsquo;un contr\u00f4le, il faisait l&rsquo;objet d&rsquo;un mandat d&rsquo;arr\u00eat \u00e9mis par un juge d&rsquo;instruction de Cr\u00e9teil, dans le Val-de-Marne, pour vol en bande organis\u00e9e et association de malfaiteurs en vue d&rsquo;un crime, selon nos confr\u00e8res de franceinfo. Le jeune homme, pr\u00e9nomm\u00e9 Aboubacar Fofana, \u00e9tait originaire de Garges-l\u00e8s-Gonesse, dans le Val-d&rsquo;Oise.<\/p>\n<p><strong>Fausse identit\u00e9<\/strong><\/p>\n<p>La voiture du jeune homme faisait l&rsquo;objet d&rsquo;une surveillance en raison de soup\u00e7ons de trafics de stup\u00e9fiants, selon une source syndicale. Lors d&rsquo;un contr\u00f4le mardi soir, il a fourni une fausse identit\u00e9. Alors que les policiers s&rsquo;appr\u00eataient \u00e0 v\u00e9rifier son identit\u00e9, le jeune homme a enclench\u00e9 une marche-arri\u00e8re en direction d&rsquo;un CRS et d&rsquo;une fillette qui circulait \u00e0 bicyclette, toujours selon la m\u00eame source. L&rsquo;un des policiers, qui se trouvait \u00e0 l&rsquo;avant de la voiture, a tir\u00e9 un coup de feu, tuant le jeune homme.<\/p>\n<p>Mardi soir, la maire de Nantes\u00a0<a href=\"https:\/\/www.francebleu.fr\/infos\/faits-divers-justice\/emeutes-a-nantes-l-appel-au-calme-du-maire-1530687867\">Johanna Rolland a appel\u00e9 au calme<\/a>, ajoutant que \u00ab\u00a0la justice devra faire rapidement la plus grande clart\u00e9 sur ce qui s&rsquo;est pass\u00e9\u00a0\u00bb. La ministre de la Justice Nicole Belloubet a indiqu\u00e9 ce mercredi sur RTL que le parquet et l&rsquo;Inspection g\u00e9n\u00e9rale de la police nationale (IGPN) avaient \u00e9t\u00e9 saisis \u00ab\u00a0pour que toute la lumi\u00e8re soit faite dans la plus totale transparence\u00a0\u00bb.<\/p>\n<p><strong>Les pr\u00e9cisions du procureur de la R\u00e9publique de Nantes<\/strong><\/p>\n<p>\u00ab\u00a0Le SRPJ de Nantes et l&rsquo;Inspection g\u00e9n\u00e9rale de la police nationale sont saisies de l&rsquo;enqu\u00eate afin de pr\u00e9ciser la commission des faits et d\u00e9terminer dans quelles circonstances le policier a \u00e9t\u00e9 amen\u00e9 \u00e0 faire usage de son arme\u00a0\u00bb, a pr\u00e9cis\u00e9 ce mercredi matin le procureur de la R\u00e9publique de Nantes, Pierre Senn\u00e8s.<\/p>\n<p>Pierre Senn\u00e8s, procureur de la R\u00e9publique de Nantes lors du point presse de ce mercredi soir.\u00a0\u00a9 Radio France\u00a0&#8211;\u00a0Pascale Boucherie<\/p>\n<p>Ce mercredi soir, il a donn\u00e9 des pr\u00e9cisions sur les premiers \u00e9l\u00e9ments de l&rsquo;enqu\u00eate.\u00a0<em>\u00ab\u00a0Il y a d\u00e9j\u00e0 eu des tirs, la semaine derni\u00e8re, dans le quartier. La situation \u00e9tait d\u00e9j\u00e0 tr\u00e8s tendue. Ce mardi soir, les CRS ont contr\u00f4l\u00e9 un v\u00e9hicule Nissan. Le conducteur leur a donn\u00e9 une fausse identit\u00e9. Les CRS lui ont demand\u00e9 de se garer pour l&#8217;emmener au commissariat et contr\u00f4ler son identit\u00e9. \u00c0 ce moment-l\u00e0, il a fait une marche arri\u00e8re \u00e0 vivre allure. Un policier l&rsquo;a suivi, il s&rsquo;est plac\u00e9 \u00e0 la hauteur du conducteur et il a tir\u00e9. Le jeune homme a \u00e9t\u00e9 touch\u00e9 au niveau du cou et il est mort rapidement\u00a0\u00bb<\/em>. L&rsquo;enqu\u00eate doit maintenant d\u00e9terminer quel a \u00e9t\u00e9 le comportement exact du conducteur et dans quelles conditions le policier a utilis\u00e9 son arme, c&rsquo;est-\u00e0-dire s&rsquo;il a respect\u00e9 les r\u00e8gles fix\u00e9es par le code de la s\u00e9curit\u00e9 int\u00e9rieure.<\/p>\n<p><strong>La famille lance un appel au calme<\/strong><\/p>\n<p>Ce mercredi soir,\u00a0<strong>quatre policiers sont entendus par l&rsquo;IGPN<\/strong>. Une personne s&rsquo;est manifest\u00e9e apr\u00e8s l&rsquo;appel \u00e0 t\u00e9moins lanc\u00e9 dans l&rsquo;apr\u00e8s-midi. Elle est elle aussi interrog\u00e9e.<\/p>\n<p>Pierre Senn\u00e8s dit aussi avoir eu l&rsquo;avocat de la famille du jeune homme au t\u00e9l\u00e9phone. Elle lance un appel au calme.\u00a0<strong>Une marche blanche<\/strong>\u00a0est annonc\u00e9e pour ce jeudi soir, \u00e0 18h, dans le quartier du Breil.<\/p>\n<p>FRancebleu<\/p>\n","protected":false},"excerpt":{"rendered":"<p>&nbsp; Le jeune homme mort mardi soir \u00e0 Nantes lors d&rsquo;un contr\u00f4le de police faisait l&rsquo;objet d&rsquo;un mandat d&rsquo;arr\u00eat pour vol en bande organis\u00e9. Il \u00e9tait \u00e2g\u00e9 de 22 ans et originaire de la r\u00e9gion parisienne. Sa voiture \u00e9tait surveill\u00e9e en raison de soup\u00e7ons de trafics de stup\u00e9fiants, selon une source syndicale. La mort d&rsquo;un [&hellip;]<\/p>\n","protected":false},"author":2,"featured_media":4048,"comment_status":"open","ping_status":"open","sticky":false,"template":"","format":"standard","meta":{"footnotes":""},"categories":[43],"tags":[],"class_list":["post-4047","post","type-post","status-publish","format-standard","has-post-thumbnail","hentry","category-monde"],"_links":{"self":[{"href":"http:\/\/www.friaguinee.net\/index.php\/wp-json\/wp\/v2\/posts\/4047","targetHints":{"allow":["GET"]}}],"collection":[{"href":"http:\/\/www.friaguinee.net\/index.php\/wp-json\/wp\/v2\/posts"}],"about":[{"href":"http:\/\/www.friaguinee.net\/index.php\/wp-json\/wp\/v2\/types\/post"}],"author":[{"embeddable":true,"href":"http:\/\/www.friaguinee.net\/index.php\/wp-json\/wp\/v2\/users\/2"}],"replies":[{"embeddable":true,"href":"http:\/\/www.friaguinee.net\/index.php\/wp-json\/wp\/v2\/comments?post=4047"}],"version-history":[{"count":1,"href":"http:\/\/www.friaguinee.net\/index.php\/wp-json\/wp\/v2\/posts\/4047\/revisions"}],"predecessor-version":[{"id":4049,"href":"http:\/\/www.friaguinee.net\/index.php\/wp-json\/wp\/v2\/posts\/4047\/revisions\/4049"}],"wp:featuredmedia":[{"embeddable":true,"href":"http:\/\/www.friaguinee.net\/index.php\/wp-json\/wp\/v2\/media\/4048"}],"wp:attachment":[{"href":"http:\/\/www.friaguinee.net\/index.php\/wp-json\/wp\/v2\/media?parent=4047"}],"wp:term":[{"taxonomy":"category","embeddable":true,"href":"http:\/\/www.friaguinee.net\/index.php\/wp-json\/wp\/v2\/categories?post=4047"},{"taxonomy":"post_tag","embeddable":true,"href":"http:\/\/www.friaguinee.net\/index.php\/wp-json\/wp\/v2\/tags?post=4047"}],"curies":[{"name":"wp","href":"https:\/\/api.w.org\/{rel}","templated":true}]}}