{"id":40160,"date":"2021-11-10T05:51:13","date_gmt":"2021-11-10T05:51:13","guid":{"rendered":"http:\/\/www.friaguinee.net\/?p=40160"},"modified":"2021-11-10T05:51:15","modified_gmt":"2021-11-10T05:51:15","slug":"mohamed-beavogui-la-question-des-droits-de-lhomme-est-une-priorite-pour-le-president-mamadi-doumbouya","status":"publish","type":"post","link":"http:\/\/www.friaguinee.net\/index.php\/2021\/11\/10\/mohamed-beavogui-la-question-des-droits-de-lhomme-est-une-priorite-pour-le-president-mamadi-doumbouya\/","title":{"rendered":"MOHAMED B\u00c9AVOGUI : \u00ab LA QUESTION DES DROITS DE L\u2019HOMME EST UNE PRIORIT\u00c9 POUR LE PR\u00c9SIDENT MAMADI DOUMBOUYA"},"content":{"rendered":"\n<p>Le Premier ministre, Chef du Gouvernement a re\u00e7u une d\u00e9l\u00e9gation de la F\u00e9d\u00e9ration Internationale des Droits de l\u2019Homme et ses organisations membres en Guin\u00e9e.<\/p>\n\n\n\n<p>Le locataire du palais de la Colombe et le Repr\u00e9sentant de la FIDH ont pass\u00e9 en revue les questions li\u00e9es aux droits de l\u2019homme en Guin\u00e9e&nbsp; depuis le 5 septembre dernier, mais aussi remettre au Premier ministre Mohamed B\u00e9avogui un ouvrage sur le regard crois\u00e9 d\u2019universitaires, journalistes et d\u00e9fenseurs des droits de l\u2019homme sur la question.<\/p>\n\n\n\n<p>Mohamed Mabassa Fall a dit qu&rsquo;il est venu \u00e9couter et transmettre des messages&nbsp; pour que la question des droits de l\u2019homme soit au c\u0153ur de la transition.&nbsp; Selon le Repr\u00e9sentant de la FIDH, il s\u2019agit d\u2019avoir une id\u00e9e pr\u00e9cise sur la ligne \u00e0 suivre, pour aller \u00e0 l\u2019essentiel dans le domaine institutionnel, car en Guin\u00e9e les textes de loi existent mais nul n\u2019a \u00e9t\u00e9 capable de les faire appliquer .<\/p>\n\n\n\n<p>Le repr\u00e9sentant de la FIDH a mis un accent particulier sur la lutte contre l\u2019impunit\u00e9. \u00ab&nbsp;Nous vous proposons de bien vouloir \u00e9laborer un programme complet de lutte contre l\u2019impunit\u00e9 en insistant sur les \u00e9v\u00e8nements du 28 septembre&#8230;&nbsp;Il faudrait que l\u2019on puisse punir les auteurs de ces crimes.&nbsp; Nous vous proposons la justice participative afin de r\u00e9concilier la population, \u00bb&nbsp;conclut-il&nbsp;.&nbsp;<\/p>\n\n\n\n<p>Pour sa part, le Premier ministre , la F\u00e9d\u00e9ration Internationale des Droits de l\u2019Homme arrive en Guin\u00e9e \u00e0 un moment historique. \u00ab&nbsp;Aujourd\u2019hui nous avons la chance de reconstruire notre pays. Nous essayons de mettre en place la m\u00e9canique pour y arriver, cependant la Guin\u00e9e n\u2019a pas encore chang\u00e9. Le syst\u00e8me en place a \u00e9t\u00e9 construit sur la base de l\u2019exclusion, qui ne respectait pas les droits de l\u2019homme, ne respecte pas la s\u00e9paration des pouvoirs \u00bb.<\/p>\n\n\n\n<p>Mohamed B\u00e9avogui a pr\u00e9cis\u00e9 que depuis&nbsp;&nbsp;le 05 Septembre les choses changent&nbsp;: les prisonniers politiques ont \u00e9t\u00e9 lib\u00e9r\u00e9s, les fronti\u00e8res rouvertes, les barrages lev\u00e9s, les arrestations arbitraires stopp\u00e9es.&nbsp; \u00ab La charte de la transition consacre les droits de l\u2019homme et de la personne, la volont\u00e9 de changer est r\u00e9elle. Nous refusons l\u2019esprit de violence et de vengeance. La loi s\u2018appliquera et si n\u00e9cessaire elle punira cependant dans le respect de la loi \u00bb.<\/p>\n\n\n\n<p>Le Chef du Gouvernement a expliqu\u00e9&nbsp;que le&nbsp; Pr\u00e9sident de la Transition est extr\u00eamement humain. \u00a0\u00bb Il pr\u00f4ne la r\u00e9conciliation. Je vous garantis que les droits de l\u2019homme sont la priorit\u00e9 du Colonel Mamadi&nbsp;Doumbaya&nbsp;et votre id\u00e9e de programme de lutte contre l\u2019impunit\u00e9 m\u2019interpelle \u00bb.<\/p>\n\n\n\n<p>La d\u00e9l\u00e9gation&nbsp;de la FIDH a quitt\u00e9 la Primature impressionn\u00e9 de l&rsquo;ouverture&nbsp;et de la d\u00e9termination du Premier ministre \u00e0 r\u00e9habiliter le respect&nbsp; des droits et libert\u00e9s publiques en Guin\u00e9e.<\/p>\n\n\n\n<p><strong>Conakry, le 09 novembre 2021<\/strong><\/p>\n","protected":false},"excerpt":{"rendered":"<p>Le Premier ministre, Chef du Gouvernement a re\u00e7u une d\u00e9l\u00e9gation de la F\u00e9d\u00e9ration Internationale des Droits de l\u2019Homme et ses organisations membres en Guin\u00e9e. Le locataire du palais de la Colombe et le Repr\u00e9sentant de la FIDH ont pass\u00e9 en revue les questions li\u00e9es aux droits de l\u2019homme en Guin\u00e9e&nbsp; depuis le 5 septembre dernier, [&hellip;]<\/p>\n","protected":false},"author":3,"featured_media":40162,"comment_status":"open","ping_status":"open","sticky":false,"template":"","format":"standard","meta":{"footnotes":""},"categories":[7132],"tags":[],"class_list":["post-40160","post","type-post","status-publish","format-standard","has-post-thumbnail","hentry","category-affaires-etrangeres"],"_links":{"self":[{"href":"http:\/\/www.friaguinee.net\/index.php\/wp-json\/wp\/v2\/posts\/40160","targetHints":{"allow":["GET"]}}],"collection":[{"href":"http:\/\/www.friaguinee.net\/index.php\/wp-json\/wp\/v2\/posts"}],"about":[{"href":"http:\/\/www.friaguinee.net\/index.php\/wp-json\/wp\/v2\/types\/post"}],"author":[{"embeddable":true,"href":"http:\/\/www.friaguinee.net\/index.php\/wp-json\/wp\/v2\/users\/3"}],"replies":[{"embeddable":true,"href":"http:\/\/www.friaguinee.net\/index.php\/wp-json\/wp\/v2\/comments?post=40160"}],"version-history":[{"count":2,"href":"http:\/\/www.friaguinee.net\/index.php\/wp-json\/wp\/v2\/posts\/40160\/revisions"}],"predecessor-version":[{"id":40163,"href":"http:\/\/www.friaguinee.net\/index.php\/wp-json\/wp\/v2\/posts\/40160\/revisions\/40163"}],"wp:featuredmedia":[{"embeddable":true,"href":"http:\/\/www.friaguinee.net\/index.php\/wp-json\/wp\/v2\/media\/40162"}],"wp:attachment":[{"href":"http:\/\/www.friaguinee.net\/index.php\/wp-json\/wp\/v2\/media?parent=40160"}],"wp:term":[{"taxonomy":"category","embeddable":true,"href":"http:\/\/www.friaguinee.net\/index.php\/wp-json\/wp\/v2\/categories?post=40160"},{"taxonomy":"post_tag","embeddable":true,"href":"http:\/\/www.friaguinee.net\/index.php\/wp-json\/wp\/v2\/tags?post=40160"}],"curies":[{"name":"wp","href":"https:\/\/api.w.org\/{rel}","templated":true}]}}