{"id":39661,"date":"2021-10-22T17:28:03","date_gmt":"2021-10-22T17:28:03","guid":{"rendered":"http:\/\/www.friaguinee.net\/?p=39661"},"modified":"2021-10-22T17:28:04","modified_gmt":"2021-10-22T17:28:04","slug":"fria-le-prefet-yaya-kalissa-lance-la-campagne-de-vaccination-contre-la-rage","status":"publish","type":"post","link":"http:\/\/www.friaguinee.net\/index.php\/2021\/10\/22\/fria-le-prefet-yaya-kalissa-lance-la-campagne-de-vaccination-contre-la-rage\/","title":{"rendered":"Fria : le pr\u00e9fet Yaya Kalissa lance la campagne de vaccination contre la rage"},"content":{"rendered":"\n<p><br> Le 28 septembre de chaque ann\u00e9e, l\u2019humanit\u00e9 c\u00e9l\u00e8bre la journ\u00e9e mondiale de lutte contre la rage. Le th\u00e8me retenu cette ann\u00e9e est \u00ab\u00a0<em>La rage: la r\u00e9alit\u00e9, pas la peur\u00a0\u00bb<\/em> et vise \u00e0 attirer l\u2019attention sur la maladie, pr\u00e9venir les cas de rage, avoir une population animale vaccin\u00e9e et \u00e9duquer le public sur les dangers de la rage et sur sa pr\u00e9vention.\u00a0<\/p>\n\n\n\n<figure class=\"wp-block-image\"><img loading=\"lazy\" decoding=\"async\" width=\"1024\" height=\"768\" src=\"http:\/\/www.friaguinee.net\/wp-content\/uploads\/2021\/10\/BF9E767B-DBD8-41CA-BAB6-75CB86F83C1B-1024x768.jpeg\" alt=\"\" class=\"wp-image-39663\" srcset=\"http:\/\/www.friaguinee.net\/wp-content\/uploads\/2021\/10\/BF9E767B-DBD8-41CA-BAB6-75CB86F83C1B-1024x768.jpeg 1024w, http:\/\/www.friaguinee.net\/wp-content\/uploads\/2021\/10\/BF9E767B-DBD8-41CA-BAB6-75CB86F83C1B-300x225.jpeg 300w, http:\/\/www.friaguinee.net\/wp-content\/uploads\/2021\/10\/BF9E767B-DBD8-41CA-BAB6-75CB86F83C1B-768x576.jpeg 768w, http:\/\/www.friaguinee.net\/wp-content\/uploads\/2021\/10\/BF9E767B-DBD8-41CA-BAB6-75CB86F83C1B-80x60.jpeg 80w, http:\/\/www.friaguinee.net\/wp-content\/uploads\/2021\/10\/BF9E767B-DBD8-41CA-BAB6-75CB86F83C1B-265x198.jpeg 265w, http:\/\/www.friaguinee.net\/wp-content\/uploads\/2021\/10\/BF9E767B-DBD8-41CA-BAB6-75CB86F83C1B-696x522.jpeg 696w, http:\/\/www.friaguinee.net\/wp-content\/uploads\/2021\/10\/BF9E767B-DBD8-41CA-BAB6-75CB86F83C1B-1068x801.jpeg 1068w, http:\/\/www.friaguinee.net\/wp-content\/uploads\/2021\/10\/BF9E767B-DBD8-41CA-BAB6-75CB86F83C1B-560x420.jpeg 560w, http:\/\/www.friaguinee.net\/wp-content\/uploads\/2021\/10\/BF9E767B-DBD8-41CA-BAB6-75CB86F83C1B.jpeg 1242w\" sizes=\"auto, (max-width: 1024px) 100vw, 1024px\" \/><\/figure>\n\n\n\n<p>A Fria, c\u2019est ce vendredi 22 octobre 2021 que les autorit\u00e9s ont c\u00e9l\u00e9br\u00e9 cette journ\u00e9e en diff\u00e9r\u00e9 \u00e0 travers le lancement officiel d\u2019une campagne de vaccination contre la rage, qui va permettre de soulever la conscience et les ressources pour augmenter  la pr\u00e9vention et le contr\u00f4le de la rage avec pour vision de pr\u00e9venir et \u00e9liminer la transmission de chien-\u00e0-chien avec succ\u00e8s.<\/p>\n\n\n\n<p>En proc\u00e9dant au lancement de cette campagne dans l\u2019enceinte du bloc administratif, le Pr\u00e9fet a rappel\u00e9 que la rage est une maladie mortelle et les chiens en sont les principaux vecteurs.<\/p>\n\n\n\n<p>\u201c <strong><em>La rage est une maladie mortelle qu\u2019il faut \u00e9viter. Un chien est un bon compagnon parce que \u00e0 notre enfance c\u2019est avec le chien que nous allions \u00e0 la chasse et c\u2019est un bon chasseur. Mais quand le chien est malade il devient dangereux. Avec le gouvernement d\u2019alors, on donnait du poison aux chiens errants pour les exterminer, mais u fil du temps \u00e0 travers une ONG, l\u2019abattage des chiens a \u00e9t\u00e9  interdit. Mais aujourd\u2019hui avec ce grand nombre de chiens errants et enrag\u00e9s chez nous, les autorit\u00e9s ont d\u00e9cid\u00e9 de vacciner les chiens encadr\u00e9s pour r\u00e9duire cette maladie . Nous allons pour les chiens errants, faire un plaidoyer aupr\u00e8s des nouvelles autorit\u00e9s pour qu\u2019elles autorisent leur abattage et continuer de vacciner gratuitement les chiens qui sont \u00e0 domicile<\/em><\/strong>\u201d, a d\u00e9clar\u00e9 Colonel Yaya Kalissa.<\/p>\n\n\n\n<figure class=\"wp-block-image\"><img loading=\"lazy\" decoding=\"async\" width=\"768\" height=\"1024\" src=\"http:\/\/www.friaguinee.net\/wp-content\/uploads\/2021\/10\/DB1BFFC9-3F2B-43F1-8B0B-35FDB59D5875-768x1024.jpeg\" alt=\"\" class=\"wp-image-39664\" srcset=\"http:\/\/www.friaguinee.net\/wp-content\/uploads\/2021\/10\/DB1BFFC9-3F2B-43F1-8B0B-35FDB59D5875-768x1024.jpeg 768w, http:\/\/www.friaguinee.net\/wp-content\/uploads\/2021\/10\/DB1BFFC9-3F2B-43F1-8B0B-35FDB59D5875-225x300.jpeg 225w, http:\/\/www.friaguinee.net\/wp-content\/uploads\/2021\/10\/DB1BFFC9-3F2B-43F1-8B0B-35FDB59D5875-696x928.jpeg 696w, http:\/\/www.friaguinee.net\/wp-content\/uploads\/2021\/10\/DB1BFFC9-3F2B-43F1-8B0B-35FDB59D5875-1068x1424.jpeg 1068w, http:\/\/www.friaguinee.net\/wp-content\/uploads\/2021\/10\/DB1BFFC9-3F2B-43F1-8B0B-35FDB59D5875-315x420.jpeg 315w, http:\/\/www.friaguinee.net\/wp-content\/uploads\/2021\/10\/DB1BFFC9-3F2B-43F1-8B0B-35FDB59D5875.jpeg 1242w\" sizes=\"auto, (max-width: 768px) 100vw, 768px\" \/><\/figure>\n\n\n\n<p> Prenant la parole, le directeur pr\u00e9fectoral de l\u2019\u00e9levage a pour sa part, expliqu\u00e9 l\u2019importance de cette vaccination.<\/p>\n\n\n\n<p> \u201c <strong><em>La rage est une maladie une fois d\u00e9clar\u00e9e est incurable qu\u2019on ne peut pas traiter. C\u2019est par rapport \u00e0 \u00e7a qu\u2019une association s\u2019est retrouv\u00e9e pour s\u2019int\u00e9resser \u00e0 cette question de la rage. Donc \u00e0 travers le gouvernement et avec l\u2019appui de la FAO, certains moyens ont \u00e9t\u00e9 mis \u00e0 la disposition de notre service en nous dotant de 100 doses de vaccins et accessoires, entre  autres des seringues, des museli\u00e8res et des glaci\u00e8res, afin de pouvoir bien c\u00e9l\u00e9brer cette journ\u00e9e<\/em><\/strong>\u201d a d\u00e9clar\u00e9 Docteur Alban Bangoura.<\/p>\n\n\n\n<p> Dr Alban Bangoura a par ailleurs exhort\u00e9 tous les d\u00e9tenteurs de chiens, \u00e0 faciliter le travail aux agents vaccinateurs.<\/p>\n\n\n\n<p> \u201c<strong><em>Cette vaccination se fera par l\u2019approche porte \u00e0 porte par une \u00e9quipe de vaccinateurs compos\u00e9e de 4 cadres agents de l\u2019\u00e9levage constitu\u00e9 en 2 groupes qui iront dans les domiciles cibl\u00e9s o\u00f9 il y a des chiens et cela se fera durant 3 jours. Nous demandons aux propri\u00e9taires des chiens d\u2019\u00eatre r\u00e9ceptifs afin de vacciner leurs chiens gratuitement afin d\u2019\u00e9radiquer cette maladie qui est tr\u00e8s dangereuse pour les hommes et les animaux<\/em><\/strong>\u201d a-t-il expliqu\u00e9.<\/p>\n\n\n\n<figure class=\"wp-block-image\"><img loading=\"lazy\" decoding=\"async\" width=\"768\" height=\"1024\" src=\"http:\/\/www.friaguinee.net\/wp-content\/uploads\/2021\/10\/67C880ED-BFF9-4032-A355-ACFC51E19607-768x1024.jpeg\" alt=\"\" class=\"wp-image-39665\" srcset=\"http:\/\/www.friaguinee.net\/wp-content\/uploads\/2021\/10\/67C880ED-BFF9-4032-A355-ACFC51E19607-768x1024.jpeg 768w, http:\/\/www.friaguinee.net\/wp-content\/uploads\/2021\/10\/67C880ED-BFF9-4032-A355-ACFC51E19607-225x300.jpeg 225w, http:\/\/www.friaguinee.net\/wp-content\/uploads\/2021\/10\/67C880ED-BFF9-4032-A355-ACFC51E19607-696x928.jpeg 696w, http:\/\/www.friaguinee.net\/wp-content\/uploads\/2021\/10\/67C880ED-BFF9-4032-A355-ACFC51E19607-1068x1424.jpeg 1068w, http:\/\/www.friaguinee.net\/wp-content\/uploads\/2021\/10\/67C880ED-BFF9-4032-A355-ACFC51E19607-315x420.jpeg 315w, http:\/\/www.friaguinee.net\/wp-content\/uploads\/2021\/10\/67C880ED-BFF9-4032-A355-ACFC51E19607.jpeg 1242w\" sizes=\"auto, (max-width: 768px) 100vw, 768px\" \/><\/figure>\n\n\n\n<p> Plus loin, le directeur pr\u00e9fectoral de l\u2019\u00e9levage a invit\u00e9 toute personne victime de morsure de chien, \u00e0 se rapprocher d\u2019un centre hospitalier.<\/p>\n\n\n\n<p> \u201c <strong><em>Toute personne mordue par un chien, nous lui conseillons d\u2019aller vers une structure sanitaire ou un poste d\u2019\u00e9levage le plus proche pour que sa prise en charge soit effectu\u00e9e. Pusque si la prise en charge n\u2019est pas effectu\u00e9e, une fois que la rage est d\u00e9clar\u00e9e, l\u2019issue est fatale. Donc toute personne qui est mordue par un chien enrag\u00e9 ou pas, nous la prions de ne pas n\u00e9gliger, de se faire prendre en charge<\/em><\/strong>\u201d a conseill\u00e9 Dr Alban.<\/p>\n\n\n\n<figure class=\"wp-block-image\"><img loading=\"lazy\" decoding=\"async\" width=\"1024\" height=\"768\" src=\"http:\/\/www.friaguinee.net\/wp-content\/uploads\/2021\/10\/139052A9-3738-4A12-891C-4200B181E834-1024x768.jpeg\" alt=\"\" class=\"wp-image-39666\" srcset=\"http:\/\/www.friaguinee.net\/wp-content\/uploads\/2021\/10\/139052A9-3738-4A12-891C-4200B181E834-1024x768.jpeg 1024w, http:\/\/www.friaguinee.net\/wp-content\/uploads\/2021\/10\/139052A9-3738-4A12-891C-4200B181E834-300x225.jpeg 300w, http:\/\/www.friaguinee.net\/wp-content\/uploads\/2021\/10\/139052A9-3738-4A12-891C-4200B181E834-768x576.jpeg 768w, http:\/\/www.friaguinee.net\/wp-content\/uploads\/2021\/10\/139052A9-3738-4A12-891C-4200B181E834-80x60.jpeg 80w, http:\/\/www.friaguinee.net\/wp-content\/uploads\/2021\/10\/139052A9-3738-4A12-891C-4200B181E834-265x198.jpeg 265w, http:\/\/www.friaguinee.net\/wp-content\/uploads\/2021\/10\/139052A9-3738-4A12-891C-4200B181E834-696x522.jpeg 696w, http:\/\/www.friaguinee.net\/wp-content\/uploads\/2021\/10\/139052A9-3738-4A12-891C-4200B181E834-1068x801.jpeg 1068w, http:\/\/www.friaguinee.net\/wp-content\/uploads\/2021\/10\/139052A9-3738-4A12-891C-4200B181E834-560x420.jpeg 560w, http:\/\/www.friaguinee.net\/wp-content\/uploads\/2021\/10\/139052A9-3738-4A12-891C-4200B181E834.jpeg 1242w\" sizes=\"auto, (max-width: 1024px) 100vw, 1024px\" \/><\/figure>\n\n\n\n<p> A noter que c\u2019est en pr\u00e9sence des repr\u00e9sentants de l\u2019OMS et du directeur pr\u00e9fectoral de la sant\u00e9 que le Colonel Yaya Kalissa v\u00eatu d\u2019une blouse blanche, a administr\u00e9 la premi\u00e8re dose de vaccin contre la rage au premier chien.<\/p>\n\n\n\n<p><strong>Laouratou Soumah pour friaguinee.net<\/strong><\/p>\n","protected":false},"excerpt":{"rendered":"<p>Le 28 septembre de chaque ann\u00e9e, l\u2019humanit\u00e9 c\u00e9l\u00e8bre la journ\u00e9e mondiale de lutte contre la rage. Le th\u00e8me retenu cette ann\u00e9e est \u00ab\u00a0La rage: la r\u00e9alit\u00e9, pas la peur\u00a0\u00bb et vise \u00e0 attirer l\u2019attention sur la maladie, pr\u00e9venir les cas de rage, avoir une population animale vaccin\u00e9e et \u00e9duquer le public sur les dangers de [&hellip;]<\/p>\n","protected":false},"author":2,"featured_media":39668,"comment_status":"open","ping_status":"open","sticky":false,"template":"","format":"standard","meta":{"footnotes":""},"categories":[4],"tags":[173,8383,8006,49,217,8382,486],"class_list":["post-39661","post","type-post","status-publish","format-standard","has-post-thumbnail","hentry","category-sante","tag-campagne","tag-chiens-errants","tag-colonel-yaya-kalissa","tag-fria","tag-lancement","tag-rage","tag-vaccination"],"_links":{"self":[{"href":"http:\/\/www.friaguinee.net\/index.php\/wp-json\/wp\/v2\/posts\/39661","targetHints":{"allow":["GET"]}}],"collection":[{"href":"http:\/\/www.friaguinee.net\/index.php\/wp-json\/wp\/v2\/posts"}],"about":[{"href":"http:\/\/www.friaguinee.net\/index.php\/wp-json\/wp\/v2\/types\/post"}],"author":[{"embeddable":true,"href":"http:\/\/www.friaguinee.net\/index.php\/wp-json\/wp\/v2\/users\/2"}],"replies":[{"embeddable":true,"href":"http:\/\/www.friaguinee.net\/index.php\/wp-json\/wp\/v2\/comments?post=39661"}],"version-history":[{"count":2,"href":"http:\/\/www.friaguinee.net\/index.php\/wp-json\/wp\/v2\/posts\/39661\/revisions"}],"predecessor-version":[{"id":39669,"href":"http:\/\/www.friaguinee.net\/index.php\/wp-json\/wp\/v2\/posts\/39661\/revisions\/39669"}],"wp:featuredmedia":[{"embeddable":true,"href":"http:\/\/www.friaguinee.net\/index.php\/wp-json\/wp\/v2\/media\/39668"}],"wp:attachment":[{"href":"http:\/\/www.friaguinee.net\/index.php\/wp-json\/wp\/v2\/media?parent=39661"}],"wp:term":[{"taxonomy":"category","embeddable":true,"href":"http:\/\/www.friaguinee.net\/index.php\/wp-json\/wp\/v2\/categories?post=39661"},{"taxonomy":"post_tag","embeddable":true,"href":"http:\/\/www.friaguinee.net\/index.php\/wp-json\/wp\/v2\/tags?post=39661"}],"curies":[{"name":"wp","href":"https:\/\/api.w.org\/{rel}","templated":true}]}}