{"id":39586,"date":"2021-10-21T09:39:50","date_gmt":"2021-10-21T09:39:50","guid":{"rendered":"http:\/\/www.friaguinee.net\/?p=39586"},"modified":"2021-10-21T10:04:26","modified_gmt":"2021-10-21T10:04:26","slug":"fria-ecoles-privees-et-concurrence-deloyale-la-dpe-tape-du-poing-sur-la-table","status":"publish","type":"post","link":"http:\/\/www.friaguinee.net\/index.php\/2021\/10\/21\/fria-ecoles-privees-et-concurrence-deloyale-la-dpe-tape-du-poing-sur-la-table\/","title":{"rendered":"Fria\/Ecoles priv\u00e9es et concurrence d\u00e9loyale : la DPE tape du poing sur la table"},"content":{"rendered":"\n<p>Ce Mercredi 20 octobre 2021 s&rsquo;est tenue \u00e0 la biblioth\u00e8que pr\u00e9fectorale, une rencontre de mise au point entre la direction pr\u00e9fectorale de l&rsquo;\u00e9ducation et les fondateurs d&rsquo;\u00e9coles priv\u00e9es. Objectif, mettre fin \u00e0 la campagne de d\u00e9nigrement orchestr\u00e9e par certains fondateurs d&rsquo;\u00e9coles priv\u00e9es.<\/p>\n\n\n\n<p> La directrice pr\u00e9fectorale de l&rsquo;Education, tr\u00e8s remont\u00e9e, invite les initiateurs de cette campagne \u00e0 mettre fin \u00e0 leur comportement ind\u00e9licat. Elle affirme avoir \u00e9t\u00e9 inform\u00e9e que certains fondateurs m\u00e8nent des d\u00e9marches aupr\u00e8s de certains parents d&rsquo;\u00e9l\u00e8ves pour nuire certains \u00e9tablissements.<\/p>\n\n\n\n<p> &lt;&lt; <strong><em>Notre d\u00e9nominateur commun c&rsquo;est la bonne formation des \u00e9l\u00e8ves , les mauvaises personnes qui d\u00e9filent pour d\u00e9nigrer une \u00e9cole pour une autre  que \u00e7a cesse. Les fondateurs sont en train d&rsquo;aider l&rsquo;Etat c&rsquo;est vrai parce que comme on le dit souvent, celui qui construit une \u00e9cole ouvre une la porte d&rsquo;une classe et ferme plusieurs prisons. Nous sommes l\u00e0 pour qu&rsquo;ils reprennent leurs associations, c&rsquo;est dans les associations que les tables rondes peuvent \u00eatre possibles, les diff\u00e9rentes r\u00e9unions peuvent \u00eatre possibles pour la dynamisation des \u00e9coles et en m\u00eame temps pour la bonne marche du syst\u00e8me \u00e9ducatif \u00e0 Fria, c&rsquo;est \u00e7a l&rsquo;objectif<\/em><\/strong> &gt;&gt;, a d\u00e9clar\u00e9 Arab\u00e9 Cond\u00e9.  <\/p>\n\n\n\n<figure class=\"wp-block-image\"><img loading=\"lazy\" decoding=\"async\" width=\"1024\" height=\"768\" src=\"http:\/\/www.friaguinee.net\/wp-content\/uploads\/2021\/10\/dpe-fria-1-1024x768.jpg\" alt=\"\" class=\"wp-image-39588\" srcset=\"http:\/\/www.friaguinee.net\/wp-content\/uploads\/2021\/10\/dpe-fria-1-1024x768.jpg 1024w, http:\/\/www.friaguinee.net\/wp-content\/uploads\/2021\/10\/dpe-fria-1-300x225.jpg 300w, http:\/\/www.friaguinee.net\/wp-content\/uploads\/2021\/10\/dpe-fria-1-768x576.jpg 768w, http:\/\/www.friaguinee.net\/wp-content\/uploads\/2021\/10\/dpe-fria-1-80x60.jpg 80w, http:\/\/www.friaguinee.net\/wp-content\/uploads\/2021\/10\/dpe-fria-1-265x198.jpg 265w, http:\/\/www.friaguinee.net\/wp-content\/uploads\/2021\/10\/dpe-fria-1-696x522.jpg 696w, http:\/\/www.friaguinee.net\/wp-content\/uploads\/2021\/10\/dpe-fria-1-1068x801.jpg 1068w, http:\/\/www.friaguinee.net\/wp-content\/uploads\/2021\/10\/dpe-fria-1-560x420.jpg 560w, http:\/\/www.friaguinee.net\/wp-content\/uploads\/2021\/10\/dpe-fria-1.jpg 2048w\" sizes=\"auto, (max-width: 1024px) 100vw, 1024px\" \/><\/figure>\n\n\n\n<p>Dans le m\u00eame \u00e9lan, la directrice pr\u00e9fectoral de l&rsquo;\u00e9ducation a promis de mettre \u00e0 la disposition des fondateurs, un document juridique permettant de les prot\u00e9ger et de prot\u00e9ger les enseignants qui seraient par ailleurs, les instigateurs de ces actes d&rsquo;\u00e9migration. <\/p>\n\n\n\n<p> &lt;&lt; <strong><em>Un contrat de travail doit exister entre l&#8217;employeur et l&#8217;employ\u00e9 parce qu&rsquo;il y a de ces fondateurs en plein milieu scolaire qui peuvent renvoyer leur proviseur, principal ou directeur au profit de quoi je ne sais. Mais ce que nous allons \u00e9viter en mettant ce document en place.  Ledit document comportera toutes les garanties n\u00e9cessaires pour permettre aux enseignants de se prot\u00e9ger contre les renvois abusifs, inexpliqu\u00e9s dont ils sont victimes et il faut oser le dire, ces conflits l\u00e0 sont n\u00e9s le plus souvent  des d\u00e9parts des professeurs m\u00e9contents d&rsquo;une \u00e9cole \u00e0 une autre <\/em><\/strong>&gt;&gt; pr\u00e9cise la DPE.<\/p>\n\n\n\n<p> Pr\u00e9sent \u00e0 cette rencontre, le fondateur du groupe scolaire Barry Diawadou, s&rsquo;est dit surpris par cette campagne de d\u00e9nigrement. <\/p>\n\n\n\n<p>  \u00a0\u00bb <strong><em>J&rsquo;avoue \u00eatre surpris vraiment par ce que j&rsquo;\u00e9tais charg\u00e9 d&rsquo;inspection au niveau de la DPE pendant plus de 37 ans , ce qui se passe actuellement au niveau des \u00e9coles priv\u00e9es me d\u00e9sole franchement. L&rsquo;\u00e9cole ce n&rsquo;est pas le commerce, l&rsquo;\u00e9cole est une entreprise d&rsquo;enseignement et d&rsquo;\u00e9ducation. Je suis heureux que la direction pr\u00e9fectorale de l&rsquo;\u00e9ducation ait convoqu\u00e9e cette r\u00e9union pour qu&rsquo;on partage nos id\u00e9es, qu&rsquo;on arr\u00eate cette saign\u00e9e p\u00e9dagogique qui d\u00e9shonore tout le monde. Aujourd&rsquo;hui on s&rsquo;est dit les quatre v\u00e9rit\u00e9s, le r\u00f4le de l&rsquo;enseignant est d\u00e9fini par rapport aux \u00e9coles priv\u00e9es, le r\u00f4le du fondateur est d\u00e9fini pour le bon fonctionnement de son \u00e9cole et le r\u00f4le de l&rsquo;encadrement que la DPE  repr\u00e9sente ici. Je pense que cette r\u00e9union est un tournant d\u00e9cisif pour le d\u00e9marrage de nos \u00e9coles <\/em><\/strong>\u00ab\u00a0, a affirm\u00e9 Mamadou Mouctar Bah.<\/p>\n\n\n\n<figure class=\"wp-block-image\"><img loading=\"lazy\" decoding=\"async\" width=\"1024\" height=\"768\" src=\"http:\/\/www.friaguinee.net\/wp-content\/uploads\/2021\/10\/bah-mouctar-1024x768.jpg\" alt=\"\" class=\"wp-image-39590\" srcset=\"http:\/\/www.friaguinee.net\/wp-content\/uploads\/2021\/10\/bah-mouctar-1024x768.jpg 1024w, http:\/\/www.friaguinee.net\/wp-content\/uploads\/2021\/10\/bah-mouctar-300x225.jpg 300w, http:\/\/www.friaguinee.net\/wp-content\/uploads\/2021\/10\/bah-mouctar-768x576.jpg 768w, http:\/\/www.friaguinee.net\/wp-content\/uploads\/2021\/10\/bah-mouctar-80x60.jpg 80w, http:\/\/www.friaguinee.net\/wp-content\/uploads\/2021\/10\/bah-mouctar-265x198.jpg 265w, http:\/\/www.friaguinee.net\/wp-content\/uploads\/2021\/10\/bah-mouctar-696x522.jpg 696w, http:\/\/www.friaguinee.net\/wp-content\/uploads\/2021\/10\/bah-mouctar-1068x801.jpg 1068w, http:\/\/www.friaguinee.net\/wp-content\/uploads\/2021\/10\/bah-mouctar-560x420.jpg 560w, http:\/\/www.friaguinee.net\/wp-content\/uploads\/2021\/10\/bah-mouctar.jpg 2048w\" sizes=\"auto, (max-width: 1024px) 100vw, 1024px\" \/><figcaption>M.Bah Mouctar<\/figcaption><\/figure>\n\n\n\n<p>  Poursuivant, ce doyen a lanc\u00e9 un appel \u00e0 l&rsquo;endroit de ses paires du priv\u00e9. <\/p>\n\n\n\n<p>&lt;&lt; <strong><em>Je lance un appel \u00e0 mes camarades fondateurs qui son en train de faire selon les on-dit, des d\u00e9marches pour d\u00e9baucher des enseignants, d\u00e9baucher des \u00e9l\u00e8ves. Je leur demande d&rsquo;arr\u00eater. Nous devons nous constituer en famille pour aider l&rsquo;\u00e9ducation \u00e0 Fria<\/em><\/strong> &gt;&gt; a exhort\u00e9 le fondateur du groupe scolaire Barry Diawadou.<\/p>\n\n\n\n<p>Ces attitudes de certains fondateurs d&rsquo;\u00e9coles priv\u00e9es d\u00e9montrent selon plusieurs observateurs, combien les \u00e9coles priv\u00e9es sont devenues des centres commerciaux.  <\/p>\n\n\n\n<p><strong>Alimou Gaoual Bah pour friaguinee.net<\/strong><\/p>\n","protected":false},"excerpt":{"rendered":"<p>Ce Mercredi 20 octobre 2021 s&rsquo;est tenue \u00e0 la biblioth\u00e8que pr\u00e9fectorale, une rencontre de mise au point entre la direction pr\u00e9fectorale de l&rsquo;\u00e9ducation et les fondateurs d&rsquo;\u00e9coles priv\u00e9es. Objectif, mettre fin \u00e0 la campagne de d\u00e9nigrement orchestr\u00e9e par certains fondateurs d&rsquo;\u00e9coles priv\u00e9es. La directrice pr\u00e9fectorale de l&rsquo;Education, tr\u00e8s remont\u00e9e, invite les initiateurs de cette campagne [&hellip;]<\/p>\n","protected":false},"author":2,"featured_media":39589,"comment_status":"open","ping_status":"open","sticky":false,"template":"","format":"standard","meta":{"footnotes":""},"categories":[5],"tags":[1396,8367,8366,8365,8364,48,2855,47,49],"class_list":["post-39586","post","type-post","status-publish","format-standard","has-post-thumbnail","hentry","category-education","tag-arabe-conde","tag-bah-mouctar","tag-barry-diawadou","tag-campagne-de-denigrement","tag-concurrence-deloyale","tag-dpe","tag-ecoles-privees","tag-education","tag-fria"],"_links":{"self":[{"href":"http:\/\/www.friaguinee.net\/index.php\/wp-json\/wp\/v2\/posts\/39586","targetHints":{"allow":["GET"]}}],"collection":[{"href":"http:\/\/www.friaguinee.net\/index.php\/wp-json\/wp\/v2\/posts"}],"about":[{"href":"http:\/\/www.friaguinee.net\/index.php\/wp-json\/wp\/v2\/types\/post"}],"author":[{"embeddable":true,"href":"http:\/\/www.friaguinee.net\/index.php\/wp-json\/wp\/v2\/users\/2"}],"replies":[{"embeddable":true,"href":"http:\/\/www.friaguinee.net\/index.php\/wp-json\/wp\/v2\/comments?post=39586"}],"version-history":[{"count":3,"href":"http:\/\/www.friaguinee.net\/index.php\/wp-json\/wp\/v2\/posts\/39586\/revisions"}],"predecessor-version":[{"id":39597,"href":"http:\/\/www.friaguinee.net\/index.php\/wp-json\/wp\/v2\/posts\/39586\/revisions\/39597"}],"wp:featuredmedia":[{"embeddable":true,"href":"http:\/\/www.friaguinee.net\/index.php\/wp-json\/wp\/v2\/media\/39589"}],"wp:attachment":[{"href":"http:\/\/www.friaguinee.net\/index.php\/wp-json\/wp\/v2\/media?parent=39586"}],"wp:term":[{"taxonomy":"category","embeddable":true,"href":"http:\/\/www.friaguinee.net\/index.php\/wp-json\/wp\/v2\/categories?post=39586"},{"taxonomy":"post_tag","embeddable":true,"href":"http:\/\/www.friaguinee.net\/index.php\/wp-json\/wp\/v2\/tags?post=39586"}],"curies":[{"name":"wp","href":"https:\/\/api.w.org\/{rel}","templated":true}]}}