{"id":3870,"date":"2018-06-24T17:59:00","date_gmt":"2018-06-24T17:59:00","guid":{"rendered":"http:\/\/www.friaguinee.net\/?p=3870"},"modified":"2018-06-24T17:59:00","modified_gmt":"2018-06-24T17:59:00","slug":"labe-alpha-conde-lance-les-journees-de-lelevage","status":"publish","type":"post","link":"http:\/\/www.friaguinee.net\/index.php\/2018\/06\/24\/labe-alpha-conde-lance-les-journees-de-lelevage\/","title":{"rendered":"Lab\u00e9\u00a0: Alpha Cond\u00e9 lance les journ\u00e9es de l\u2019\u00e9l\u00e9vage"},"content":{"rendered":"<p>Le Pr\u00e9sident de la R\u00e9publique, le Pr. Alpha Cond\u00e9, est arriv\u00e9 \u00e0 Lab\u00e9 ce samedi 23 juin 2018 pour lancer les journ\u00e9es nationales de l\u2019\u00e9levage qui se tiennent du 23 au 24 juin.<\/p>\n<p>Cette journ\u00e9e, qui est l\u2019initiative pr\u00e9sidentielle pour le d\u00e9veloppement \u00e9conomique durable, vise \u00e0 moderniser l\u2019\u00e9levage. On notait la pr\u00e9sence des membres du corps diplomatique, les repr\u00e9sentants des institutions internationales et ceux du gouvernement.<\/p>\n<p>D\u00e8s son arriv\u00e9e \u00e0 Lab\u00e9, o\u00f9 les populations lui ont r\u00e9serv\u00e9\u00a0 un accueil chaleureux, le Pr\u00e9sident de la R\u00e9publique a successivement inaugur\u00e9 le Centre d\u2019appui \u00e0 l\u2019autopromotion f\u00e9minine (CAAF) financ\u00e9 par le Budget national \u00e0 hauteur de 9 milliards de francs guin\u00e9ens, le Centre de traitement des \u00e9pid\u00e9mies qui est un financement de la\u00a0 Banque Africaine de D\u00e9veloppement pour plus de 6 milliards de nos francs.<\/p>\n<p>De l\u00e0, le Pr\u00e9sident Alpha Cond\u00e9 s\u2019est rendu au stade pr\u00e9fectoral de Lab\u00e9 o\u00f9 les populations \u00e9taient fortement mobilis\u00e9es pour signifier leurs reconnaissances pour les actes pos\u00e9s dans leur localit\u00e9. Le tout soutenu par la prestation des artistes qui ont \u00e9merveill\u00e9 le public.<\/p>\n<p>Le Gouverneur de la r\u00e9gion administrative de Lab\u00e9, Sadou K\u00e9ita, a exprim\u00e9 toute la reconnaissance des populations de la cit\u00e9 de Karamo Alpha Mo Lab\u00e9 au Chef de l\u2019Etat pour les actions r\u00e9alis\u00e9es\u00a0 dans cette r\u00e9gion. Des actions qui selon lui, se traduisent par la r\u00e9habilitation de tous les forages, la construction en cours du barrage Koukoutamba, la mise en place de la Mutuelle financi\u00e8re des femmes d\u2019Afrique et les construction d\u2019autres infrastructures sociales de base.<\/p>\n<p>Le Gouverneur de la r\u00e9gion de Lab\u00e9 dira que l\u2019\u00e9levage est un secteur fondamental pour le Foutah o\u00f9 \u00e9voluent plus de 200 groupements.<\/p>\n<p>Cependant, Sadou K\u00e9ita a attir\u00e9 l\u2019attention du Pr\u00e9sident de la R\u00e9publique sur le fait que les boeufs sont confront\u00e9s aux probl\u00e8mes sanitaires, alimentaires et d\u2019encadrement.<\/p>\n<p>Il a rassur\u00e9 le Pr\u00e9sident de la R\u00e9publique de l\u2019engagement des populations de Lab\u00e9 \u00e0 l\u2019accompagner dans son programme de d\u00e9veloppement avant de pr\u00e9ciser que la paix r\u00e8gne actuellement dans cette r\u00e9gion.<\/p>\n<p>Le Pr\u00e9sident de la R\u00e9publique, le Pr. Alpha Cond\u00e9, a rappel\u00e9 que notre pays a rat\u00e9 les premi\u00e8re, deuxi\u00e8me et troisi\u00e8me R\u00e9volutions industrielles \u00e0 cause\u00a0 de l\u2019esclavage, la colonisation, etc. Pour lui, aujourd\u2019hui, la bataille principale est de gagner la quatri\u00e8me R\u00e9volution industrielle qui permettra \u00e0 la Guin\u00e9e de rattraper les pays d\u00e9velopp\u00e9s et sortir les populations de la pauvret\u00e9. Et pour atteindre cet objectif, il interpelle les populations \u00e0 changer de comportement pour faire face aux d\u00e9fis du d\u00e9veloppement.<\/p>\n<p>Pour le Pr\u00e9sident de la R\u00e9publique, l\u2019\u00e9levage sera de l\u2019or pour le Foutah si les populations acceptent d\u2019accompagner le gouvernement dans les r\u00e9volutions qui sont l\u2019ins\u00e9mination artificielle, l\u2019alimentation du b\u00e9tail et leur parcage. D\u2019autres r\u00e9volutions \u00e9voqu\u00e9es par le Chef de l\u2019Etat sont l\u2019\u00e9levage des poulets et la pisciculture.<\/p>\n<p>Dans cette d\u00e9marche, le Pr\u00e9sident Alpha Cond\u00e9 a exprim\u00e9 tout son soutien aux jeunes et aux femmes \u00e0 travers la cr\u00e9ation d\u2019activit\u00e9s cr\u00e9atrices de revenus afin de les rendre plus autonomes.<\/p>\n<p>Il a enfin invit\u00e9 les sages \u00e0 oeuvrer dans la sensibilisation des jeunes pour que ce que l\u2019avenir r\u00e9serve \u00e0 la Guin\u00e9e se r\u00e9alise.<\/p>\n<p>De l\u00e0 le Pr\u00e9sident de la R\u00e9publique a inaugur\u00e9 la MUFFA (Mutuelle financi\u00e8re des femmes d\u2019Afrique) de Lab\u00e9 avant de se rendre \u00e0 Pita o\u00f9 il a proc\u00e9d\u00e9 \u00e0 l\u2019inauguration de la MUFFA et le CAAF de cette Pr\u00e9fecture dans une ambiance indescriptible.<\/p>\n<p><strong>\u00a0Transmis par le Bureau de Presse de la Pr\u00e9sidence<\/strong><\/p>\n<p>&nbsp;<\/p>\n","protected":false},"excerpt":{"rendered":"<p>Le Pr\u00e9sident de la R\u00e9publique, le Pr. Alpha Cond\u00e9, est arriv\u00e9 \u00e0 Lab\u00e9 ce samedi 23 juin 2018 pour lancer les journ\u00e9es nationales de l\u2019\u00e9levage qui se tiennent du 23 au 24 juin. Cette journ\u00e9e, qui est l\u2019initiative pr\u00e9sidentielle pour le d\u00e9veloppement \u00e9conomique durable, vise \u00e0 moderniser l\u2019\u00e9levage. On notait la pr\u00e9sence des membres du [&hellip;]<\/p>\n","protected":false},"author":2,"featured_media":3871,"comment_status":"open","ping_status":"open","sticky":false,"template":"","format":"standard","meta":{"footnotes":""},"categories":[2],"tags":[],"class_list":["post-3870","post","type-post","status-publish","format-standard","has-post-thumbnail","hentry","category-actualites"],"_links":{"self":[{"href":"http:\/\/www.friaguinee.net\/index.php\/wp-json\/wp\/v2\/posts\/3870","targetHints":{"allow":["GET"]}}],"collection":[{"href":"http:\/\/www.friaguinee.net\/index.php\/wp-json\/wp\/v2\/posts"}],"about":[{"href":"http:\/\/www.friaguinee.net\/index.php\/wp-json\/wp\/v2\/types\/post"}],"author":[{"embeddable":true,"href":"http:\/\/www.friaguinee.net\/index.php\/wp-json\/wp\/v2\/users\/2"}],"replies":[{"embeddable":true,"href":"http:\/\/www.friaguinee.net\/index.php\/wp-json\/wp\/v2\/comments?post=3870"}],"version-history":[{"count":1,"href":"http:\/\/www.friaguinee.net\/index.php\/wp-json\/wp\/v2\/posts\/3870\/revisions"}],"predecessor-version":[{"id":3872,"href":"http:\/\/www.friaguinee.net\/index.php\/wp-json\/wp\/v2\/posts\/3870\/revisions\/3872"}],"wp:featuredmedia":[{"embeddable":true,"href":"http:\/\/www.friaguinee.net\/index.php\/wp-json\/wp\/v2\/media\/3871"}],"wp:attachment":[{"href":"http:\/\/www.friaguinee.net\/index.php\/wp-json\/wp\/v2\/media?parent=3870"}],"wp:term":[{"taxonomy":"category","embeddable":true,"href":"http:\/\/www.friaguinee.net\/index.php\/wp-json\/wp\/v2\/categories?post=3870"},{"taxonomy":"post_tag","embeddable":true,"href":"http:\/\/www.friaguinee.net\/index.php\/wp-json\/wp\/v2\/tags?post=3870"}],"curies":[{"name":"wp","href":"https:\/\/api.w.org\/{rel}","templated":true}]}}