{"id":38342,"date":"2021-09-15T09:18:41","date_gmt":"2021-09-15T09:18:41","guid":{"rendered":"http:\/\/www.friaguinee.net\/?p=38342"},"modified":"2021-09-15T09:18:43","modified_gmt":"2021-09-15T09:18:43","slug":"cout-detat-en-guinee-brazzaville-et-paris-prets-a-accueillir-alpha-conde","status":"publish","type":"post","link":"http:\/\/www.friaguinee.net\/index.php\/2021\/09\/15\/cout-detat-en-guinee-brazzaville-et-paris-prets-a-accueillir-alpha-conde\/","title":{"rendered":"Co\u00fbt d&rsquo;Etat en Guin\u00e9e: Brazzaville et Paris pr\u00eats \u00e0 accueillir Alpha Cond\u00e9"},"content":{"rendered":"\n<p>En marge des discussions politiques sur l\u2019avenir de la Guin\u00e9e, d\u2019autres tractations sont en cours, dans l\u2019ombre, \u00e0 propos du sort d\u2019Alpha Cond\u00e9. Le pr\u00e9sident d\u00e9chu est toujours d\u00e9tenu par la junte. Il a pu recevoir la visite de la d\u00e9l\u00e9gation de la C\u00e9d\u00e9ao en fin de semaine derni\u00e8re, mais pour l\u2019instant, Alpha Cond\u00e9 refuse de passer la main.<\/p>\n\n\n\n<p><a href=\"https:\/\/www.rfi.fr\/fr\/afrique\/20210912-guin%C3%A9e-la-junte-au-pouvoir-annonce-l-ouverture-de-n%C3%A9gociations\"><strong>La junte militaire<\/strong><\/a> a soumis \u00e0 Alpha Cond\u00e9 une lettre de d\u00e9mission qu\u2019il refuse obstin\u00e9ment de parapher. \u00ab<em>Je ne le vois pas signer ce papier-l\u00e0<\/em>\u00bb, confie un diplomate de la r\u00e9gion qui ajoute, un brin d\u00e9sar\u00e7onn\u00e9\u00a0: \u00ab<em>Il pense qu\u2019il est toujours pr\u00e9sident<\/em>\u00bb. Le jusqu\u2019auboutisme d\u2019Alpha Cond\u00e9 est tel qu\u2019il aurait, selon une autre source, demand\u00e9 vendredi 10 septembre <a href=\"https:\/\/www.rfi.fr\/fr\/afrique\/20210910-la-mission-de-la-c%C3%A9d%C3%A9ao-en-guin%C3%A9e-a-pu-rencontrer-alpha-cond%C3%A9\"><strong>\u00e0 la mission de la C\u00e9d\u00e9ao<\/strong><\/a> que l\u2019organisation sous-r\u00e9gionale le r\u00e9tablisse dans sa fonction de chef d\u2019\u00c9tat.<\/p>\n\n\n\n<p>\u00ab<em>Il y a un premier mouvement psychologique \u00e0 faire de son c\u00f4t\u00e9<\/em>\u00bb, explique-t-on dans l\u2019entourage d\u2019un pr\u00e9sident. Comment parvenir \u00e0 le convaincre de renoncer&nbsp;? La question sera sans doute discut\u00e9e ce jeudi 16 septembre lors d\u2019un nouveau sommet de la C\u00e9d\u00e9ao consacr\u00e9 \u00e0 la Guin\u00e9e. Les chefs d\u2019\u00c9tat ouest-africains \u00e9tudieront ce jour-l\u00e0 \u00e0 Accra le rapport de la mission qui s\u2019est rendu sur place vendredi dernier. La d\u00e9l\u00e9gation avait \u00e0 cette occasion appel\u00e9 une nouvelle fois \u00e0 la lib\u00e9ration d\u2019Alpha Cond\u00e9.<ins><\/ins><\/p>\n\n\n\n<p>Si les militaires n\u2019ont toujours pas r\u00e9pondu favorablement \u00e0 cette demande, ces derniers semblent craindre de plus en plus le pouvoir de nuisance de l\u2019ancien pr\u00e9sident. Or, plusieurs chefs d\u2019\u00c9tat de la r\u00e9gion militent pour sa sortie du territoire guin\u00e9en, histoire de pr\u00e9server sa s\u00e9curit\u00e9.<\/p>\n\n\n\n<h4 class=\"wp-block-heading\">L\u2019hypoth\u00e8se d\u2019un d\u00e9part vers le Congo-Brazzaville<\/h4>\n\n\n\n<p>Alpha Cond\u00e9 pourrait donc quitter le pays \u00e0 court ou moyen de terme, mais sa destination est toujours en discussion. Parmi les hypoth\u00e8ses \u00e9voqu\u00e9es, celle de Brazzaville semble prendre de l\u2019ampleur. Rien d\u2019\u00e9tonnant \u00e0 cela&nbsp;: Alpha Cond\u00e9 est rest\u00e9 tr\u00e8s proche de Denis Sassou-Nguesso. C\u00f4t\u00e9 congolais, on se dit d\u2019ailleurs pr\u00eat \u00e0 l\u2019accueillir \u00ab<em>\u00e0 bras ouverts<\/em>\u00bb.<\/p>\n\n\n\n<p>Un diplomate ouest-africain de premier plan assure que le principe serait m\u00eame d\u00e9j\u00e0 act\u00e9. \u00ab<em>Le pr\u00e9sident Sassou-Nguesso a d\u00e9cid\u00e9 de le prendre<\/em>\u00bb, affirme ce dernier, \u00ab<em>tout le monde est au courant<\/em>\u00bb. La mission de la C\u00e9d\u00e9ao en aurait ainsi inform\u00e9 le principal int\u00e9ress\u00e9 vendredi \u00e0 Conakry.<\/p>\n\n\n\n<p>Elle lui aurait \u00e9galement annonc\u00e9 que la Turquie \u00e9tait pr\u00eate \u00e0 le recevoir un temps pour des examens m\u00e9dicaux, un pays dans lequel Alpha Cond\u00e9 a pass\u00e9 le mois dernier une partie de ses vacances. S\u00e9jour au cours duquel il a \u00e9t\u00e9 re\u00e7u par le pr\u00e9sident Erdogan.<\/p>\n\n\n\n<p>En parall\u00e8le, la France a elle aussi r\u00e9cemment fait savoir qu\u2019elle pourrait accueillir temporairement le pr\u00e9sident d\u00e9chu. Paris a en effet donn\u00e9 son feu vert pour l\u2019accueillir pendant un temps. \u00ab<em>Pour des soins m\u00e9dicaux ou pour quoi que ce soit d\u2019autre<\/em>\u00bb, pr\u00e9cise une source diplomatique. Les autorit\u00e9s fran\u00e7aises ont m\u00eame fait une offre de service dans ce dossier :&nbsp;elles se disent en effet pr\u00eates \u00e0 aider \u00e0 trouver une solution.<\/p>\n\n\n\n<p><strong>RFI<\/strong><\/p>\n","protected":false},"excerpt":{"rendered":"<p>En marge des discussions politiques sur l\u2019avenir de la Guin\u00e9e, d\u2019autres tractations sont en cours, dans l\u2019ombre, \u00e0 propos du sort d\u2019Alpha Cond\u00e9. Le pr\u00e9sident d\u00e9chu est toujours d\u00e9tenu par la junte. Il a pu recevoir la visite de la d\u00e9l\u00e9gation de la C\u00e9d\u00e9ao en fin de semaine derni\u00e8re, mais pour l\u2019instant, Alpha Cond\u00e9 refuse [&hellip;]<\/p>\n","protected":false},"author":3,"featured_media":8962,"comment_status":"open","ping_status":"open","sticky":false,"template":"","format":"standard","meta":{"footnotes":""},"categories":[2],"tags":[],"class_list":["post-38342","post","type-post","status-publish","format-standard","has-post-thumbnail","hentry","category-actualites"],"_links":{"self":[{"href":"http:\/\/www.friaguinee.net\/index.php\/wp-json\/wp\/v2\/posts\/38342","targetHints":{"allow":["GET"]}}],"collection":[{"href":"http:\/\/www.friaguinee.net\/index.php\/wp-json\/wp\/v2\/posts"}],"about":[{"href":"http:\/\/www.friaguinee.net\/index.php\/wp-json\/wp\/v2\/types\/post"}],"author":[{"embeddable":true,"href":"http:\/\/www.friaguinee.net\/index.php\/wp-json\/wp\/v2\/users\/3"}],"replies":[{"embeddable":true,"href":"http:\/\/www.friaguinee.net\/index.php\/wp-json\/wp\/v2\/comments?post=38342"}],"version-history":[{"count":1,"href":"http:\/\/www.friaguinee.net\/index.php\/wp-json\/wp\/v2\/posts\/38342\/revisions"}],"predecessor-version":[{"id":38346,"href":"http:\/\/www.friaguinee.net\/index.php\/wp-json\/wp\/v2\/posts\/38342\/revisions\/38346"}],"wp:featuredmedia":[{"embeddable":true,"href":"http:\/\/www.friaguinee.net\/index.php\/wp-json\/wp\/v2\/media\/8962"}],"wp:attachment":[{"href":"http:\/\/www.friaguinee.net\/index.php\/wp-json\/wp\/v2\/media?parent=38342"}],"wp:term":[{"taxonomy":"category","embeddable":true,"href":"http:\/\/www.friaguinee.net\/index.php\/wp-json\/wp\/v2\/categories?post=38342"},{"taxonomy":"post_tag","embeddable":true,"href":"http:\/\/www.friaguinee.net\/index.php\/wp-json\/wp\/v2\/tags?post=38342"}],"curies":[{"name":"wp","href":"https:\/\/api.w.org\/{rel}","templated":true}]}}