{"id":37805,"date":"2021-08-27T13:23:33","date_gmt":"2021-08-27T13:23:33","guid":{"rendered":"http:\/\/www.friaguinee.net\/?p=37805"},"modified":"2021-08-27T13:23:34","modified_gmt":"2021-08-27T13:23:34","slug":"attaques-a-kaboul-lamerique-ne-se-laissera-pas-intimider-nous-ne-nous-laisserons-pas-decourager-par-des-terroristes-joe-biden","status":"publish","type":"post","link":"http:\/\/www.friaguinee.net\/index.php\/2021\/08\/27\/attaques-a-kaboul-lamerique-ne-se-laissera-pas-intimider-nous-ne-nous-laisserons-pas-decourager-par-des-terroristes-joe-biden\/","title":{"rendered":"Attaques \u00e0 Kaboul : \u00ab L\u2019Am\u00e9rique ne se laissera pas intimider. Nous ne nous laisserons pas d\u00e9courager par des terroristes \u00bb (Joe Biden)"},"content":{"rendered":"\n<h5 class=\"wp-block-heading\">Apr\u00e8s l\u2019attaque \u00e0 Kaboul qui a\ntu\u00e9 plusieurs dizaines de personnes dont 13 Am\u00e9ricains, Joe Biden promet que\nles Etats-Unis vont \u00ab&nbsp;pourchasser&nbsp;\u00bb les auteurs<strong>.<\/strong><\/h5>\n\n\n\n<p>Le pr\u00e9sident&nbsp;Joe\nBiden&nbsp;a promis jeudi de \u00ab&nbsp;<em>pourchasser<\/em>&nbsp;\u00bb les\nauteurs de l\u2019attentat qui a tu\u00e9 12 militaires am\u00e9ricains \u00e0 proximit\u00e9\nde&nbsp;l\u2019a\u00e9roport de Kaboul, confirmant que la gigantesque op\u00e9ration\nd\u2019\u00e9vacuation de civils allait se poursuivre jusqu\u2019au retrait des&nbsp;troupes am\u00e9ricaines&nbsp;le\n31 ao\u00fbt.<\/p>\n\n\n\n<p><strong>Joe\nBiden&nbsp;: \u00ab&nbsp;Nous vous pourchasserons&nbsp;\u00bb<\/strong><\/p>\n\n\n\n<p>\u00ab&nbsp;<em>Nous vous pourchasserons et nous vous\nferons payer<\/em>&nbsp;\u00bb a-t-il affirm\u00e9 \u00e0 l\u2019adresse des auteurs de\nl\u2019attaque la plus meurtri\u00e8re contre l\u2019arm\u00e9e am\u00e9ricaine en Afghanistan depuis\n2011, qui a \u00e9t\u00e9 revendiqu\u00e9e par le groupe Etat islamique (EI).<\/p>\n\n\n\n<p>Le\npr\u00e9sident a ordonn\u00e9 aux responsables militaires \u00ab&nbsp;<em>de d\u00e9velopper des plans op\u00e9rationnels\npour frapper les cibles, la hi\u00e9rarchie et les installations<\/em>&nbsp;\u00bb\nde l\u2019EI en Afghanistan. \u00ab&nbsp;<em>Nous r\u00e9pondrons avec force et pr\u00e9cision\nquand nous le d\u00e9ciderons, o\u00f9 et quand nous le choisirons<\/em>&nbsp;\u00bb,\na-t-il soulign\u00e9 lors d\u2019un discours \u00e0 la Maison Blanche.<\/p>\n\n\n\n<p>Il a salu\u00e9 les soldats tu\u00e9s qui\n\u00e9taient \u00ab&nbsp;<em>des h\u00e9ros (\u2026) engag\u00e9s dans une mission dangereuse et\naltruiste pour sauver d\u2019autres vies<\/em>&nbsp;\u00bb.<\/p>\n\n\n\n<h2 class=\"wp-block-heading\"><strong>13\nmilitaires am\u00e9ricains tu\u00e9s<\/strong><\/h2>\n\n\n\n<p>L\u2019attentat-suicide, qui a fait\n13 morts et 15 bless\u00e9s parmi les soldats am\u00e9ricains dans une double explosion,\na \u00e9t\u00e9 perp\u00e9tr\u00e9 \u00e0 proximit\u00e9 d\u2019Abbey Gate, un des trois points d\u2019acc\u00e8s \u00e0\nl\u2019a\u00e9roport o\u00f9 se pressait une foule qui attendait de se faire \u00e9vacuer, fuyant\nle pays d\u00e9sormais sous le contr\u00f4le des talibans.<\/p>\n\n\n\n<p>Ces derniers ont recens\u00e9\njusqu\u2019\u00e0 20 morts et 52 bless\u00e9s dans les deux explosions, mais d\u2019autres sources\n\u00e9voquent un bilan bien plus lourd pour ce premier attentat meurtrier depuis le\nretour au pouvoir des talibans le 15 ao\u00fbt.<\/p>\n\n\n\n<p>Joe Biden a indiqu\u00e9 qu\u2019il\nn\u2019avait pas jusqu\u2019ici de \u00ab&nbsp;<em>preuve<\/em>&nbsp;\u00bb d\u2019une \u00ab&nbsp;<em>collusion<\/em>&nbsp;\u00bb\nentre les talibans et l\u2019EI, deux groupes aux fortes divergences et qui se sont\naffront\u00e9s ces derni\u00e8res ann\u00e9es, dans l\u2019organisation de cet attentat.<\/p>\n\n\n\n<h2 class=\"wp-block-heading\"><strong>\u00ab&nbsp;L\u2019Am\u00e9rique\nne se laissera pas intimider&nbsp;\u00bb<\/strong><\/h2>\n\n\n\n<p>Malgr\u00e9 ce lourd bilan, le\npr\u00e9sident am\u00e9ricain a affirm\u00e9 que les \u00e9vacuations d\u2019Afghanistan se\npoursuivraient. \u00ab&nbsp;<em>L\u2019Am\u00e9rique ne se laissera pas\nintimider<\/em>&nbsp;\u00bb, a-t-il dit. \u00ab&nbsp;<em>Nous ne nous laisserons pas d\u00e9courager\npar des terroristes. Nous ne les laisserons pas arr\u00eater notre mission. Nous\npoursuivrons l\u2019\u00e9vacuation<\/em>&nbsp;\u00bb.<\/p>\n\n\n\n<p>Il a aussi r\u00e9p\u00e9t\u00e9 qu\u2019il\nrespecterait la date butoir du 31 ao\u00fbt pour le retrait des troupes am\u00e9ricaines\nd\u2019Afghanistan, malgr\u00e9 les critiques qui l\u2019appellent, y compris au sein de son\nparti, \u00e0 rester plus longtemps si n\u00e9cessaire pour achever l\u2019\u00e9vacuation.<\/p>\n\n\n\n<p>Il est encore possible\nd\u2019\u00e9vacuer les Am\u00e9ricains et les Afghans qui sont \u00e9ligibles \u00ab&nbsp;<em>ces\nprochains jours, entre aujourd\u2019hui et le 31<\/em>&nbsp;\u00bb ao\u00fbt, a-t-il\naffirm\u00e9. \u00ab&nbsp;<em>Sachant qu\u2019il pourrait tr\u00e8s bien y avoir une nouvelle\nattaque, l\u2019arm\u00e9e a conclu que c\u2019est ce que nous devrions faire. Je pense qu\u2019ils\nont raison<\/em>&nbsp;\u00bb, a-t-il poursuivi.<\/p>\n\n\n\n<p><strong>La voix du nord<\/strong><\/p>\n","protected":false},"excerpt":{"rendered":"<p>Apr\u00e8s l\u2019attaque \u00e0 Kaboul qui a tu\u00e9 plusieurs dizaines de personnes dont 13 Am\u00e9ricains, Joe Biden promet que les Etats-Unis vont \u00ab&nbsp;pourchasser&nbsp;\u00bb les auteurs. Le pr\u00e9sident&nbsp;Joe Biden&nbsp;a promis jeudi de \u00ab&nbsp;pourchasser&nbsp;\u00bb les auteurs de l\u2019attentat qui a tu\u00e9 12 militaires am\u00e9ricains \u00e0 proximit\u00e9 de&nbsp;l\u2019a\u00e9roport de Kaboul, confirmant que la gigantesque op\u00e9ration d\u2019\u00e9vacuation de civils allait [&hellip;]<\/p>\n","protected":false},"author":3,"featured_media":29001,"comment_status":"open","ping_status":"open","sticky":false,"template":"","format":"standard","meta":{"footnotes":""},"categories":[43],"tags":[7965,7949],"class_list":["post-37805","post","type-post","status-publish","format-standard","has-post-thumbnail","hentry","category-monde","tag-attantat","tag-kaboul"],"_links":{"self":[{"href":"http:\/\/www.friaguinee.net\/index.php\/wp-json\/wp\/v2\/posts\/37805","targetHints":{"allow":["GET"]}}],"collection":[{"href":"http:\/\/www.friaguinee.net\/index.php\/wp-json\/wp\/v2\/posts"}],"about":[{"href":"http:\/\/www.friaguinee.net\/index.php\/wp-json\/wp\/v2\/types\/post"}],"author":[{"embeddable":true,"href":"http:\/\/www.friaguinee.net\/index.php\/wp-json\/wp\/v2\/users\/3"}],"replies":[{"embeddable":true,"href":"http:\/\/www.friaguinee.net\/index.php\/wp-json\/wp\/v2\/comments?post=37805"}],"version-history":[{"count":1,"href":"http:\/\/www.friaguinee.net\/index.php\/wp-json\/wp\/v2\/posts\/37805\/revisions"}],"predecessor-version":[{"id":37806,"href":"http:\/\/www.friaguinee.net\/index.php\/wp-json\/wp\/v2\/posts\/37805\/revisions\/37806"}],"wp:featuredmedia":[{"embeddable":true,"href":"http:\/\/www.friaguinee.net\/index.php\/wp-json\/wp\/v2\/media\/29001"}],"wp:attachment":[{"href":"http:\/\/www.friaguinee.net\/index.php\/wp-json\/wp\/v2\/media?parent=37805"}],"wp:term":[{"taxonomy":"category","embeddable":true,"href":"http:\/\/www.friaguinee.net\/index.php\/wp-json\/wp\/v2\/categories?post=37805"},{"taxonomy":"post_tag","embeddable":true,"href":"http:\/\/www.friaguinee.net\/index.php\/wp-json\/wp\/v2\/tags?post=37805"}],"curies":[{"name":"wp","href":"https:\/\/api.w.org\/{rel}","templated":true}]}}