{"id":3718,"date":"2018-06-13T14:06:37","date_gmt":"2018-06-13T14:06:37","guid":{"rendered":"http:\/\/www.friaguinee.net\/?p=3718"},"modified":"2018-06-13T14:06:37","modified_gmt":"2018-06-13T14:06:37","slug":"france-un-guineen-condamne-a-deux-ans-de-prison-ferme-et-deux-ans-dinterdiction-du-territoire-francais","status":"publish","type":"post","link":"http:\/\/www.friaguinee.net\/index.php\/2018\/06\/13\/france-un-guineen-condamne-a-deux-ans-de-prison-ferme-et-deux-ans-dinterdiction-du-territoire-francais\/","title":{"rendered":"France : un guin\u00e9en condamn\u00e9 \u00e0 deux ans de prison ferme et deux ans d\u2019interdiction du territoire fran\u00e7ais,"},"content":{"rendered":"<h4>Moussa Camara, jeune Guin\u00e9en sans papier, a \u00e9t\u00e9 condamn\u00e9 mardi 12 juin \u00e0 deux mois de prison ferme et deux ans d&rsquo;interdiction du territoire fran\u00e7ais, selon des militants de l&rsquo;association Aides. Il \u00e9tait poursuivi pour avoir refus\u00e9 d&#8217;embarquer le 3 mai sur un vol pour Conakry .<\/h4>\n<h4>Le jugement est tomb\u00e9 aux alentours de 16h. Moussa Camara, jeune sans-papier guin\u00e9en de 28 ans, a \u00e9t\u00e9 condamn\u00e9 ce mardi par le tribunal correctionnel de Lyon \u00e0 deux mois de prison ferme et deux ans d&rsquo;interdiction du territoire fran\u00e7ais, selon des militants de l&rsquo;association Aides pr\u00e9sents lors de l&rsquo;audience. Contact\u00e9s par LCI, l&rsquo;avocate de Moussa n&rsquo;\u00e9tait pas joignable et le parquet de Lyon n&rsquo;\u00e9tait pas encore en mesure de confirmer l&rsquo;information.<\/h4>\n<h4>Ayant d\u00e9j\u00e0 effectu\u00e9 une partie de sa peine, Moussa Camara devrait \u00eatre lib\u00e9r\u00e9 dans deux semaines. \u00ab\u00a0Techniquement, il sera expulsable d\u00e8s sa sortie de prison\u00a0\u00bb, regrette une militante d&rsquo;Aides. Elle indique qu&rsquo;une demande d&rsquo;annulation de la d\u00e9cision a \u00e9t\u00e9 formul\u00e9e par l&rsquo;avocate au motif que l&rsquo;interpr\u00e8te pr\u00e9sent lors de l&rsquo;audience ne parlait pas la bonne langue.<\/h4>\n<h4>Artiste acrobate, Moussa Camara, 28 ans, est arriv\u00e9 en France en 2015 avec une autorisation temporaire de travail et sa demande d&rsquo;asile a \u00e9t\u00e9 rejet\u00e9e en 2017, selon l&rsquo;association Aides qui le soutient. Il affirme que son compagnon a \u00e9t\u00e9 lynch\u00e9 \u00e0 mort par sa famille en Guin\u00e9e, qu&rsquo;il a quitt\u00e9e pour fuir les pers\u00e9cutions contre les homosexuels. En Guin\u00e9e, l&rsquo;homosexualit\u00e9 est passible d&rsquo;une peine allant jusqu&rsquo;\u00e0 trois ans de prison.<\/h4>\n<h4>Le jeune homme avait notamment \u00e9t\u00e9 soutenu par la maire de Paris Anne Hidalgo ou le secr\u00e9taire g\u00e9n\u00e9ral du PCF Pierre Laurent qui \u00e9tait venu lui rendre visite \u00e0 la prison de Lyon mercredi 6 juin. Un rassemblement est pr\u00e9vu ce mardi soir \u00e0 19h place de la R\u00e9publique \u00e0 Paris \u00ab\u00a0pour d\u00e9noncer la d\u00e9cision de justice \u00e0 l&rsquo;encontre de Moussa\u00a0\u00bb.<\/h4>\n<p>LC2<\/p>\n<p><strong>\u00a0<\/strong><\/p>\n","protected":false},"excerpt":{"rendered":"<p>Moussa Camara, jeune Guin\u00e9en sans papier, a \u00e9t\u00e9 condamn\u00e9 mardi 12 juin \u00e0 deux mois de prison ferme et deux ans d&rsquo;interdiction du territoire fran\u00e7ais, selon des militants de l&rsquo;association Aides. Il \u00e9tait poursuivi pour avoir refus\u00e9 d&#8217;embarquer le 3 mai sur un vol pour Conakry . Le jugement est tomb\u00e9 aux alentours de 16h. [&hellip;]<\/p>\n","protected":false},"author":2,"featured_media":3722,"comment_status":"open","ping_status":"open","sticky":false,"template":"","format":"standard","meta":{"footnotes":""},"categories":[43],"tags":[],"class_list":["post-3718","post","type-post","status-publish","format-standard","has-post-thumbnail","hentry","category-monde"],"_links":{"self":[{"href":"http:\/\/www.friaguinee.net\/index.php\/wp-json\/wp\/v2\/posts\/3718","targetHints":{"allow":["GET"]}}],"collection":[{"href":"http:\/\/www.friaguinee.net\/index.php\/wp-json\/wp\/v2\/posts"}],"about":[{"href":"http:\/\/www.friaguinee.net\/index.php\/wp-json\/wp\/v2\/types\/post"}],"author":[{"embeddable":true,"href":"http:\/\/www.friaguinee.net\/index.php\/wp-json\/wp\/v2\/users\/2"}],"replies":[{"embeddable":true,"href":"http:\/\/www.friaguinee.net\/index.php\/wp-json\/wp\/v2\/comments?post=3718"}],"version-history":[{"count":2,"href":"http:\/\/www.friaguinee.net\/index.php\/wp-json\/wp\/v2\/posts\/3718\/revisions"}],"predecessor-version":[{"id":3723,"href":"http:\/\/www.friaguinee.net\/index.php\/wp-json\/wp\/v2\/posts\/3718\/revisions\/3723"}],"wp:featuredmedia":[{"embeddable":true,"href":"http:\/\/www.friaguinee.net\/index.php\/wp-json\/wp\/v2\/media\/3722"}],"wp:attachment":[{"href":"http:\/\/www.friaguinee.net\/index.php\/wp-json\/wp\/v2\/media?parent=3718"}],"wp:term":[{"taxonomy":"category","embeddable":true,"href":"http:\/\/www.friaguinee.net\/index.php\/wp-json\/wp\/v2\/categories?post=3718"},{"taxonomy":"post_tag","embeddable":true,"href":"http:\/\/www.friaguinee.net\/index.php\/wp-json\/wp\/v2\/tags?post=3718"}],"curies":[{"name":"wp","href":"https:\/\/api.w.org\/{rel}","templated":true}]}}