{"id":36491,"date":"2021-07-29T07:48:08","date_gmt":"2021-07-29T07:48:08","guid":{"rendered":"http:\/\/www.friaguinee.net\/?p=36491"},"modified":"2021-07-29T07:48:09","modified_gmt":"2021-07-29T07:48:09","slug":"conakry-le-president-angolais-joao-lourenco-en-visite-officielle-a-partir-du-jeudi-29-juillet-2021","status":"publish","type":"post","link":"http:\/\/www.friaguinee.net\/index.php\/2021\/07\/29\/conakry-le-president-angolais-joao-lourenco-en-visite-officielle-a-partir-du-jeudi-29-juillet-2021\/","title":{"rendered":"Conakry : le Pr\u00e9sident angolais Jo\u00e3o Louren\u00e7o en visite officielle \u00e0 partir du jeudi 29 juillet 2021"},"content":{"rendered":"\n<p>Dans le cadre du renforcement des liens d\u2019amiti\u00e9 et de fraternit\u00e9 existant entre la R\u00e9publique de Guin\u00e9e et la R\u00e9publique d\u2019Angola, Son Excellence Monsieur&nbsp;<strong>Jo\u00e3o Louren\u00e7o<\/strong>, Pr\u00e9sident Angolais, effectuera \u00e0 partir du&nbsp;<strong>jeudi 29 juillet 2021<\/strong>, une visite officielle \u00e0 Conakry.<\/p>\n\n\n\n<p>Sont convi\u00e9es \u00e0 prendre part au c\u00e9r\u00e9monial d\u2019accueil pr\u00e9vu le&nbsp;<strong>jeudi 29 juillet 2021&nbsp;<\/strong>\u00e0&nbsp;<strong>12 heures 40 minutes \u00e0 l\u2019A\u00e9roport International de Conakry-Gb\u00e9ssia<\/strong>, les personnalit\u00e9s ci-apr\u00e8s&nbsp;:<ins><\/ins><\/p>\n\n\n\n<p>\u2022&nbsp;&nbsp;&nbsp;&nbsp;&nbsp;&nbsp;&nbsp; Monsieur le Pr\u00e9sident de l\u2019Assembl\u00e9e Nationale ;<\/p>\n\n\n\n<p>\u2022&nbsp;&nbsp;&nbsp;&nbsp;&nbsp;&nbsp;&nbsp; Monsieur le Premier Ministre, Chef du Gouvernement ;<\/p>\n\n\n\n<p>&nbsp;&nbsp;&nbsp;&nbsp;&nbsp;&nbsp;&nbsp;&nbsp; Monsieur le Haut Repr\u00e9sentant du Chef de l\u2019Etat<strong>;<\/strong><\/p>\n\n\n\n<p>\u2022&nbsp;&nbsp;&nbsp;&nbsp;&nbsp;&nbsp;&nbsp; Monsieur le Pr\u00e9sident de la Cour Supr\u00eame ;<\/p>\n\n\n\n<p>\u2022&nbsp;&nbsp;&nbsp;&nbsp;&nbsp;&nbsp;&nbsp; Monsieur le Pr\u00e9sident de la Cour Constitutionnelle ;<\/p>\n\n\n\n<p>\u2022&nbsp;&nbsp;&nbsp;&nbsp;&nbsp;&nbsp;&nbsp; Monsieur le Pr\u00e9sident de la Cour des Comptes&nbsp;;<\/p>\n\n\n\n<p>\u2022&nbsp;&nbsp;&nbsp;&nbsp;&nbsp;&nbsp;&nbsp; Monsieur le Pr\u00e9sident de la Haute Autorit\u00e9 de la Communication;<\/p>\n\n\n\n<p>\u2022&nbsp;&nbsp;&nbsp;&nbsp;&nbsp;&nbsp;&nbsp; Madame la Pr\u00e9sidente du Conseil Economique, Culturel et Social ;<\/p>\n\n\n\n<p>\u2022&nbsp;&nbsp;&nbsp;&nbsp;&nbsp;&nbsp;&nbsp; Monsieur le M\u00e9diateur de la R\u00e9publique ;<\/p>\n\n\n\n<p>\u2022&nbsp;&nbsp;&nbsp;&nbsp;&nbsp;&nbsp;&nbsp; Monsieur le Pr\u00e9sident de la Commission Electorale Nationale Ind\u00e9pendante ;<\/p>\n\n\n\n<p><strong>\u2022&nbsp;&nbsp;&nbsp;&nbsp;&nbsp;&nbsp;&nbsp;&nbsp;<\/strong>Monsieur le&nbsp;Secr\u00e9taire permanent du cadre de dialogue&nbsp;;<\/p>\n\n\n\n<ul class=\"wp-block-list\"><li>Mesdames et Messieurs les Membres du Gouvernement ;<\/li><\/ul>\n\n\n\n<p>\u2022&nbsp;&nbsp;&nbsp;&nbsp;&nbsp;&nbsp;&nbsp; Mesdames et Messieurs les Ministres Conseillers membres du Cabinet Pr\u00e9sidentiel ;<\/p>\n\n\n\n<p>\u2022&nbsp;&nbsp;&nbsp;&nbsp;&nbsp;&nbsp;&nbsp; Monsieur le Chef d\u2019Etat-major G\u00e9n\u00e9ral des Arm\u00e9es ;<\/p>\n\n\n\n<p>\u2022&nbsp;&nbsp;&nbsp;&nbsp;&nbsp;&nbsp;&nbsp; Monsieur le Haut Commandant de la Gendarmerie Nationale;<\/p>\n\n\n\n<p>\u2022&nbsp;&nbsp;&nbsp;&nbsp;&nbsp;&nbsp;&nbsp; Messieurs les Chefs des Etats-majors des Arm\u00e9es de Terre, de l\u2019Air et de la Marine;<\/p>\n\n\n\n<p>\u2022&nbsp;&nbsp;&nbsp;&nbsp;&nbsp;&nbsp;&nbsp; Monsieur le Chef d\u2019Etat-major Particulier de la Pr\u00e9sidence ;<\/p>\n\n\n\n<p>\u2022&nbsp;&nbsp;&nbsp;&nbsp;&nbsp;&nbsp;&nbsp; Messieurs les Directeurs G\u00e9n\u00e9raux de la Police Nationale, de la Douane et des Conservateurs de la Nature ;<\/p>\n\n\n\n<ul class=\"wp-block-list\"><li>Mesdames et Messieurs les Chefs des Missions Diplomatiques et les Repr\u00e9sentants des Organisations Internationales ;<\/li><\/ul>\n\n\n\n<p>\u2022&nbsp;&nbsp;&nbsp;&nbsp;&nbsp;&nbsp;&nbsp; Monsieur le Gouverneur de la ville de Conakry.<\/p>\n\n\n\n<p><strong>Conakry, le 28 juillet 2021<\/strong><\/p>\n\n\n\n<p><strong>&nbsp;&nbsp;&nbsp;&nbsp;&nbsp;&nbsp;&nbsp;&nbsp;&nbsp;&nbsp;&nbsp;&nbsp;&nbsp;&nbsp; Mamady Sinkoun Kaba<\/strong><\/p>\n\n\n\n<p><strong>Ambassadeur, Directeur du Protocole d\u2019Etat<\/strong><\/p>\n","protected":false},"excerpt":{"rendered":"<p>Dans le cadre du renforcement des liens d\u2019amiti\u00e9 et de fraternit\u00e9 existant entre la R\u00e9publique de Guin\u00e9e et la R\u00e9publique d\u2019Angola, Son Excellence Monsieur&nbsp;Jo\u00e3o Louren\u00e7o, Pr\u00e9sident Angolais, effectuera \u00e0 partir du&nbsp;jeudi 29 juillet 2021, une visite officielle \u00e0 Conakry. Sont convi\u00e9es \u00e0 prendre part au c\u00e9r\u00e9monial d\u2019accueil pr\u00e9vu le&nbsp;jeudi 29 juillet 2021&nbsp;\u00e0&nbsp;12 heures 40 minutes [&hellip;]<\/p>\n","protected":false},"author":2,"featured_media":36492,"comment_status":"open","ping_status":"open","sticky":false,"template":"","format":"standard","meta":{"footnotes":""},"categories":[1464],"tags":[1129,7659,50,148,7658,138,7660],"class_list":["post-36491","post","type-post","status-publish","format-standard","has-post-thumbnail","hentry","category-cooperation","tag-angola","tag-angolais","tag-conakry","tag-guinee","tag-joao-lourenco","tag-president","tag-visite-officielle"],"_links":{"self":[{"href":"http:\/\/www.friaguinee.net\/index.php\/wp-json\/wp\/v2\/posts\/36491","targetHints":{"allow":["GET"]}}],"collection":[{"href":"http:\/\/www.friaguinee.net\/index.php\/wp-json\/wp\/v2\/posts"}],"about":[{"href":"http:\/\/www.friaguinee.net\/index.php\/wp-json\/wp\/v2\/types\/post"}],"author":[{"embeddable":true,"href":"http:\/\/www.friaguinee.net\/index.php\/wp-json\/wp\/v2\/users\/2"}],"replies":[{"embeddable":true,"href":"http:\/\/www.friaguinee.net\/index.php\/wp-json\/wp\/v2\/comments?post=36491"}],"version-history":[{"count":1,"href":"http:\/\/www.friaguinee.net\/index.php\/wp-json\/wp\/v2\/posts\/36491\/revisions"}],"predecessor-version":[{"id":36493,"href":"http:\/\/www.friaguinee.net\/index.php\/wp-json\/wp\/v2\/posts\/36491\/revisions\/36493"}],"wp:featuredmedia":[{"embeddable":true,"href":"http:\/\/www.friaguinee.net\/index.php\/wp-json\/wp\/v2\/media\/36492"}],"wp:attachment":[{"href":"http:\/\/www.friaguinee.net\/index.php\/wp-json\/wp\/v2\/media?parent=36491"}],"wp:term":[{"taxonomy":"category","embeddable":true,"href":"http:\/\/www.friaguinee.net\/index.php\/wp-json\/wp\/v2\/categories?post=36491"},{"taxonomy":"post_tag","embeddable":true,"href":"http:\/\/www.friaguinee.net\/index.php\/wp-json\/wp\/v2\/tags?post=36491"}],"curies":[{"name":"wp","href":"https:\/\/api.w.org\/{rel}","templated":true}]}}