{"id":3645,"date":"2018-06-05T16:21:34","date_gmt":"2018-06-05T16:21:34","guid":{"rendered":"http:\/\/www.friaguinee.net\/?p=3645"},"modified":"2018-06-05T16:21:34","modified_gmt":"2018-06-05T16:21:34","slug":"guinee-premier-conseil-interministeriel-du-gouvernement-dibrahima-kassory-fofana","status":"publish","type":"post","link":"http:\/\/www.friaguinee.net\/index.php\/2018\/06\/05\/guinee-premier-conseil-interministeriel-du-gouvernement-dibrahima-kassory-fofana\/","title":{"rendered":"Guin\u00e9e: premier conseil interminist\u00e9riel du gouvernement d&rsquo;Ibrahima Kassory Fofana"},"content":{"rendered":"<p><strong>\u00a0<\/strong>Le Premier Ministre, Chef du Gouvernement a pr\u00e9sid\u00e9 ce mardi au palais de la colombe, son premier conseil interminist\u00e9riel avec le nouveau Gouvernement.\u00a0Une occasion pour Ibrahima Kassory Fofana de souhaiter au nom du Pr\u00e9sident de la R\u00e9publique Alpha Cond\u00e9, la bienvenue \u00e0 la nouvelle \u00e9quipe et fixer le cap des reformes.<\/p>\n<p>Au cours des \u00e9changes, le Premier Ministre a rappel\u00e9 le r\u00f4le de chacun, et rassur\u00e9 de sa disponibilit\u00e9 pour un travail d\u2019\u00e9quipe dans l\u2019atteinte des objectifs. Ibrahima Kassory Fofana a ensuite fait savoir que la mission assign\u00e9e \u00e0 l\u2019ensemble du gouvernement, vise essentiellement \u00e0 am\u00e9liorer les conditions de vie des Guin\u00e9ens.<\/p>\n<p>Pour cette rentr\u00e9e gouvernementale marqu\u00e9e par la t\u00e9nue du premier conseil interminist\u00e9riel de l\u2019\u00e8re Ibrahima Kassory Fofana, tous les Ministres ont r\u00e9pondus pr\u00e9sents. Cette premi\u00e8re \u00e9tape d\u2019\u00e9change a \u00e9t\u00e9 une occasion pour l\u2019ensemble de l\u2019\u00e9quipe gouvernementale d\u2019\u00eatre au m\u00eame niveau d\u2019information, en ce qui concerne la situation socio politique du pays. Afin de trouver des pistes de solutions idoines allant, dans la bonne marche du d\u00e9veloppement de la Guin\u00e9e.<\/p>\n<p><strong>La Cellule de Communication du Gouvernement<\/strong><\/p>\n","protected":false},"excerpt":{"rendered":"<p>\u00a0Le Premier Ministre, Chef du Gouvernement a pr\u00e9sid\u00e9 ce mardi au palais de la colombe, son premier conseil interminist\u00e9riel avec le nouveau Gouvernement.\u00a0Une occasion pour Ibrahima Kassory Fofana de souhaiter au nom du Pr\u00e9sident de la R\u00e9publique Alpha Cond\u00e9, la bienvenue \u00e0 la nouvelle \u00e9quipe et fixer le cap des reformes. Au cours des \u00e9changes, [&hellip;]<\/p>\n","protected":false},"author":2,"featured_media":3646,"comment_status":"open","ping_status":"open","sticky":false,"template":"","format":"standard","meta":{"footnotes":""},"categories":[2],"tags":[],"class_list":["post-3645","post","type-post","status-publish","format-standard","has-post-thumbnail","hentry","category-actualites"],"_links":{"self":[{"href":"http:\/\/www.friaguinee.net\/index.php\/wp-json\/wp\/v2\/posts\/3645","targetHints":{"allow":["GET"]}}],"collection":[{"href":"http:\/\/www.friaguinee.net\/index.php\/wp-json\/wp\/v2\/posts"}],"about":[{"href":"http:\/\/www.friaguinee.net\/index.php\/wp-json\/wp\/v2\/types\/post"}],"author":[{"embeddable":true,"href":"http:\/\/www.friaguinee.net\/index.php\/wp-json\/wp\/v2\/users\/2"}],"replies":[{"embeddable":true,"href":"http:\/\/www.friaguinee.net\/index.php\/wp-json\/wp\/v2\/comments?post=3645"}],"version-history":[{"count":2,"href":"http:\/\/www.friaguinee.net\/index.php\/wp-json\/wp\/v2\/posts\/3645\/revisions"}],"predecessor-version":[{"id":3648,"href":"http:\/\/www.friaguinee.net\/index.php\/wp-json\/wp\/v2\/posts\/3645\/revisions\/3648"}],"wp:featuredmedia":[{"embeddable":true,"href":"http:\/\/www.friaguinee.net\/index.php\/wp-json\/wp\/v2\/media\/3646"}],"wp:attachment":[{"href":"http:\/\/www.friaguinee.net\/index.php\/wp-json\/wp\/v2\/media?parent=3645"}],"wp:term":[{"taxonomy":"category","embeddable":true,"href":"http:\/\/www.friaguinee.net\/index.php\/wp-json\/wp\/v2\/categories?post=3645"},{"taxonomy":"post_tag","embeddable":true,"href":"http:\/\/www.friaguinee.net\/index.php\/wp-json\/wp\/v2\/tags?post=3645"}],"curies":[{"name":"wp","href":"https:\/\/api.w.org\/{rel}","templated":true}]}}