{"id":3565,"date":"2018-06-01T11:10:45","date_gmt":"2018-06-01T11:10:45","guid":{"rendered":"http:\/\/www.friaguinee.net\/?p=3565"},"modified":"2018-06-01T11:10:45","modified_gmt":"2018-06-01T11:10:45","slug":"guinee-ce-quil-faut-retenir-du-passage-de-moustapha-naite-au-ministere-de-la-jeunesse","status":"publish","type":"post","link":"http:\/\/www.friaguinee.net\/index.php\/2018\/06\/01\/guinee-ce-quil-faut-retenir-du-passage-de-moustapha-naite-au-ministere-de-la-jeunesse\/","title":{"rendered":"Guin\u00e9e: ce qu&rsquo;il faut retenir du passage de Moustapha Nait\u00e9 au minist\u00e8re de la jeunesse"},"content":{"rendered":"<p>Apr\u00e8s plusieurs ann\u00e9es pass\u00e9es \u00e0 la t\u00eate du minist\u00e8re de la jeunesse, Moustapha Nait\u00e9, le d\u00e9sormais ministre des travaux publics a profit\u00e9 de la passation de service entre Mouctar Diallo et lui pour faire son bilan.<\/p>\n<p>Ci-dessous son discours int\u00e9gral:<\/p>\n<p><em>Monsieur le Ministre, Cher Mouctar ;<\/em><\/p>\n<p><em>Monsieur le Secr\u00e9taire G\u00e9n\u00e9ral Adjoint,<\/em><\/p>\n<p><em>Mesdames et Messieurs les Membres du Cabinet\u00a0;<\/em><\/p>\n<p><em>Monsieur l\u2019Inspecteur G\u00e9n\u00e9ral\u00a0;<\/em><\/p>\n<p><em>Mesdames et Messieurs les cadres et agents du Minist\u00e8re de la Jeunesse ;<\/em><\/p>\n<p><em>Bien chers parents et amis,<\/em><\/p>\n<p><em>Mesdames et messieurs,<\/em><\/p>\n<p>C\u2019est avec une vive \u00e9motion que je prends la parole \u00e0 cette c\u00e9r\u00e9monie qui marque la fin de ma mission \u00e0 la t\u00eate de l\u2019important minist\u00e8re de la jeunesse. Emotion parce que pendant quatre ann\u00e9es, j\u2019ai c\u00f4toy\u00e9 une \u00e9quipe de cadres et de personnel d\u2019ex\u00e9cution \u00e0 laquelle je me suis int\u00e9gr\u00e9 sans difficult\u00e9 et avec laquelle j\u2019ai fini par faire corps.<\/p>\n<p>Je suis d\u2019autant plus \u00e9mu que pendant cette p\u00e9riode, au-del\u00e0 de nos diff\u00e9rences personnelles, nous avons fait pr\u00e9valoir l\u2019int\u00e9r\u00eat sup\u00e9rieur, le bien de la jeunesse guin\u00e9enne. Ce faisant, nous avons appris \u00e0 nous connaitre, \u00e0 nous appr\u00e9cier et \u00e0 collaborer en faisant taire nos diff\u00e9rences. Il n\u2019est donc pas facile de balayer du revers de la main une exp\u00e9rience aussi int\u00e9ressante qu\u2019enrichissante.<\/p>\n<p>Je voudrais donc d\u2019entr\u00e9e, remercier chacun de vous pour votre disponibilit\u00e9, pour l\u2019expertise que vous m\u2019avez apport\u00e9e, pour l\u2019amiti\u00e9 et la fraternit\u00e9 que vous m\u2019avez donn\u00e9es. J\u2019ai beaucoup appris \u00e0 vos c\u00f4t\u00e9s et je pars d\u2019ici aguerri et exp\u00e9riment\u00e9 \u00e0 la chose administrative et gouvernementale. Le m\u00e9rite vous revient et sachez que vous avez d\u00e9sormais un grand d\u00e9fenseur de la cause de ce D\u00e9partement.<\/p>\n<p><strong><em>Monsieur le ministre\u00a0;<\/em><\/strong><\/p>\n<p><strong><em>Mesdames et Messieurs,<\/em><\/strong><\/p>\n<p>La mission assign\u00e9e au Minist\u00e8re de la Jeunesse et de l\u2019Emploi des Jeunes (2014-2016) et ensuite au Minist\u00e8re de la Jeunesse (2016 \u2013 2018) \u00e9tait d\u2019\u00e9laborer et de mettre en \u0153uvre la politique du Gouvernement dans les domaines de la jeunesse et de l\u2019insertion socio\u00e9conomique et professionnelle des jeunes. Il s\u2019agissait, d\u2019une part, de favoriser l\u2019accroissement rapide des opportunit\u00e9s d\u2019emploi, d\u2019insertion socio\u00e9conomique et de revenus en faveur d\u2019un plus grand nombre de jeunes et d\u2019autre part, de cr\u00e9er les conditions optimales d\u2019implication effective des jeunes dans la vie de la nation, dans la consolidation de la paix, de l\u2019unit\u00e9 et de la r\u00e9conciliation nationale.<\/p>\n<p>Pour ce faire, nous avions dans un premier temps, ensemble avec les cadres, \u00e9labor\u00e9 \u00e0 l\u2019issue d\u2019un processus participatif et inclusif et valid\u00e9e au cours d\u2019une retraite \u00e0 Kamsar du 29 janvier au 02 f\u00e9vrier 2014, une feuille de route qui s\u2019\u00e9tait inscrite dans la vision du Pr\u00e9sident de la R\u00e9publique, Chef de l\u2019Etat, le Professeur Alpha CONDE et de celle du Premier Ministre, de cr\u00e9er les meilleures conditions et d\u2019accompagner la jeunesse de notre pays dans son \u00e9panouissement socio\u00e9conomique. Nous nous \u00e9tions appuy\u00e9s sur un certain nombre de programmes, de projets et d\u2019initiatives existant en faveur des jeunes notamment le Programme National pour la Jeunesse (PNJ), le Programme Pilote d\u2019Appui \u00e0 l\u2019Emploi des Jeunes (PEJ- Guin\u00e9e), le Plan Strat\u00e9gique de D\u00e9veloppement de la Jeunesse et des Sports, les nombreux projets d\u2019op\u00e9rationnalisation et les mesures institutionnelles. Notre objectif, \u00e0 travers la mise en \u0153uvre de cette feuille de route, a \u00e9t\u00e9 de d\u00e9finir un cadre d\u2019intervention clair et r\u00e9aliste et des projets concrets \u00e0 mettre en \u0153uvre en faveur de la jeunesse sur financement du Gouvernement donc du Budget National de D\u00e9veloppement et de nos partenaires techniques et financiers notamment un Document d\u2019Appui Programme (DAP) sign\u00e9 avec le PNUD. Cette feuille de route op\u00e9rationnelle a d\u00e9velopp\u00e9 trois axes\u00a0: Jeunesse et Activit\u00e9s Socio-\u00e9ducatives\u00a0; Employabilit\u00e9 des jeunes et Cadre\u00a0institutionnel pour le renforcement des capacit\u00e9s et r\u00e9formes institutionnelles.<\/p>\n<p>Ensuite, nous avons lanc\u00e9 une large consultation nationale des jeunes. Pendant plusieurs mois, le minist\u00e8re a donn\u00e9 la parole aux jeunes de toutes les pr\u00e9fectures et de toutes les communes urbaines et rurales de Guin\u00e9e et de la diaspora afin qu\u2019ils expriment leurs probl\u00e8mes, leurs attentes et leurs propositions. Une rencontre nationale a cl\u00f4tur\u00e9 ce processus de consultation et a \u00e9t\u00e9 l\u2019occasion pour les jeunes de remettre officiellement un cahier de dol\u00e9ances \u00e0 Mr le Pr\u00e9sident de la R\u00e9publique.<\/p>\n<p>Enfin, \u00e0 l\u2019occasion de la riposte post-Ebola, nous avons con\u00e7u avec l\u2019appui du PNUD, le Programme National pour l\u2019Insertion Socio\u00e9conomique des Jeunes (PNISEJ) avec l\u2019implication de 13 d\u00e9partements minist\u00e9riels et l\u2019ensemble des Institutions du Syst\u00e8me des Nations Unies. Ce programme a \u00e9t\u00e9 valid\u00e9 par les autorit\u00e9s nationales au plus haut niveau. Il a fait l\u2019objet de pr\u00e9sentation aux pays partenaires aux Assembl\u00e9es G\u00e9n\u00e9rales des Nations Unies \u00e0 New York et de plusieurs plaidoyers tant en Guin\u00e9e que dans les pays partenaires notamment \u00e0 Bruxelles lors des Journ\u00e9es Europ\u00e9ennes de D\u00e9veloppement.<\/p>\n<p><strong><em>Monsieur le ministre\u00a0;<\/em><\/strong><\/p>\n<p><strong><em>Mesdames et Messieurs,<\/em><\/strong><\/p>\n<p>Ces 3 grandes \u00e9tapes ont permis au D\u00e9partement d\u2019avoir une vision et de d\u00e9finir un cap pour la r\u00e9alisation de ses missions dans le court, moyen et long terme.<\/p>\n<p>C\u2019est ainsi que conform\u00e9ment aux objectifs de la feuille de route, aux dol\u00e9ances et recommandations de la Consultations Nationale des Jeunes et aux activit\u00e9s et projets du Programme National d\u2019Insertion Socio\u00e9conomique des Jeunes, nous avons d\u00e9velopp\u00e9 jusqu\u2019\u00e0 ce jour de nombreuses initiatives au profit de la jeunesse guin\u00e9enne.<\/p>\n<p>Ces initiatives ont \u00e9t\u00e9 si diversifi\u00e9es qu\u2019il n\u2019est pas ais\u00e9 d\u2019en faire un inventaire exhaustif. Je me contenterai, dans le cadre de ce passage de t\u00e9moin, d\u2019en rappeler les grands points qui t\u00e9moignent du travail effectu\u00e9.<\/p>\n<p>Dans le domaine de la cr\u00e9ation d\u2019emplois directs par le recours aux travaux \u00e0 Haute Intensit\u00e9 de Main d\u2019\u0153uvre, l\u2019Agence Guin\u00e9enne d\u2019Ex\u00e9cution des Travaux d\u2019Int\u00e9r\u00eat Public pour l\u2019Emploi (AGETIPE) a initi\u00e9 un projet de pavage de 500.000 m\u00e8tres carr\u00e9s de chauss\u00e9es et de voiries urbaines. A date, ce projet a enregistr\u00e9 les r\u00e9sultats suivants\u00a0: 14.652 m\u00e8tres carr\u00e9s effectivement pav\u00e9s sur trois axes dans la commune de Kaloum (quartiers de Temin \u00e9taye, Tombo et Sans-fil) et un axe dans la commune de Matoto. Sur cette activit\u00e9, 2600 emplois directs temporaires ont \u00e9t\u00e9 cr\u00e9\u00e9s. Les jeunes employ\u00e9s, r\u00e9mun\u00e9r\u00e9s \u00e0 hauteur de 35.000 \u00e0 50.000 FG par jour, ont acquis des comp\u00e9tences dans le domaine de la fabrication et de la pose de pav\u00e9s. Avec les conseils et l\u2019accompagnement du Minist\u00e8re, il leur incombe de capitaliser ces exp\u00e9riences et de fructifier ces capitaux.<\/p>\n<p>Dans le domaine de l\u2019appui \u00e0 la cr\u00e9ation d\u2019entreprises, le projet DEMARRAGE, qui a \u00e9t\u00e9 lanc\u00e9 en 2016 a favoris\u00e9 le financement de 25 entreprises de jeunes, op\u00e9rationnelles \u00e0 ce jour, pour un cout global de plus de 6 milliards de nos francs. Ce projet vise la cr\u00e9ation de 300 emplois sur trois ans. Les r\u00e9sultats sont encourageants en d\u00e9pit des difficult\u00e9s de gestions des b\u00e9n\u00e9ficiaires. Avec le projet EJAG, une centaine de groupements de jeunes en milieu rural ont \u00e9t\u00e9 accompagn\u00e9s dans l\u2019augmentation de leur productivit\u00e9 agricole. Plus de 3000 personnes ont \u00e9t\u00e9 impact\u00e9es.\u00a0Nous avons mis \u00e0 disposition de ces groupements le mat\u00e9riel agricoles n\u00e9cessaire. Avec le projet V.I.S.E. \u00ab\u00a0VIVRE DE SON ENTREPRISE\u00a0\u00bb, ce sont 18 projets de jeunes entrepreneurs agricoles qui sont accompagn\u00e9s \u00e0 l\u2019int\u00e9rieur du pays.<\/p>\n<p>Dans le domaine de l\u2019am\u00e9lioration des comp\u00e9tences professionnelles des jeunes, le Gouvernement guin\u00e9en a initi\u00e9, un projet d\u00e9nomm\u00e9 \u00ab\u00a0booster les comp\u00e9tences pour l\u2019employabilit\u00e9 des jeunes\u00a0\u00bb (BoCEJ) domicili\u00e9 au sein du minist\u00e8re de la jeunesse et financ\u00e9 par une subvention de la Banque Mondiale. Apr\u00e8s de longs mois de maturation et de pr\u00e9paration des acteurs de mise en \u0153uvre, ce projet a connu une avanc\u00e9e significative en 2017. La premi\u00e8re et la plus importante composante, le fonds comp\u00e9titif, a retenu 17 sous projets dont six ont connu un financement d\u2019un montant de 21.792.000.000 GNF. La premi\u00e8re tranche de ce montant, \u00e0 hauteur de 8.717.000.000 GNF, est \u00e0 ce jour d\u00e9caiss\u00e9e par les institutions d\u2019enseignement professionnel et sup\u00e9rieur. Au titre de la composante 2, anim\u00e9e par l\u2019AGUIPE et le FONIJ, 30.000 jeunes sont aujourd\u2019hui inscrits \u00e0 l\u2019AGUIPE, 2600 \u00e9tant admis \u00e0 \u00eatre d\u00e9ploy\u00e9s en stage ou en formation. Dans le cadre du m\u00eame projet, volet l\u2019entrepreneuriat, 100 jeunes sont recrut\u00e9s et sont form\u00e9s et encadr\u00e9s sur une p\u00e9riode de 3 mois. Il me semble important d\u2019attirer votre attention, Mr le Ministre, il y a urgence \u00e0 am\u00e9liorer la gouvernance de cet important projet pour favoriser une implication effective, dans le processus de prise de d\u00e9cision et de gestion du projet, car vous aurez d\u00e9sormais la charge de pr\u00e9sider le Comit\u00e9 d\u2019Orientation Strat\u00e9gique du BoCEJ.<\/p>\n<p>Dans le domaine de la promotion des infrastructures de jeunesse, six des 14 maisons des jeunes pr\u00e9vues par le plan prioritaire du Minist\u00e8re \u00e0 Conakry sont aujourd\u2019hui achev\u00e9es et \u00e9quip\u00e9es et sont fonctionnelles. Par ailleurs, le projet de construction du Palais de la Jeunesse et de la Culture, dont nous avons parl\u00e9 il y a un an, a enregistr\u00e9 d\u2019importants d\u00e9veloppements\u00a0; \u00e0 ce jour, des \u00e9tudes de faisabilit\u00e9 et des \u00e9tudes architecturales sommaires sont termin\u00e9es. Le projet a fait l\u2019objet d\u2019examen et a \u00e9t\u00e9 retenu parmi les projets prioritaires du Gouvernement pour financement.<\/p>\n<p>Dans le domaine de la participation des jeunes \u00e0 la vie de la Nation et de l\u2019am\u00e9lioration de la gouvernance, le processus de mise en place du Conseil National des Jeunes de Guin\u00e9e (CNJ-Guin\u00e9e) est \u00e0 ce jour tr\u00e8s avanc\u00e9. A la suite de nombreuses missions d\u2019information, de formation et de sensibilisation dans toutes les pr\u00e9fectures de Guin\u00e9e, les textes juridiques de ce Conseil (Statuts, R\u00e8glement Int\u00e9rieur et Cadre des \u00e9lections) sont aujourd\u2019hui valid\u00e9s\u00a0et \u00e9dit\u00e9s ; les Comit\u00e9s charg\u00e9s d\u2019organiser ces \u00e9lections sont form\u00e9s dans toutes les pr\u00e9fectures et toutes les r\u00e9gions du pays. Les comit\u00e9s pour la ville de Conakry le seront prochainement et, apr\u00e8s la validation des listes d\u2019associations appel\u00e9es \u00e0 \u00eatre membres du CNJ, les \u00e9lections seront organis\u00e9es en toute transparence.<\/p>\n<p>Dans le domaine de la participation des jeunes au d\u00e9veloppement \u00e0 la base et de la promotion du volontariat jeunesse, le Minist\u00e8re de la Jeunesse a \u00e9t\u00e9 au c\u0153ur du dispositif de lutte contre Ebola. La mobilisation, dans le cadre du volontariat d\u2019urgence, de 20.000 jeunes qui ont \u00e9t\u00e9 form\u00e9s, d\u00e9ploy\u00e9s et suivis pour la lutte contre la maladie Ebola et les activit\u00e9s sociales d\u2019informations post \u00e9pid\u00e9mie sur toute l\u2019\u00e9tendue du territoire. Dans la m\u00eame dynamique de promotion du volontariat, nous avons fait adopter par l\u2019Assembl\u00e9e Nationale, le 30 mai 2015, la Loi portant institution et r\u00e8glementation du Volontariat National en R\u00e9publique de Guin\u00e9e\u00a0; ce qui fait de notre pays une r\u00e9f\u00e9rence dans ce domaine. Nous avons, par ailleurs, proc\u00e9d\u00e9 \u00e0 la formation de plus de 800 animateurs socio-\u00e9ducatifs et leur d\u00e9ploiement dans les maisons des jeunes et dans les espaces de dialogue interg\u00e9n\u00e9rationnels. L\u2019objectif \u00e9tant, \u00e0 terme, la mise en place d\u2019un corps sp\u00e9cialis\u00e9s d\u2019animateurs socio\u00e9ducatifs ayant pour mission d\u2019animer les maisons des jeunes et prendre part aux projets d\u2019information et de sensibilisations des jeunes. La mise en place du U-Report, une plateforme de dialogue et de remont\u00e9e, en temps r\u00e9el, d\u2019informations sur la vie des populations dans tous les domaines, en particulier dans le domaine de la sant\u00e9, pour pr\u00e9venir et anticiper toute nouvelle menace sanitaire. Dans la m\u00eame logique, un projet de pr\u00e9vention sanitaire est en cours de mise en \u0153uvre. Le d\u00e9partement a, avec l\u2019appui du PNUD, form\u00e9 et d\u00e9ploy\u00e9 50 jeunes dans 50 sous-pr\u00e9fectures et 11 pr\u00e9fectures du pays pour une p\u00e9riode de 20 mois. Cette cohorte de jeunes volontaires appuie, jusqu\u2019au 31 d\u00e9cembre 2018, ces collectivit\u00e9s dans de nombreux secteurs d\u2019activit\u00e9s\u00a0: \u00e9ducation, sant\u00e9, animation socio\u00e9ducative, agriculture.<\/p>\n<p>Par ailleurs, le minist\u00e8re de la jeunesse a lanc\u00e9 le processus de mise en place de l\u2019Observatoire National de la Jeunesse comme instrument d\u2019aide \u00e0 la d\u00e9cision et \u00e0 l\u2019insertion des jeunes.<\/p>\n<p>Dans le cadre de la Pr\u00e9sidence Guin\u00e9enne de l\u2019Union Africaine sous le th\u00e8me \u00ab\u00a0tirer pleinement profit du dividende d\u00e9mographique en investissant sur les jeunes\u00a0\u00bb, nous avons accueilli sous l\u2019\u00e9gide de l\u2019UNFPA, le lancement du Rapport sur l\u2019\u00e9tat de la population Mondiale. Nous avons proc\u00e9d\u00e9 \u00e0 la validation du Profil Pays de la Guin\u00e9e. La Guin\u00e9e a \u00e9galement pris part aux diff\u00e9rentes activit\u00e9s pr\u00e9vues dans la feuille de route de l\u2019Union Africaine notamment les rencontres africaines et internationales sur la th\u00e9matique du dividende d\u00e9mographique.<\/p>\n<p>Il convient aussi de relever l\u2019active participation du Minist\u00e8re de la Jeunesse dans l\u2019av\u00e8nement de l\u2019important projet INTEGRA, initi\u00e9 dans le cadre de la lutte contre la migration clandestine. Ce projet est effectif gr\u00e2ce, entre autres, au Programme National d\u2019Insertion Socio\u00e9conomique des Jeunes \u00e9voqu\u00e9 ci-dessus. Il est financ\u00e9 par le Fonds Fiduciaire d\u2019Urgence mis en place par l\u2019Union Europ\u00e9enne \u00e0 hauteur de 65 Millions d\u2019euros. Ce programme contribuera \u00e0 la pr\u00e9vention et \u00e0 la limitation de la migration irr\u00e9guli\u00e8re en soutenant le d\u00e9veloppement \u00e9conomique de la Guin\u00e9e pour favoriser l\u2019insertion socio-professionnelle des jeunes guin\u00e9ens et la r\u00e9int\u00e9gration des migrants de retour. Essentiellement, il permettra de promouvoir des opportunit\u00e9s \u00e9conomiques et des emplois durables \u00e0 destination des jeunes\u00a0; d\u2019am\u00e9liorer l\u2019employabilit\u00e9 des jeunes gr\u00e2ce \u00e0 la formation professionnelle ou de courte dur\u00e9e\u00a0; de soutenir le d\u00e9veloppement et le financement des entreprises et coop\u00e9ratives avec un potentiel entrepreneurial durable. Il sera ex\u00e9cut\u00e9 dans les r\u00e9gions de la Basse Guin\u00e9e (Conakry, Kindia, For\u00e9cariah et Bok\u00e9), de la Moyenne Guin\u00e9e (Mamou, Dalaba, Pita, Lab\u00e9), de la Haute Guin\u00e9e (Kankan, Siguiri, Mandiana) et de la Guin\u00e9e Foresti\u00e8re (Kissidougou et Nz\u00e9r\u00e9kor\u00e9).<\/p>\n<p>Dans le domaine institutionnel, nous avons dot\u00e9 le Minist\u00e8re d\u2019outils de communication innovants qui ont \u00e9t\u00e9 plusieurs fois cit\u00e9s en exemple et qui ont permis d\u2019informer, d\u2019\u00e9changer et de communiquer avec la jeunesse guin\u00e9enne.<\/p>\n<p>Bien d\u2019autres projets phares et l\u2019ensemble des projets initi\u00e9s et r\u00e9alis\u00e9s vous seront pr\u00e9sent\u00e9s par vos nouveaux collaborateurs.<\/p>\n<p><strong><em>Monsieur le ministre\u00a0;<\/em><\/strong><\/p>\n<p>Permettez-moi de rappeler l\u2019important poids d\u00e9mographique de la jeunesse guin\u00e9enne. Dans notre pays, l\u2019\u00e2ge moyen est de 18 ans. C\u2019est-\u00e0-dire qu\u2019un guin\u00e9en sur trois a 18 ans. Nous avons une population qui accroit et qui sera de plus en plus jeune. Les risques auxquels sont expos\u00e9s nos jeunes sont n\u00e9fastes pour notre pays et les attentes des jeunes \u00e0 l\u2019\u00e9gard de leurs gouvernants sont immenses et permanentes. Le Minist\u00e8re de la Jeunesse est au c\u0153ur de toutes les sollicitations\u00a0; non sans difficult\u00e9s.<\/p>\n<p>D\u2019une fa\u00e7on g\u00e9n\u00e9rale, l\u2019une des difficult\u00e9s auxquelles nous avons \u00e9t\u00e9 confront\u00e9s et que je ne souhaite pas \u00e0 votre administration, a \u00e9t\u00e9 la faiblesse des ressources financi\u00e8res mises \u00e0 la disposition du D\u00e9partement. En effet, le budget du d\u00e9partement a \u00e9t\u00e9 loin des ambitions et de la vision que nous faisons tous, des enjeux et des probl\u00e9matiques de jeunesse. Pour illustrer cet \u00e9tat de chose, l\u2019un de nos regrets demeure la faiblesse de ressources dans le cadre de la construction et la r\u00e9novation des maisons des jeunes. Ce dossier \u00e9tait inscrit en bonne place dans la Lettre de mission de Mr le Premier Ministre, mais n\u2019a pu connaitre une mise en \u0153uvre coh\u00e9rente, faute de moyens financiers.<\/p>\n<p><strong><em>Monsieur le ministre\u00a0;<\/em><\/strong><\/p>\n<p>Vous n\u2019\u00eates pas un novice dans la gestion de la chose publique encore moins de la gouvernance minist\u00e9rielle. Je n\u2019ai pas de conseil \u00e0 vous donner. N\u00e9anmoins, je voudrais partager mon ressenti personnel avec vous sur la particularit\u00e9 de ce Minist\u00e8re. D\u2019abord, dans la conscience collective de bon nombre de jeunes, vous \u00eates le Ministre qui doit cr\u00e9er de l\u2019emploi \u00e0 chaque jeune guin\u00e9en. Vous \u00eates celui qui va chercher de l\u2019emploi pour chaque jeune guin\u00e9en. Vous \u00eates celui qui va trouver de l\u2019emploi pour chaque jeune guin\u00e9en\u00a0; surtout que l\u2019Emploi des Jeunes est revenu dans ce D\u00e9partement\u00a0!\u00a0N\u2019h\u00e9sitez donc pas \u00e0 rappeler et \u00e0 faire de la p\u00e9dagogie sur les missions effectives et le r\u00f4le du Minist\u00e8re de la Jeunesse\u00a0qui est de cr\u00e9er et de favoriser les conditions ad\u00e9quates pour l\u2019\u00e9panouissement socio\u00e9ducatif de la jeunesse, d\u2019encourager, de soutenir et d\u2019accompagner l\u2019insertion socio\u00e9conomique des jeunes.<\/p>\n<p>Ensuite, de mon passage \u00e0 la t\u00eate de ce D\u00e9partement, je retiens clairement et d\u00e9finitivement que l\u2019insertion socio\u00e9conomique des jeunes \u2013 car in fine, c\u2019est de cela qu\u2019il s\u2019agit \u2013 doit \u00eatre comprise comme un axe majeur du d\u00e9veloppement de notre pays et, \u00e0 ce titre, prise en compte dans tous les projets et programmes de d\u00e9veloppement national. Cela suppose la mise en place d\u2019une synergie entre la diversit\u00e9 des acteurs sur une question qui est, par essence, transversale. Je voudrais insister sur le fait que les enjeux li\u00e9s \u00e0 la jeunesse sont transversaux. R\u00e9duire la probl\u00e9matique de la jeunesse au seul ministre en charge serait une faute \u00e0 la fois politique humaine et surtout de vision de d\u00e9veloppement socio\u00e9conomique d\u2019une Nation, de notre pays. Nous sommes d\u2019autant plus condamn\u00e9s \u00e0 agir et \u00e0 trouver\u00a0; \u00e0 tout instant, des solutions aux nombreuses probl\u00e9matiques que le drame humain de la migration clandestine vient nous rappeler toute la responsabilit\u00e9 et la lourde t\u00e2che qui incombe \u00e0 tort ou \u00e0 raison au seul Ministre en charge de la jeunesse. A vous de rappeler cet imp\u00e9ratif de transversalit\u00e9 \u00e0 chaque occasion et d\u2019y travailler avec l\u2019ensemble du Gouvernement. En tout cas, je resterai \u00e0 vos c\u00f4t\u00e9s.<\/p>\n<p>Enfin, je voudrais vous dire que vous avez d\u00e9j\u00e0 un outil de base. C\u2019est le Programme National d\u2019Insertion Socio\u00e9conomique des Jeunes.\u00a0 L\u2019ex\u00e9cution de ce programme con\u00e7u\u00a0dans une vision \u00e0 moyen et long terme en se basant \u00e9galement sur les dol\u00e9ances des jeunes, peut-\u00eatre la lueur d\u2019espoir pour la jeunesse guin\u00e9enne car elle synth\u00e9tise les approches de solution que nous devons impl\u00e9ment\u00e9es. C\u2019est un cadre op\u00e9rationnel de la Politique Nationale d\u2019Insertion Socio\u00e9conomique des Jeunes inscrit dans le PNDES. Je vous demande donc de poursuivre le plaidoyer pour le reste de son financement.<\/p>\n<p>Je voudrais avant de finir, remercier nos partenaires techniques et financiers qui nous accompagnent depuis l\u2019\u00e9laboration de la feuille de route en 2014 jusqu\u2019\u00e0 la derni\u00e8re r\u00e9union sur le projet INTEGRA, le 16 Mai 2018.\u00a0 Je veux citer l\u2019UNICEF, l\u2019OIM, l\u2019UNFPA et l\u2019ensemble du Syst\u00e8me des Nations Unies. Je veux citer la Banque mondiale, les coop\u00e9rations bilat\u00e9rales \u00e0 travers les ambassades de France, de la Chine, du Japon, des Etats-Unis, l\u2019Union Europ\u00e9enne, de l\u2019Allemagne, de la Turquie, la BAD. Je veux citer \u00e9galement toutes les Associations et Structures de jeunes et les organisations de la soci\u00e9t\u00e9 civile qui ont \u0153uvr\u00e9 qui, pour des formations en entreprenariat, qui pour de la sensibilisation. J\u2019en oublie certainement. Je les remercie de leur confiance dans les projets et programme du Minist\u00e8re de la Jeunesse. En effet, tout au long de ces 4 ann\u00e9es, ils ont tous confirm\u00e9 la question de la jeunesse comme l\u2019une de leurs priorit\u00e9s et ont exprim\u00e9 et concr\u00e9tis\u00e9 leur volont\u00e9 d\u2019accompagner, sans conditions, la mise en \u0153uvre des projets et activit\u00e9s en fonction de leurs mandats respectifs.<\/p>\n<p>Je voudrais remercier sp\u00e9cialement le Programme des Nations Unies pour le D\u00e9veloppement (PNUD) avec qui, nous avons sign\u00e9 un Document d\u2019Appui Programme 2014\/2015 qui a \u00e9t\u00e9 le fer de lance de la dynamique enclench\u00e9e dans ce D\u00e9partement.<\/p>\n<p>Je veux aussi remercier les hommes et femmes des m\u00e9dias qui ont \u0153uvr\u00e9 \u00e0 instaurer la dynamique actuelle et accompagner le Minist\u00e8re dans sa communication.<\/p>\n<p>Chers partenaires, Chers amis, je vous prie de continuer d\u2019accompagner la nouvelle \u00e9quipe.<\/p>\n<p>J\u2019invite les cadres \u00e0 apporter \u00e0 mon fr\u00e8re Mouctar Diallo, l\u2019assistance et la disponibilit\u00e9 qu\u2019ils ont eues pour moi. Je les prie de continuer \u00e0 poser les actes patriotiques qu\u2019ils ont pos\u00e9s tout le temps de mon s\u00e9jour dans ce d\u00e9partement et que la dynamique mise en route et l\u2019espoir d\u00e9clench\u00e9 au sein de la jeunesse guin\u00e9enne puissent s\u2019enraciner et se concr\u00e9tiser davantage. Quant \u00e0 moi, je resterai toujours engag\u00e9 sur les questions et probl\u00e9matiques de jeunesse m\u00eame loin de ce D\u00e9partement.<\/p>\n<p>Je profite de ces moments pour adresser \u00e0 l\u2019ensemble des travailleurs mes remerciements pour tout ce qu\u2019ils m\u2019ont apport\u00e9. Je leur adresse humblement mes sinc\u00e8res excuses pour toutes els fois que j\u2019ai bless\u00e9 quelqu\u2019un ou fait du mal, d\u2019une fa\u00e7on ou d\u2019une autre. Croyez bien qu\u2019il n\u2019a jamais \u00e9t\u00e9 dans mon intention de faire du mal \u00e0 qui que ce soit. J\u2019ai \u00e9galement appris \u00e0 vos c\u00f4t\u00e9s, des vigiles aux chauffeurs.<\/p>\n<p>Pour terminer mon propos, je souhaite remercier encore une fois, Monsieur le Pr\u00e9sident de la R\u00e9publique, le Chef de l\u2019Etat, le Pr Alpha CONDE qui m\u2019a donn\u00e9 l\u2019occasion de g\u00e9rer, sous sa clairvoyante, un domaine prioritaire de son mandat que sont les probl\u00e9matiques de jeunesse.<\/p>\n<p>Je souhaite plein succ\u00e8s \u00e0 mon fr\u00e8re Mouctar Diallo dans l\u2019ex\u00e9cution de sa mission.<\/p>\n<p>Vive la jeunesse guin\u00e9enne\u00a0!<\/p>\n<p>Je vous remercie\u00a0!<\/p>\n","protected":false},"excerpt":{"rendered":"<p>Apr\u00e8s plusieurs ann\u00e9es pass\u00e9es \u00e0 la t\u00eate du minist\u00e8re de la jeunesse, Moustapha Nait\u00e9, le d\u00e9sormais ministre des travaux publics a profit\u00e9 de la passation de service entre Mouctar Diallo et lui pour faire son bilan. Ci-dessous son discours int\u00e9gral: Monsieur le Ministre, Cher Mouctar ; Monsieur le Secr\u00e9taire G\u00e9n\u00e9ral Adjoint, Mesdames et Messieurs les [&hellip;]<\/p>\n","protected":false},"author":2,"featured_media":3566,"comment_status":"open","ping_status":"open","sticky":false,"template":"","format":"standard","meta":{"footnotes":""},"categories":[2],"tags":[],"class_list":["post-3565","post","type-post","status-publish","format-standard","has-post-thumbnail","hentry","category-actualites"],"_links":{"self":[{"href":"http:\/\/www.friaguinee.net\/index.php\/wp-json\/wp\/v2\/posts\/3565","targetHints":{"allow":["GET"]}}],"collection":[{"href":"http:\/\/www.friaguinee.net\/index.php\/wp-json\/wp\/v2\/posts"}],"about":[{"href":"http:\/\/www.friaguinee.net\/index.php\/wp-json\/wp\/v2\/types\/post"}],"author":[{"embeddable":true,"href":"http:\/\/www.friaguinee.net\/index.php\/wp-json\/wp\/v2\/users\/2"}],"replies":[{"embeddable":true,"href":"http:\/\/www.friaguinee.net\/index.php\/wp-json\/wp\/v2\/comments?post=3565"}],"version-history":[{"count":1,"href":"http:\/\/www.friaguinee.net\/index.php\/wp-json\/wp\/v2\/posts\/3565\/revisions"}],"predecessor-version":[{"id":3567,"href":"http:\/\/www.friaguinee.net\/index.php\/wp-json\/wp\/v2\/posts\/3565\/revisions\/3567"}],"wp:featuredmedia":[{"embeddable":true,"href":"http:\/\/www.friaguinee.net\/index.php\/wp-json\/wp\/v2\/media\/3566"}],"wp:attachment":[{"href":"http:\/\/www.friaguinee.net\/index.php\/wp-json\/wp\/v2\/media?parent=3565"}],"wp:term":[{"taxonomy":"category","embeddable":true,"href":"http:\/\/www.friaguinee.net\/index.php\/wp-json\/wp\/v2\/categories?post=3565"},{"taxonomy":"post_tag","embeddable":true,"href":"http:\/\/www.friaguinee.net\/index.php\/wp-json\/wp\/v2\/tags?post=3565"}],"curies":[{"name":"wp","href":"https:\/\/api.w.org\/{rel}","templated":true}]}}