{"id":35174,"date":"2021-06-17T07:51:55","date_gmt":"2021-06-17T07:51:55","guid":{"rendered":"http:\/\/www.friaguinee.net\/?p=35174"},"modified":"2021-06-17T07:51:56","modified_gmt":"2021-06-17T07:51:56","slug":"guinee-education-loif-choisie-pour-former-les-enseignants","status":"publish","type":"post","link":"http:\/\/www.friaguinee.net\/index.php\/2021\/06\/17\/guinee-education-loif-choisie-pour-former-les-enseignants\/","title":{"rendered":"Guin\u00e9e\/Education :  l\u2019OIF choisie pour former les enseignants"},"content":{"rendered":"\n<p>Evoqu\u00e9 en Guin\u00e9e depuis 2018, le programme de formation des formateurs de l\u2019OIF ne commencera \u00e0 \u00eatre d\u00e9ploy\u00e9 dans le pays qu\u2019\u00e0 partir de septembre prochain. A travers ces formations, la Guin\u00e9e esp\u00e8re rehausser son syst\u00e8me \u00e9ducatif domin\u00e9 par des enseignants sans formation initiale.<\/p>\n\n\n\n<p>La Guin\u00e9e a adh\u00e9r\u00e9 \u00e0 l&rsquo;initiative \u00ab&nbsp;Francophonie pour la formation \u00e0 distance des ma\u00eetres (IFADEM)&nbsp;\u00bb pilot\u00e9e par l&rsquo;Organisation internationale de la Francophonie (OIF).<\/p>\n\n\n\n<p>Con\u00e7u pour le renforcement des comp\u00e9tences des enseignants et des encadreurs, le programme permettra \u00e0 la Guin\u00e9e de moderniser son syst\u00e8me \u00e9ducatif. Un objectif en droite ligne avec les ambitions du pays.<\/p>\n\n\n\n<p>D&rsquo;apr\u00e8s le ministre de l&rsquo;Education nationale et de l&rsquo;Alphab\u00e9tisation, Bano Barry (photo),&nbsp;<em>\u00ab&nbsp;l\u2019am\u00e9lioration, la qualification acad\u00e9mique et professionnelle des enseignants en faveur d\u2019un enseignement de qualit\u00e9 bas\u00e9 sur l\u2019excellence constituent les priorit\u00e9s du d\u00e9partement qu\u2019il dirige&nbsp;\u00bb.&nbsp;<\/em><\/p>\n\n\n\n<p>La mise en \u0153uvre de l&rsquo;IFADEM dans le pays a \u00e9t\u00e9 d\u00e9battue lors d\u2019un atelier initi\u00e9 par le minist\u00e8re de l&rsquo;Education nationale, qui s\u2019est achev\u00e9 le 11 juin. Il s\u2019agissait au cours de la rencontre d\u2019\u00e9tablir un diagnostic en termes de besoins et des opportunit\u00e9s, afin de mettre en place un dispositif de formation continue et \u00e0 distance qui prendra en charge l\u2019ensemble des probl\u00e8mes du syst\u00e8me \u00e9ducatif guin\u00e9en.<\/p>\n\n\n\n<p>En effet, le pays conna\u00eet un d\u00e9ficit d\u2019enseignants qualifi\u00e9s. Pour combler ce d\u00e9ficit plus prononc\u00e9 en zone rurale, le gouvernement a fait appel \u00e0&nbsp;des dipl\u00f4m\u00e9s universitaires sans formation dans le domaine de l&rsquo;enseignement. C\u2019est la raison pour laquelle le programme sera ax\u00e9 premi\u00e8rement sur les enseignants qui n\u2019ont jamais b\u00e9n\u00e9fici\u00e9 de formation initiale.<\/p>\n\n\n\n<p>Notons que c\u2019est en 2018 que le pr\u00e9sident Alpha Cond\u00e9 avait \u00e9voqu\u00e9 pour la premi\u00e8re fois la mise en place de ce programme&nbsp;en Guin\u00e9e. Les formations d\u00e9buteront au mois de septembre et continueront jusqu\u2019en 2023.<\/p>\n\n\n\n<p>La Guin\u00e9e est le 16<sup>e<\/sup>\u00a0pays francophone \u00e0 avoir recours \u00e0 l\u2019OIF.<\/p>\n\n\n\n<p>AEF<\/p>\n","protected":false},"excerpt":{"rendered":"<p>Evoqu\u00e9 en Guin\u00e9e depuis 2018, le programme de formation des formateurs de l\u2019OIF ne commencera \u00e0 \u00eatre d\u00e9ploy\u00e9 dans le pays qu\u2019\u00e0 partir de septembre prochain. A travers ces formations, la Guin\u00e9e esp\u00e8re rehausser son syst\u00e8me \u00e9ducatif domin\u00e9 par des enseignants sans formation initiale. La Guin\u00e9e a adh\u00e9r\u00e9 \u00e0 l&rsquo;initiative \u00ab&nbsp;Francophonie pour la formation \u00e0 [&hellip;]<\/p>\n","protected":false},"author":2,"featured_media":35175,"comment_status":"open","ping_status":"open","sticky":false,"template":"","format":"standard","meta":{"footnotes":""},"categories":[1],"tags":[4282,47,219,194,148,1629,2060],"class_list":["post-35174","post","type-post","status-publish","format-standard","has-post-thumbnail","hentry","category-non-classe","tag-bano-barry","tag-education","tag-enseignants","tag-formation","tag-guinee","tag-mena","tag-oif"],"_links":{"self":[{"href":"http:\/\/www.friaguinee.net\/index.php\/wp-json\/wp\/v2\/posts\/35174","targetHints":{"allow":["GET"]}}],"collection":[{"href":"http:\/\/www.friaguinee.net\/index.php\/wp-json\/wp\/v2\/posts"}],"about":[{"href":"http:\/\/www.friaguinee.net\/index.php\/wp-json\/wp\/v2\/types\/post"}],"author":[{"embeddable":true,"href":"http:\/\/www.friaguinee.net\/index.php\/wp-json\/wp\/v2\/users\/2"}],"replies":[{"embeddable":true,"href":"http:\/\/www.friaguinee.net\/index.php\/wp-json\/wp\/v2\/comments?post=35174"}],"version-history":[{"count":1,"href":"http:\/\/www.friaguinee.net\/index.php\/wp-json\/wp\/v2\/posts\/35174\/revisions"}],"predecessor-version":[{"id":35176,"href":"http:\/\/www.friaguinee.net\/index.php\/wp-json\/wp\/v2\/posts\/35174\/revisions\/35176"}],"wp:featuredmedia":[{"embeddable":true,"href":"http:\/\/www.friaguinee.net\/index.php\/wp-json\/wp\/v2\/media\/35175"}],"wp:attachment":[{"href":"http:\/\/www.friaguinee.net\/index.php\/wp-json\/wp\/v2\/media?parent=35174"}],"wp:term":[{"taxonomy":"category","embeddable":true,"href":"http:\/\/www.friaguinee.net\/index.php\/wp-json\/wp\/v2\/categories?post=35174"},{"taxonomy":"post_tag","embeddable":true,"href":"http:\/\/www.friaguinee.net\/index.php\/wp-json\/wp\/v2\/tags?post=35174"}],"curies":[{"name":"wp","href":"https:\/\/api.w.org\/{rel}","templated":true}]}}